{"id":88897,"date":"2024-09-15T22:03:19","date_gmt":"2024-09-16T04:03:19","guid":{"rendered":"https:\/\/elmetropolitano.com.gt\/es\/?p=88897"},"modified":"2024-09-15T22:03:20","modified_gmt":"2024-09-16T04:03:20","slug":"guatemala-brilla-alrededor-del-mundo-en-sus-203-anos-de-independencia","status":"publish","type":"post","link":"https:\/\/elmetropolitano.com.gt\/es\/guatemala-brilla-alrededor-del-mundo-en-sus-203-anos-de-independencia\/","title":{"rendered":"Guatemala brilla alrededor del mundo en sus 203 a\u00f1os de independencia"},"content":{"rendered":"\n<p>Varios pa\u00edses felicitaron a Guatemala de forma especial, colocando la bandera guatemalteca en lugares emblem\u00e1ticos.<\/p>\n\n\n\n<p>Uno de ellos fue India, que se sum\u00f3 a las felicitaciones proyectando la bandera de Guatemala en el emblem\u00e1tico Qutub Minar de Nueva Delhi, India, el alminar de ladrillos m\u00e1s alto del mundo y Patrimonio de la Humanidad declarado por la Unesco.<\/p><div class=\"elmet-contenido\" id=\"elmet-1941127417\"><div class=\"elmet-adlabel\">Anuncios<\/div><div style=\"margin-top: 20px;margin-right: 20px;margin-bottom: 20px;margin-left: 20px;\" id=\"elmet-3399850870\"><a href=\"https:\/\/www.facebook.com\/arrincuanantigua\/\" aria-label=\"cintillo-arrin-cual\"><img loading=\"lazy\" decoding=\"async\" src=\"https:\/\/elmetropolitano.com.gt\/es\/wp-content\/uploads\/2021\/11\/cintillo-arrin-cual-1.jpg\" alt=\"\"  srcset=\"https:\/\/elmetropolitano.com.gt\/es\/wp-content\/uploads\/2021\/11\/cintillo-arrin-cual-1.jpg 750w, https:\/\/elmetropolitano.com.gt\/es\/wp-content\/uploads\/2021\/11\/cintillo-arrin-cual-1-300x36.jpg 300w, https:\/\/elmetropolitano.com.gt\/es\/wp-content\/uploads\/2021\/11\/cintillo-arrin-cual-1-600x72.jpg 600w\" sizes=\"(max-width: 750px) 100vw, 750px\" width=\"750\" height=\"90\"   \/><\/a><\/div><\/div>\n\n\n\n<p>De <a><\/a>igual forma, Indonesia rindi\u00f3 homenaje a Guatemala iluminando el Monumento a la Liberaci\u00f3n de Irian Occidental con azul y blanco. Esto se logr\u00f3 gracias a la coordinaci\u00f3n del Gobierno Provincial de la ciudad de Yakarta, capital de ese pa\u00eds.<\/p>\n\n\n\n<p>Qatar tambi\u00e9n ilumin\u00f3 tres de sus edificios m\u00e1s ic\u00f3nicos en Doha con los colores guatemaltecos.<\/p>\n\n\n\n<p>Un saludo a los pa\u00edses centroamericanos<\/p>\n\n\n\n<p>En Ecuador tambi\u00e9n brill\u00f3 la bandera de Guatemala junto a los dem\u00e1s pa\u00edses centroamericanos.<\/p>\n\n\n\n<p>El Gobierno de Ecuador ilumin\u00f3 el Monumento a la Mitad del Mundo con los colores de los pa\u00edses que hoy celebran su independencia<\/p>\n\n\n\n<p>Texto: Yuliza Mu\u00f1oz<\/p>\n","protected":false},"excerpt":{"rendered":"<p>Varios pa\u00edses felicitaron a Guatemala de forma especial, colocando la bandera guatemalteca en lugares emblem\u00e1ticos. Uno de ellos fue India, que se sum\u00f3 a las felicitaciones proyectando la bandera de Guatemala en el emblem\u00e1tico Qutub Minar de Nueva Delhi, India, el alminar de ladrillos m\u00e1s alto del mundo y Patrimonio de la Humanidad declarado por <a class=\"read-more\" href=\"https:\/\/elmetropolitano.com.gt\/es\/guatemala-brilla-alrededor-del-mundo-en-sus-203-anos-de-independencia\/\">Leer m\u00e1s<\/a><\/p>\n","protected":false},"author":1,"featured_media":88898,"comment_status":"open","ping_status":"closed","sticky":false,"template":"","format":"standard","meta":{"footnotes":""},"categories":[2],"tags":[12],"class_list":["post-88897","post","type-post","status-publish","format-standard","has-post-thumbnail","hentry","category-nacionales","tag-nacionales"],"_links":{"self":[{"href":"https:\/\/elmetropolitano.com.gt\/es\/wp-json\/wp\/v2\/posts\/88897","targetHints":{"allow":["GET"]}}],"collection":[{"href":"https:\/\/elmetropolitano.com.gt\/es\/wp-json\/wp\/v2\/posts"}],"about":[{"href":"https:\/\/elmetropolitano.com.gt\/es\/wp-json\/wp\/v2\/types\/post"}],"author":[{"embeddable":true,"href":"https:\/\/elmetropolitano.com.gt\/es\/wp-json\/wp\/v2\/users\/1"}],"replies":[{"embeddable":true,"href":"https:\/\/elmetropolitano.com.gt\/es\/wp-json\/wp\/v2\/comments?post=88897"}],"version-history":[{"count":1,"href":"https:\/\/elmetropolitano.com.gt\/es\/wp-json\/wp\/v2\/posts\/88897\/revisions"}],"predecessor-version":[{"id":88899,"href":"https:\/\/elmetropolitano.com.gt\/es\/wp-json\/wp\/v2\/posts\/88897\/revisions\/88899"}],"wp:featuredmedia":[{"embeddable":true,"href":"https:\/\/elmetropolitano.com.gt\/es\/wp-json\/wp\/v2\/media\/88898"}],"wp:attachment":[{"href":"https:\/\/elmetropolitano.com.gt\/es\/wp-json\/wp\/v2\/media?parent=88897"}],"wp:term":[{"taxonomy":"category","embeddable":true,"href":"https:\/\/elmetropolitano.com.gt\/es\/wp-json\/wp\/v2\/categories?post=88897"},{"taxonomy":"post_tag","embeddable":true,"href":"https:\/\/elmetropolitano.com.gt\/es\/wp-json\/wp\/v2\/tags?post=88897"}],"curies":[{"name":"wp","href":"https:\/\/api.w.org\/{rel}","templated":true}]}}