{"id":88900,"date":"2024-09-15T22:05:03","date_gmt":"2024-09-16T04:05:03","guid":{"rendered":"https:\/\/elmetropolitano.com.gt\/es\/?p=88900"},"modified":"2024-09-15T22:05:04","modified_gmt":"2024-09-16T04:05:04","slug":"antigua-celebra-a-la-patria","status":"publish","type":"post","link":"https:\/\/elmetropolitano.com.gt\/es\/antigua-celebra-a-la-patria\/","title":{"rendered":"Antigua Celebra a La Patria"},"content":{"rendered":"\n<p>Este domingo, las calles empedradas de La Antigua Guatemala se llenaron de vida y colores en conmemoraci\u00f3n de los 203 a\u00f1os de nuestra independencia Patria.<\/p>\n\n\n\n<p>El desfile que cont\u00f3 con la participaci\u00f3n del jefe del ayuntamiento Juan Manuel Asturias recorri\u00f3 parte de la ciudad colonial record\u00e1ndonos la grandeza de nuestra historia y el amor por nuestra tierra.<\/p><div class=\"elmet-contenido\" id=\"elmet-3325000752\"><div class=\"elmet-adlabel\">Anuncios<\/div><div style=\"margin-top: 20px;margin-right: 20px;margin-bottom: 20px;margin-left: 20px;\" id=\"elmet-2900113156\"><a href=\"https:\/\/www.facebook.com\/arrincuanantigua\/\" aria-label=\"cintillo-arrin-cual\"><img loading=\"lazy\" decoding=\"async\" src=\"https:\/\/elmetropolitano.com.gt\/es\/wp-content\/uploads\/2021\/11\/cintillo-arrin-cual-1.jpg\" alt=\"\"  srcset=\"https:\/\/elmetropolitano.com.gt\/es\/wp-content\/uploads\/2021\/11\/cintillo-arrin-cual-1.jpg 750w, https:\/\/elmetropolitano.com.gt\/es\/wp-content\/uploads\/2021\/11\/cintillo-arrin-cual-1-300x36.jpg 300w, https:\/\/elmetropolitano.com.gt\/es\/wp-content\/uploads\/2021\/11\/cintillo-arrin-cual-1-600x72.jpg 600w\" sizes=\"(max-width: 750px) 100vw, 750px\" width=\"750\" height=\"90\"   \/><\/a><\/div><\/div>\n\n\n\n<p>Con <a><\/a>cada paso, con cada nota de las bandas y con cada bandera ondeante, celebramos lo que somos: una naci\u00f3n fuerte, diversa y llena de esperanza.<\/p>\n\n\n\n<p><a href=\"https:\/\/www.facebook.com\/hashtag\/fiestaspatrias?__eep__=6&amp;__cft__[0]=AZVnoPDXhIFVikzbLb9E7TNuEODTlno44jwGtkGMKIkScZ8-MhKGcQY5FLMX1-NFK2yQ2gF_bSJhP9uIdYd7xgUDi9tQMyKVNzfkzXSGMvbKDRQuhQDFotM6JmnYUohvOKZAnKEo29v48yo3nYAA--3fJuJ4iKg2VpOHZwd8ghwueDCFSr-1WOtgVM31sj0Y7ejzN6ihTiUX5XTN46eRcTeW&amp;__tn__=*NK-R\">#FiestasPatrias<\/a><a href=\"https:\/\/www.facebook.com\/hashtag\/metroredes?__eep__=6&amp;__cft__[0]=AZVnoPDXhIFVikzbLb9E7TNuEODTlno44jwGtkGMKIkScZ8-MhKGcQY5FLMX1-NFK2yQ2gF_bSJhP9uIdYd7xgUDi9tQMyKVNzfkzXSGMvbKDRQuhQDFotM6JmnYUohvOKZAnKEo29v48yo3nYAA--3fJuJ4iKg2VpOHZwd8ghwueDCFSr-1WOtgVM31sj0Y7ejzN6ihTiUX5XTN46eRcTeW&amp;__tn__=*NK-R\">#Metroredes<\/a><a href=\"https:\/\/www.facebook.com\/hashtag\/203a%C3%B1osdeindependencia?__eep__=6&amp;__cft__[0]=AZVnoPDXhIFVikzbLb9E7TNuEODTlno44jwGtkGMKIkScZ8-MhKGcQY5FLMX1-NFK2yQ2gF_bSJhP9uIdYd7xgUDi9tQMyKVNzfkzXSGMvbKDRQuhQDFotM6JmnYUohvOKZAnKEo29v48yo3nYAA--3fJuJ4iKg2VpOHZwd8ghwueDCFSr-1WOtgVM31sj0Y7ejzN6ihTiUX5XTN46eRcTeW&amp;__tn__=*NK-R\">#203A\u00f1osDeIndependencia<\/a><a href=\"https:\/\/www.facebook.com\/hashtag\/laantiguaguatemala?__eep__=6&amp;__cft__[0]=AZVnoPDXhIFVikzbLb9E7TNuEODTlno44jwGtkGMKIkScZ8-MhKGcQY5FLMX1-NFK2yQ2gF_bSJhP9uIdYd7xgUDi9tQMyKVNzfkzXSGMvbKDRQuhQDFotM6JmnYUohvOKZAnKEo29v48yo3nYAA--3fJuJ4iKg2VpOHZwd8ghwueDCFSr-1WOtgVM31sj0Y7ejzN6ihTiUX5XTN46eRcTeW&amp;__tn__=*NK-R\">#LaAntiguaGuatemala<\/a><a href=\"https:\/\/www.facebook.com\/hashtag\/ayuntamientoantigua?__eep__=6&amp;__cft__[0]=AZVnoPDXhIFVikzbLb9E7TNuEODTlno44jwGtkGMKIkScZ8-MhKGcQY5FLMX1-NFK2yQ2gF_bSJhP9uIdYd7xgUDi9tQMyKVNzfkzXSGMvbKDRQuhQDFotM6JmnYUohvOKZAnKEo29v48yo3nYAA--3fJuJ4iKg2VpOHZwd8ghwueDCFSr-1WOtgVM31sj0Y7ejzN6ihTiUX5XTN46eRcTeW&amp;__tn__=*NK-R\">#ayuntamientoantigua<\/a><\/p>\n\n\n\n<figure class=\"wp-block-gallery has-nested-images columns-default is-cropped wp-block-gallery-1 is-layout-flex wp-block-gallery-is-layout-flex\">\n<figure class=\"wp-block-image size-large\"><img loading=\"lazy\" decoding=\"async\" width=\"400\" height=\"600\" data-id=\"88902\" src=\"https:\/\/elmetropolitano.com.gt\/es\/wp-content\/uploads\/2024\/09\/459391642_1027952162664200_2082200814926502071_n.jpg\" alt=\"\" class=\"wp-image-88902\" srcset=\"https:\/\/elmetropolitano.com.gt\/es\/wp-content\/uploads\/2024\/09\/459391642_1027952162664200_2082200814926502071_n.jpg 400w, https:\/\/elmetropolitano.com.gt\/es\/wp-content\/uploads\/2024\/09\/459391642_1027952162664200_2082200814926502071_n-200x300.jpg 200w\" sizes=\"auto, (max-width: 400px) 100vw, 400px\" \/><\/figure>\n\n\n\n<figure class=\"wp-block-image size-large\"><img loading=\"lazy\" decoding=\"async\" width=\"633\" height=\"960\" data-id=\"88903\" src=\"https:\/\/elmetropolitano.com.gt\/es\/wp-content\/uploads\/2024\/09\/459497539_1027950025997747_5187621583130138347_n.jpg\" alt=\"\" class=\"wp-image-88903\" srcset=\"https:\/\/elmetropolitano.com.gt\/es\/wp-content\/uploads\/2024\/09\/459497539_1027950025997747_5187621583130138347_n.jpg 633w, https:\/\/elmetropolitano.com.gt\/es\/wp-content\/uploads\/2024\/09\/459497539_1027950025997747_5187621583130138347_n-198x300.jpg 198w, https:\/\/elmetropolitano.com.gt\/es\/wp-content\/uploads\/2024\/09\/459497539_1027950025997747_5187621583130138347_n-85x130.jpg 85w\" sizes=\"auto, (max-width: 633px) 100vw, 633px\" \/><\/figure>\n\n\n\n<figure class=\"wp-block-image size-large\"><img loading=\"lazy\" decoding=\"async\" width=\"1024\" height=\"683\" data-id=\"88906\" src=\"https:\/\/elmetropolitano.com.gt\/es\/wp-content\/uploads\/2024\/09\/459644418_1027952775997472_5009415079596753007_n-1-1024x683.jpg\" alt=\"\" class=\"wp-image-88906\" srcset=\"https:\/\/elmetropolitano.com.gt\/es\/wp-content\/uploads\/2024\/09\/459644418_1027952775997472_5009415079596753007_n-1-1024x683.jpg 1024w, https:\/\/elmetropolitano.com.gt\/es\/wp-content\/uploads\/2024\/09\/459644418_1027952775997472_5009415079596753007_n-1-300x200.jpg 300w, https:\/\/elmetropolitano.com.gt\/es\/wp-content\/uploads\/2024\/09\/459644418_1027952775997472_5009415079596753007_n-1-768x512.jpg 768w, https:\/\/elmetropolitano.com.gt\/es\/wp-content\/uploads\/2024\/09\/459644418_1027952775997472_5009415079596753007_n-1.jpg 1500w\" sizes=\"auto, (max-width: 1024px) 100vw, 1024px\" \/><\/figure>\n\n\n\n<figure class=\"wp-block-image size-large\"><img loading=\"lazy\" decoding=\"async\" width=\"683\" height=\"1024\" data-id=\"88908\" src=\"https:\/\/elmetropolitano.com.gt\/es\/wp-content\/uploads\/2024\/09\/459722389_1027952582664158_3964744623203964236_n-683x1024.jpg\" alt=\"\" class=\"wp-image-88908\" srcset=\"https:\/\/elmetropolitano.com.gt\/es\/wp-content\/uploads\/2024\/09\/459722389_1027952582664158_3964744623203964236_n-683x1024.jpg 683w, https:\/\/elmetropolitano.com.gt\/es\/wp-content\/uploads\/2024\/09\/459722389_1027952582664158_3964744623203964236_n-200x300.jpg 200w, https:\/\/elmetropolitano.com.gt\/es\/wp-content\/uploads\/2024\/09\/459722389_1027952582664158_3964744623203964236_n-768x1152.jpg 768w, https:\/\/elmetropolitano.com.gt\/es\/wp-content\/uploads\/2024\/09\/459722389_1027952582664158_3964744623203964236_n-1024x1536.jpg 1024w, https:\/\/elmetropolitano.com.gt\/es\/wp-content\/uploads\/2024\/09\/459722389_1027952582664158_3964744623203964236_n.jpg 1365w\" sizes=\"auto, (max-width: 683px) 100vw, 683px\" \/><\/figure>\n\n\n\n<figure class=\"wp-block-image size-large\"><img loading=\"lazy\" decoding=\"async\" width=\"1024\" height=\"683\" data-id=\"88905\" src=\"https:\/\/elmetropolitano.com.gt\/es\/wp-content\/uploads\/2024\/09\/459744523_1027952759330807_4115958699989488327_n-1024x683.jpg\" alt=\"\" class=\"wp-image-88905\" srcset=\"https:\/\/elmetropolitano.com.gt\/es\/wp-content\/uploads\/2024\/09\/459744523_1027952759330807_4115958699989488327_n-1024x683.jpg 1024w, https:\/\/elmetropolitano.com.gt\/es\/wp-content\/uploads\/2024\/09\/459744523_1027952759330807_4115958699989488327_n-300x200.jpg 300w, https:\/\/elmetropolitano.com.gt\/es\/wp-content\/uploads\/2024\/09\/459744523_1027952759330807_4115958699989488327_n-768x512.jpg 768w, https:\/\/elmetropolitano.com.gt\/es\/wp-content\/uploads\/2024\/09\/459744523_1027952759330807_4115958699989488327_n.jpg 1500w\" sizes=\"auto, (max-width: 1024px) 100vw, 1024px\" \/><\/figure>\n\n\n\n<figure class=\"wp-block-image size-large\"><img loading=\"lazy\" decoding=\"async\" width=\"683\" height=\"1024\" data-id=\"88907\" src=\"https:\/\/elmetropolitano.com.gt\/es\/wp-content\/uploads\/2024\/09\/459874588_1027952625997487_8297332230698659763_n-683x1024.jpg\" alt=\"\" class=\"wp-image-88907\" srcset=\"https:\/\/elmetropolitano.com.gt\/es\/wp-content\/uploads\/2024\/09\/459874588_1027952625997487_8297332230698659763_n-683x1024.jpg 683w, https:\/\/elmetropolitano.com.gt\/es\/wp-content\/uploads\/2024\/09\/459874588_1027952625997487_8297332230698659763_n-200x300.jpg 200w, https:\/\/elmetropolitano.com.gt\/es\/wp-content\/uploads\/2024\/09\/459874588_1027952625997487_8297332230698659763_n-768x1152.jpg 768w, https:\/\/elmetropolitano.com.gt\/es\/wp-content\/uploads\/2024\/09\/459874588_1027952625997487_8297332230698659763_n-1024x1536.jpg 1024w, https:\/\/elmetropolitano.com.gt\/es\/wp-content\/uploads\/2024\/09\/459874588_1027952625997487_8297332230698659763_n.jpg 1365w\" sizes=\"auto, (max-width: 683px) 100vw, 683px\" \/><\/figure>\n\n\n\n<figure class=\"wp-block-image size-large\"><img loading=\"lazy\" decoding=\"async\" width=\"1024\" height=\"683\" data-id=\"88904\" src=\"https:\/\/elmetropolitano.com.gt\/es\/wp-content\/uploads\/2024\/09\/460202080_1027952535997496_8262020137166504922_n-1024x683.jpg\" alt=\"\" class=\"wp-image-88904\" srcset=\"https:\/\/elmetropolitano.com.gt\/es\/wp-content\/uploads\/2024\/09\/460202080_1027952535997496_8262020137166504922_n-1024x683.jpg 1024w, https:\/\/elmetropolitano.com.gt\/es\/wp-content\/uploads\/2024\/09\/460202080_1027952535997496_8262020137166504922_n-300x200.jpg 300w, https:\/\/elmetropolitano.com.gt\/es\/wp-content\/uploads\/2024\/09\/460202080_1027952535997496_8262020137166504922_n-768x512.jpg 768w, https:\/\/elmetropolitano.com.gt\/es\/wp-content\/uploads\/2024\/09\/460202080_1027952535997496_8262020137166504922_n.jpg 1500w\" sizes=\"auto, (max-width: 1024px) 100vw, 1024px\" \/><\/figure>\n<\/figure>\n","protected":false},"excerpt":{"rendered":"<p>Este domingo, las calles empedradas de La Antigua Guatemala se llenaron de vida y colores en conmemoraci\u00f3n de los 203 a\u00f1os de nuestra independencia Patria. El desfile que cont\u00f3 con la participaci\u00f3n del jefe del ayuntamiento Juan Manuel Asturias recorri\u00f3 parte de la ciudad colonial record\u00e1ndonos la grandeza de nuestra historia y el amor por <a class=\"read-more\" href=\"https:\/\/elmetropolitano.com.gt\/es\/antigua-celebra-a-la-patria\/\">Leer m\u00e1s<\/a><\/p>\n","protected":false},"author":1,"featured_media":88901,"comment_status":"open","ping_status":"closed","sticky":false,"template":"","format":"standard","meta":{"footnotes":""},"categories":[2],"tags":[12],"class_list":["post-88900","post","type-post","status-publish","format-standard","has-post-thumbnail","hentry","category-nacionales","tag-nacionales"],"_links":{"self":[{"href":"https:\/\/elmetropolitano.com.gt\/es\/wp-json\/wp\/v2\/posts\/88900","targetHints":{"allow":["GET"]}}],"collection":[{"href":"https:\/\/elmetropolitano.com.gt\/es\/wp-json\/wp\/v2\/posts"}],"about":[{"href":"https:\/\/elmetropolitano.com.gt\/es\/wp-json\/wp\/v2\/types\/post"}],"author":[{"embeddable":true,"href":"https:\/\/elmetropolitano.com.gt\/es\/wp-json\/wp\/v2\/users\/1"}],"replies":[{"embeddable":true,"href":"https:\/\/elmetropolitano.com.gt\/es\/wp-json\/wp\/v2\/comments?post=88900"}],"version-history":[{"count":1,"href":"https:\/\/elmetropolitano.com.gt\/es\/wp-json\/wp\/v2\/posts\/88900\/revisions"}],"predecessor-version":[{"id":88909,"href":"https:\/\/elmetropolitano.com.gt\/es\/wp-json\/wp\/v2\/posts\/88900\/revisions\/88909"}],"wp:featuredmedia":[{"embeddable":true,"href":"https:\/\/elmetropolitano.com.gt\/es\/wp-json\/wp\/v2\/media\/88901"}],"wp:attachment":[{"href":"https:\/\/elmetropolitano.com.gt\/es\/wp-json\/wp\/v2\/media?parent=88900"}],"wp:term":[{"taxonomy":"category","embeddable":true,"href":"https:\/\/elmetropolitano.com.gt\/es\/wp-json\/wp\/v2\/categories?post=88900"},{"taxonomy":"post_tag","embeddable":true,"href":"https:\/\/elmetropolitano.com.gt\/es\/wp-json\/wp\/v2\/tags?post=88900"}],"curies":[{"name":"wp","href":"https:\/\/api.w.org\/{rel}","templated":true}]}}