{"id":88913,"date":"2024-09-16T09:28:54","date_gmt":"2024-09-16T15:28:54","guid":{"rendered":"https:\/\/elmetropolitano.com.gt\/es\/?p=88913"},"modified":"2024-09-16T09:28:54","modified_gmt":"2024-09-16T15:28:54","slug":"incendio-consume-en-la-madrugada-dos-microbuses-en-coatepeque","status":"publish","type":"post","link":"https:\/\/elmetropolitano.com.gt\/es\/incendio-consume-en-la-madrugada-dos-microbuses-en-coatepeque\/","title":{"rendered":"Incendio consume en la madrugada dos Microbuses en Coatepeque"},"content":{"rendered":"\n<p>P\u00e9rdidas econ\u00f3micas dej\u00f3 un incendio esta madrugada en la 23 Avenida de Lotificacion San Isidro <a><\/a>zona 2 de Coatepeque, Quetzaltenango seg\u00fan reportan los Bomberos Municipales Departamentales.<\/p>\n\n\n\n<p>Al arribo de la unidades de los bomberos se encuentran 2 microbuses prendidos en llamas los cuales se hab\u00edan consumido en su totalidad as\u00ed como una galera de madera y l\u00e1mina en d\u00f3nde se encontraban resguardados los veh\u00edculos.<\/p><div class=\"elmet-contenido\" id=\"elmet-2622556409\"><div class=\"elmet-adlabel\">Anuncios<\/div><div style=\"margin-top: 20px;margin-right: 20px;margin-bottom: 20px;margin-left: 20px;\" id=\"elmet-690205565\"><a href=\"https:\/\/www.facebook.com\/arrincuanantigua\/\" aria-label=\"cintillo-arrin-cual\"><img loading=\"lazy\" decoding=\"async\" src=\"https:\/\/elmetropolitano.com.gt\/es\/wp-content\/uploads\/2021\/11\/cintillo-arrin-cual-1.jpg\" alt=\"\"  srcset=\"https:\/\/elmetropolitano.com.gt\/es\/wp-content\/uploads\/2021\/11\/cintillo-arrin-cual-1.jpg 750w, https:\/\/elmetropolitano.com.gt\/es\/wp-content\/uploads\/2021\/11\/cintillo-arrin-cual-1-300x36.jpg 300w, https:\/\/elmetropolitano.com.gt\/es\/wp-content\/uploads\/2021\/11\/cintillo-arrin-cual-1-600x72.jpg 600w\" sizes=\"(max-width: 750px) 100vw, 750px\" width=\"750\" height=\"90\"   \/><\/a><\/div><\/div>\n\n\n\n<p>Las unidades bombero les sofocan este incendio utilizando 1,700 Galones de agua trabajando un lapso de 40 minutos controlandolo en su totalidad.<\/p>\n\n\n\n<p>Se desconocen las causas que provocaron el incendio y seg\u00fan versi\u00f3n del propietario quien no dio datos personales indico que las perdidas se estiman al rededor de Q120, 000.<\/p>\n\n\n\n<p><a href=\"https:\/\/www.facebook.com\/hashtag\/metroredes?__eep__=6&amp;__cft__[0]=AZUk9zm1gAnvb0qcge36HeoPDd7sb1IBqJEDi9OSFf4JWvaxlWmiScp0lLeUko0-w4p3edUaSEgaLj2kEgSlAY5DVYEPDKwvFwcHa-nHl36i1v2o9MkZGCNTZvbqkCQar2qWxlnif0ws9P9GX_g10T8z3IbtYztbRRpfbgxs_qA8fSWqeIM6Ln7krzxI7TYRJ9-jAacFygzzYMac-D_DlvBdifAmM3J2M3cIR2JQmj-TSpVWyu4LJLg5d0UW93tm3aY&amp;__tn__=*NK-y-R\">#metroredes<\/a><a href=\"https:\/\/www.facebook.com\/hashtag\/elmetropolitanoxela?__eep__=6&amp;__cft__[0]=AZUk9zm1gAnvb0qcge36HeoPDd7sb1IBqJEDi9OSFf4JWvaxlWmiScp0lLeUko0-w4p3edUaSEgaLj2kEgSlAY5DVYEPDKwvFwcHa-nHl36i1v2o9MkZGCNTZvbqkCQar2qWxlnif0ws9P9GX_g10T8z3IbtYztbRRpfbgxs_qA8fSWqeIM6Ln7krzxI7TYRJ9-jAacFygzzYMac-D_DlvBdifAmM3J2M3cIR2JQmj-TSpVWyu4LJLg5d0UW93tm3aY&amp;__tn__=*NK-y-R\">#elmetropolitanoxela<\/a> <a href=\"https:\/\/www.facebook.com\/hashtag\/emergenciascbmd1554?__eep__=6&amp;__cft__[0]=AZUk9zm1gAnvb0qcge36HeoPDd7sb1IBqJEDi9OSFf4JWvaxlWmiScp0lLeUko0-w4p3edUaSEgaLj2kEgSlAY5DVYEPDKwvFwcHa-nHl36i1v2o9MkZGCNTZvbqkCQar2qWxlnif0ws9P9GX_g10T8z3IbtYztbRRpfbgxs_qA8fSWqeIM6Ln7krzxI7TYRJ9-jAacFygzzYMac-D_DlvBdifAmM3J2M3cIR2JQmj-TSpVWyu4LJLg5d0UW93tm3aY&amp;__tn__=*NK-y-R\">#EmergenciasCBMD1554<\/a><\/p>\n\n\n\n<figure class=\"wp-block-gallery has-nested-images columns-default is-cropped wp-block-gallery-1 is-layout-flex wp-block-gallery-is-layout-flex\">\n<figure class=\"wp-block-image size-large\"><img loading=\"lazy\" decoding=\"async\" width=\"720\" height=\"960\" data-id=\"88915\" src=\"https:\/\/elmetropolitano.com.gt\/es\/wp-content\/uploads\/2024\/09\/460197418_1079944504136072_3649705834646758945_n.jpg\" alt=\"\" class=\"wp-image-88915\" srcset=\"https:\/\/elmetropolitano.com.gt\/es\/wp-content\/uploads\/2024\/09\/460197418_1079944504136072_3649705834646758945_n.jpg 720w, https:\/\/elmetropolitano.com.gt\/es\/wp-content\/uploads\/2024\/09\/460197418_1079944504136072_3649705834646758945_n-225x300.jpg 225w\" sizes=\"auto, (max-width: 720px) 100vw, 720px\" \/><\/figure>\n\n\n\n<figure class=\"wp-block-image size-large\"><img loading=\"lazy\" decoding=\"async\" width=\"960\" height=\"960\" data-id=\"88916\" src=\"https:\/\/elmetropolitano.com.gt\/es\/wp-content\/uploads\/2024\/09\/460250259_1079944547469401_4290822301865251444_n.jpg\" alt=\"\" class=\"wp-image-88916\" srcset=\"https:\/\/elmetropolitano.com.gt\/es\/wp-content\/uploads\/2024\/09\/460250259_1079944547469401_4290822301865251444_n.jpg 960w, https:\/\/elmetropolitano.com.gt\/es\/wp-content\/uploads\/2024\/09\/460250259_1079944547469401_4290822301865251444_n-300x300.jpg 300w, https:\/\/elmetropolitano.com.gt\/es\/wp-content\/uploads\/2024\/09\/460250259_1079944547469401_4290822301865251444_n-150x150.jpg 150w, https:\/\/elmetropolitano.com.gt\/es\/wp-content\/uploads\/2024\/09\/460250259_1079944547469401_4290822301865251444_n-768x768.jpg 768w\" sizes=\"auto, (max-width: 960px) 100vw, 960px\" \/><\/figure>\n<\/figure>\n","protected":false},"excerpt":{"rendered":"<p>P\u00e9rdidas econ\u00f3micas dej\u00f3 un incendio esta madrugada en la 23 Avenida de Lotificacion San Isidro zona 2 de Coatepeque, Quetzaltenango seg\u00fan reportan los Bomberos Municipales Departamentales. Al arribo de la unidades de los bomberos se encuentran 2 microbuses prendidos en llamas los cuales se hab\u00edan consumido en su totalidad as\u00ed como una galera de madera <a class=\"read-more\" href=\"https:\/\/elmetropolitano.com.gt\/es\/incendio-consume-en-la-madrugada-dos-microbuses-en-coatepeque\/\">Leer m\u00e1s<\/a><\/p>\n","protected":false},"author":1,"featured_media":88914,"comment_status":"open","ping_status":"closed","sticky":false,"template":"","format":"standard","meta":{"footnotes":""},"categories":[4],"tags":[13],"class_list":["post-88913","post","type-post","status-publish","format-standard","has-post-thumbnail","hentry","category-departamentales","tag-departamentales"],"_links":{"self":[{"href":"https:\/\/elmetropolitano.com.gt\/es\/wp-json\/wp\/v2\/posts\/88913","targetHints":{"allow":["GET"]}}],"collection":[{"href":"https:\/\/elmetropolitano.com.gt\/es\/wp-json\/wp\/v2\/posts"}],"about":[{"href":"https:\/\/elmetropolitano.com.gt\/es\/wp-json\/wp\/v2\/types\/post"}],"author":[{"embeddable":true,"href":"https:\/\/elmetropolitano.com.gt\/es\/wp-json\/wp\/v2\/users\/1"}],"replies":[{"embeddable":true,"href":"https:\/\/elmetropolitano.com.gt\/es\/wp-json\/wp\/v2\/comments?post=88913"}],"version-history":[{"count":1,"href":"https:\/\/elmetropolitano.com.gt\/es\/wp-json\/wp\/v2\/posts\/88913\/revisions"}],"predecessor-version":[{"id":88917,"href":"https:\/\/elmetropolitano.com.gt\/es\/wp-json\/wp\/v2\/posts\/88913\/revisions\/88917"}],"wp:featuredmedia":[{"embeddable":true,"href":"https:\/\/elmetropolitano.com.gt\/es\/wp-json\/wp\/v2\/media\/88914"}],"wp:attachment":[{"href":"https:\/\/elmetropolitano.com.gt\/es\/wp-json\/wp\/v2\/media?parent=88913"}],"wp:term":[{"taxonomy":"category","embeddable":true,"href":"https:\/\/elmetropolitano.com.gt\/es\/wp-json\/wp\/v2\/categories?post=88913"},{"taxonomy":"post_tag","embeddable":true,"href":"https:\/\/elmetropolitano.com.gt\/es\/wp-json\/wp\/v2\/tags?post=88913"}],"curies":[{"name":"wp","href":"https:\/\/api.w.org\/{rel}","templated":true}]}}