{"id":88962,"date":"2024-09-17T10:02:20","date_gmt":"2024-09-17T16:02:20","guid":{"rendered":"https:\/\/elmetropolitano.com.gt\/es\/?p=88962"},"modified":"2024-09-17T10:02:21","modified_gmt":"2024-09-17T16:02:21","slug":"lanzan-campana-protege-tu-sueno-para-combatir-fraudes-en-visas-temporales-de-trabajo-en-jalapa","status":"publish","type":"post","link":"https:\/\/elmetropolitano.com.gt\/es\/lanzan-campana-protege-tu-sueno-para-combatir-fraudes-en-visas-temporales-de-trabajo-en-jalapa\/","title":{"rendered":"Lanzan campa\u00f1a \u201cProtege tu Sue\u00f1o\u201d para combatir fraudes en visas temporales de trabajo en Jalapa"},"content":{"rendered":"\n<p>En el marco de las iniciativas del Gobierno de Guatemala para proteger a los ciudadanos de fraudes y estafas relacionadas con visas temporales de trabajo, el Ministerio de Trabajo y Previsi\u00f3n Social (Mintrab) ha lanzado la campa\u00f1a \u201cProtege tu Sue\u00f1o\u201d.<\/p>\n\n\n\n<p>Este esfuerzo tiene como objetivo brindar informaci\u00f3n crucial para que las personas interesadas en trabajar en el extranjero puedan evitar caer en manos de intermediarios inescrupulosos que ofrecen tr\u00e1mites fraudulentos. La actividad cont\u00f3 con la participaci\u00f3n de m\u00e1s de 800 personas oriundos de Santa Mar\u00eda Xalap\u00e1n, Buena Vista, Alzatate y Mataquescuintla, quienes asistieron con el prop\u00f3sito de informarse y proteger su bienestar y el de sus familias.<\/p><div class=\"elmet-contenido\" id=\"elmet-1402547024\"><div class=\"elmet-adlabel\">Anuncios<\/div><div style=\"margin-top: 20px;margin-right: 20px;margin-bottom: 20px;margin-left: 20px;\" id=\"elmet-3152148972\"><a href=\"https:\/\/www.facebook.com\/arrincuanantigua\/\" aria-label=\"cintillo-arrin-cual\"><img loading=\"lazy\" decoding=\"async\" src=\"https:\/\/elmetropolitano.com.gt\/es\/wp-content\/uploads\/2021\/11\/cintillo-arrin-cual-1.jpg\" alt=\"\"  srcset=\"https:\/\/elmetropolitano.com.gt\/es\/wp-content\/uploads\/2021\/11\/cintillo-arrin-cual-1.jpg 750w, https:\/\/elmetropolitano.com.gt\/es\/wp-content\/uploads\/2021\/11\/cintillo-arrin-cual-1-300x36.jpg 300w, https:\/\/elmetropolitano.com.gt\/es\/wp-content\/uploads\/2021\/11\/cintillo-arrin-cual-1-600x72.jpg 600w\" sizes=\"(max-width: 750px) 100vw, 750px\" width=\"750\" height=\"90\"   \/><\/a><\/div><\/div>\n\n\n\n<p>La jornada se llev\u00f3 a cabo en el departamento de Jalapa y estuvo orientada a concienciar sobre los riesgos de fraude en los tr\u00e1mites de visas temporales, un problema que ha afectado a muchas personas en el pa\u00eds. En su discurso, la gobernadora departamental de Jalapa, Gladis V\u00e1squez, enfatiz\u00f3 el compromiso del gobierno para proteger los sue\u00f1os de aquellos que buscan mejores oportunidades laborales en el extranjero. Es un honor estar aqu\u00ed hoy, trabajando juntos para asegurar que cada uno de ustedes tenga la informaci\u00f3n correcta y las herramientas necesarias para seguir adelante sin miedo a ser enga\u00f1ados, se\u00f1al\u00f3 V\u00e1squez.<\/p>\n\n\n\n<p>Detalles<\/p>\n\n\n\n<p>Uno de los aspectos clave de la campa\u00f1a \u201cProtege tu Sue\u00f1o\u201d es la descentralizaci\u00f3n de procesos, lo que permite llevar informaci\u00f3n y recursos directamente a las comunidades, facilitando que los guatemaltecos puedan acceder a oportunidades de trabajo en el extranjero de manera segura y legal.<\/p>\n\n\n\n<p>El Minitrab destac\u00f3 que el gobierno est\u00e1 comprometido en velar por la transparencia en todos los tr\u00e1mites relacionados con las visas temporales. \u201cSabemos que la desinformaci\u00f3n puede ser peligrosa, y por eso queremos asegurar que cada ciudadano tenga acceso a la verdad y pueda tomar decisiones informadas\u201d, afirm\u00f3 el ministro.<\/p>\n\n\n\n<p>Durante la jornada, adem\u00e1s de la charla informativa sobre la campa\u00f1a, se realizaron entrevistas para el programa de movilidad laboral, con el objetivo de ofrecer oportunidades concretas de empleo en el extranjero. Este programa, impulsado por el Ministerio de Trabajo, tiene como misi\u00f3n facilitar el acceso a empleos temporales en condiciones justas y legales. La actividad fue bien recibida por los asistentes, quienes agradecieron la oportunidad de obtener informaci\u00f3n clara y directa sobre los tr\u00e1mites necesarios para trabajar en el extranjero.<\/p>\n\n\n\n<p>Representantes de comunidades como Santa Mar\u00eda Xalap\u00e1n, Buena Vista y Mataquescuintla expresaron su agradecimiento por esta oportunidad que llega a las zonas rurales del pa\u00eds.<\/p>\n\n\n\n<p>Para cerrar el evento, la Gobernadora V\u00e1squez inst\u00f3 a los presentes a seguir adelante con confianza y determinaci\u00f3n. El Gobierno de Guatemala est\u00e1 aqu\u00ed para apoyarlos, y seguiremos trabajando para descentralizar los procesos y llevar oportunidades a cada rinc\u00f3n del pa\u00eds. Juntos podemos construir un futuro donde cada sue\u00f1o sea protegido y cada esfuerzo reconocido, afirm\u00f3. Con esta campa\u00f1a, el gobierno busca no solo prevenir el fraude, sino tambi\u00e9n empoderar a los ciudadanos con el conocimiento necesario para acceder a oportunidades reales y leg\u00edtimas de empleo fuera del pa\u00eds.<\/p>\n\n\n\n<p>Por Abner Salguero<\/p>\n\n\n\n<p>#visasdetrabajo #metroredes <a href=\"http:\/\/www.elmetropolitano.com.gt\">www.elmetropolitano.com.gt<\/a> <a href=\"http:\/\/www.metroredes.com\">www.metroredes.com<\/a><\/p>\n","protected":false},"excerpt":{"rendered":"<p>En el marco de las iniciativas del Gobierno de Guatemala para proteger a los ciudadanos de fraudes y estafas relacionadas con visas temporales de trabajo, el Ministerio de Trabajo y Previsi\u00f3n Social (Mintrab) ha lanzado la campa\u00f1a \u201cProtege tu Sue\u00f1o\u201d. Este esfuerzo tiene como objetivo brindar informaci\u00f3n crucial para que las personas interesadas en trabajar <a class=\"read-more\" href=\"https:\/\/elmetropolitano.com.gt\/es\/lanzan-campana-protege-tu-sueno-para-combatir-fraudes-en-visas-temporales-de-trabajo-en-jalapa\/\">Leer m\u00e1s<\/a><\/p>\n","protected":false},"author":1,"featured_media":88963,"comment_status":"open","ping_status":"closed","sticky":false,"template":"","format":"standard","meta":{"footnotes":""},"categories":[4],"tags":[13],"class_list":["post-88962","post","type-post","status-publish","format-standard","has-post-thumbnail","hentry","category-departamentales","tag-departamentales"],"_links":{"self":[{"href":"https:\/\/elmetropolitano.com.gt\/es\/wp-json\/wp\/v2\/posts\/88962","targetHints":{"allow":["GET"]}}],"collection":[{"href":"https:\/\/elmetropolitano.com.gt\/es\/wp-json\/wp\/v2\/posts"}],"about":[{"href":"https:\/\/elmetropolitano.com.gt\/es\/wp-json\/wp\/v2\/types\/post"}],"author":[{"embeddable":true,"href":"https:\/\/elmetropolitano.com.gt\/es\/wp-json\/wp\/v2\/users\/1"}],"replies":[{"embeddable":true,"href":"https:\/\/elmetropolitano.com.gt\/es\/wp-json\/wp\/v2\/comments?post=88962"}],"version-history":[{"count":1,"href":"https:\/\/elmetropolitano.com.gt\/es\/wp-json\/wp\/v2\/posts\/88962\/revisions"}],"predecessor-version":[{"id":88964,"href":"https:\/\/elmetropolitano.com.gt\/es\/wp-json\/wp\/v2\/posts\/88962\/revisions\/88964"}],"wp:featuredmedia":[{"embeddable":true,"href":"https:\/\/elmetropolitano.com.gt\/es\/wp-json\/wp\/v2\/media\/88963"}],"wp:attachment":[{"href":"https:\/\/elmetropolitano.com.gt\/es\/wp-json\/wp\/v2\/media?parent=88962"}],"wp:term":[{"taxonomy":"category","embeddable":true,"href":"https:\/\/elmetropolitano.com.gt\/es\/wp-json\/wp\/v2\/categories?post=88962"},{"taxonomy":"post_tag","embeddable":true,"href":"https:\/\/elmetropolitano.com.gt\/es\/wp-json\/wp\/v2\/tags?post=88962"}],"curies":[{"name":"wp","href":"https:\/\/api.w.org\/{rel}","templated":true}]}}