{"id":88978,"date":"2024-09-17T11:01:27","date_gmt":"2024-09-17T17:01:27","guid":{"rendered":"https:\/\/elmetropolitano.com.gt\/es\/?p=88978"},"modified":"2024-09-17T11:01:28","modified_gmt":"2024-09-17T17:01:28","slug":"volcan-de-fuego-registra-actividad-con-11-explosiones-por-hora","status":"publish","type":"post","link":"https:\/\/elmetropolitano.com.gt\/es\/volcan-de-fuego-registra-actividad-con-11-explosiones-por-hora\/","title":{"rendered":"Volc\u00e1n de Fuego registra actividad con 11 explosiones por hora"},"content":{"rendered":"\n<p>Elevando columnas de gas y ceniza a alturas de hasta 4,800 metros sobre el nivel del mar, el volc\u00e1n del Fuego registra de 4 a 11 explosiones moderadas que desplazan ceniza hasta 30 kil\u00f3metros con direcci\u00f3n al Oeste y NorOeste del complejo volc\u00e1nico.<\/p>\n\n\n\n<p>Seg\u00fan el monitoreo volc\u00e1nico realizado por el INSIVUMEH, se han observado avalanchas d\u00e9biles acompa\u00f1adas de retumbos que llegan a las siguientes barrancas: Ceniza, Santa Teresa, Las Lajas y Taniluy\u00e1.<\/p><div class=\"elmet-contenido\" id=\"elmet-1658584741\"><div class=\"elmet-adlabel\">Anuncios<\/div><div style=\"margin-top: 20px;margin-right: 20px;margin-bottom: 20px;margin-left: 20px;\" id=\"elmet-2316833338\"><a href=\"https:\/\/www.facebook.com\/arrincuanantigua\/\" aria-label=\"cintillo-arrin-cual\"><img loading=\"lazy\" decoding=\"async\" src=\"https:\/\/elmetropolitano.com.gt\/es\/wp-content\/uploads\/2021\/11\/cintillo-arrin-cual-1.jpg\" alt=\"\"  srcset=\"https:\/\/elmetropolitano.com.gt\/es\/wp-content\/uploads\/2021\/11\/cintillo-arrin-cual-1.jpg 750w, https:\/\/elmetropolitano.com.gt\/es\/wp-content\/uploads\/2021\/11\/cintillo-arrin-cual-1-300x36.jpg 300w, https:\/\/elmetropolitano.com.gt\/es\/wp-content\/uploads\/2021\/11\/cintillo-arrin-cual-1-600x72.jpg 600w\" sizes=\"(max-width: 750px) 100vw, 750px\" width=\"750\" height=\"90\"   \/><\/a><\/div><\/div>\n\n\n\n<p>Asimismo, por la direcci\u00f3n del viento puede producirse ca\u00edda de ceniza d\u00e9bil sobre las comunidades Sangre de Cristo, Santa Emilia, Panimach\u00e9 I y II, Yepocapa, Ojo de Agua y Palo Verde, entre otras. Las lluvias pronosticadas para horas de la tarde y noche pueden generar el descenso de lahares, por lo que la SE-CONRED recomienda lo siguiente:<\/p>\n\n\n\n<p>-No intentar cruzar o permanecer cerca de las barrancas ante el descenso de lahar.<\/p>\n\n\n\n<p>-Involucrarse en su Plan Local de Respuesta.<\/p>\n\n\n\n<p>-Tener lista su mochila de las 72 horas.<\/p>\n\n\n\n<p>-Identificar las rutas de evacuaci\u00f3n.<\/p>\n\n\n\n<p>-Mantenerse informados a trav\u00e9s de las cuentas oficiales de CONRED y el INSIVUMEH.<\/p>\n\n\n\n<p>#volcandefuego #metroredes <a href=\"http:\/\/www.emetropolitano.com.gt\">www.emetropolitano.com.gt<\/a> <a href=\"http:\/\/www.metroredes.com\">www.metroredes.com<\/a><\/p>\n\n\n\n<p><\/p>\n","protected":false},"excerpt":{"rendered":"<p>Elevando columnas de gas y ceniza a alturas de hasta 4,800 metros sobre el nivel del mar, el volc\u00e1n del Fuego registra de 4 a 11 explosiones moderadas que desplazan ceniza hasta 30 kil\u00f3metros con direcci\u00f3n al Oeste y NorOeste del complejo volc\u00e1nico. Seg\u00fan el monitoreo volc\u00e1nico realizado por el INSIVUMEH, se han observado avalanchas <a class=\"read-more\" href=\"https:\/\/elmetropolitano.com.gt\/es\/volcan-de-fuego-registra-actividad-con-11-explosiones-por-hora\/\">Leer m\u00e1s<\/a><\/p>\n","protected":false},"author":1,"featured_media":88979,"comment_status":"open","ping_status":"closed","sticky":false,"template":"","format":"standard","meta":{"footnotes":""},"categories":[4],"tags":[13],"class_list":["post-88978","post","type-post","status-publish","format-standard","has-post-thumbnail","hentry","category-departamentales","tag-departamentales"],"_links":{"self":[{"href":"https:\/\/elmetropolitano.com.gt\/es\/wp-json\/wp\/v2\/posts\/88978","targetHints":{"allow":["GET"]}}],"collection":[{"href":"https:\/\/elmetropolitano.com.gt\/es\/wp-json\/wp\/v2\/posts"}],"about":[{"href":"https:\/\/elmetropolitano.com.gt\/es\/wp-json\/wp\/v2\/types\/post"}],"author":[{"embeddable":true,"href":"https:\/\/elmetropolitano.com.gt\/es\/wp-json\/wp\/v2\/users\/1"}],"replies":[{"embeddable":true,"href":"https:\/\/elmetropolitano.com.gt\/es\/wp-json\/wp\/v2\/comments?post=88978"}],"version-history":[{"count":1,"href":"https:\/\/elmetropolitano.com.gt\/es\/wp-json\/wp\/v2\/posts\/88978\/revisions"}],"predecessor-version":[{"id":88980,"href":"https:\/\/elmetropolitano.com.gt\/es\/wp-json\/wp\/v2\/posts\/88978\/revisions\/88980"}],"wp:featuredmedia":[{"embeddable":true,"href":"https:\/\/elmetropolitano.com.gt\/es\/wp-json\/wp\/v2\/media\/88979"}],"wp:attachment":[{"href":"https:\/\/elmetropolitano.com.gt\/es\/wp-json\/wp\/v2\/media?parent=88978"}],"wp:term":[{"taxonomy":"category","embeddable":true,"href":"https:\/\/elmetropolitano.com.gt\/es\/wp-json\/wp\/v2\/categories?post=88978"},{"taxonomy":"post_tag","embeddable":true,"href":"https:\/\/elmetropolitano.com.gt\/es\/wp-json\/wp\/v2\/tags?post=88978"}],"curies":[{"name":"wp","href":"https:\/\/api.w.org\/{rel}","templated":true}]}}