{"id":89034,"date":"2024-09-18T10:11:22","date_gmt":"2024-09-18T16:11:22","guid":{"rendered":"https:\/\/elmetropolitano.com.gt\/es\/?p=89034"},"modified":"2024-09-18T10:11:23","modified_gmt":"2024-09-18T16:11:23","slug":"presidente-bernardo-arevalo-asistira-a-la-asamblea-general-de-naciones-unidas","status":"publish","type":"post","link":"https:\/\/elmetropolitano.com.gt\/es\/presidente-bernardo-arevalo-asistira-a-la-asamblea-general-de-naciones-unidas\/","title":{"rendered":"Presidente Bernardo Ar\u00e9valo asistir\u00e1 a la Asamblea General de Naciones Unidas"},"content":{"rendered":"\n<p>El presidente Bernardo Ar\u00e9valo viajar\u00e1 con una comitiva de funcionarios y representantes del sector privado a la ciudad de Nueva York, Estados Unidos, para asistir al 79 per\u00edodo de sesiones de la Asamblea General de la Organizaci\u00f3n de las Naciones (ONU).<\/p>\n\n\n\n<p>El mandatario anunci\u00f3 que este s\u00e1bado 21 de septiembre estar\u00e1 viajando a la ciudad de Nueva York, donde buscar\u00e1 posicionar al pa\u00eds dentro de la <a><\/a>agenda global y promover inversiones en Guatemala.<\/p><div class=\"elmet-contenido\" id=\"elmet-4209483073\"><div class=\"elmet-adlabel\">Anuncios<\/div><div style=\"margin-top: 20px;margin-right: 20px;margin-bottom: 20px;margin-left: 20px;\" id=\"elmet-1616629145\"><a href=\"https:\/\/www.facebook.com\/arrincuanantigua\/\" aria-label=\"cintillo-arrin-cual\"><img loading=\"lazy\" decoding=\"async\" src=\"https:\/\/elmetropolitano.com.gt\/es\/wp-content\/uploads\/2021\/11\/cintillo-arrin-cual-1.jpg\" alt=\"\"  srcset=\"https:\/\/elmetropolitano.com.gt\/es\/wp-content\/uploads\/2021\/11\/cintillo-arrin-cual-1.jpg 750w, https:\/\/elmetropolitano.com.gt\/es\/wp-content\/uploads\/2021\/11\/cintillo-arrin-cual-1-300x36.jpg 300w, https:\/\/elmetropolitano.com.gt\/es\/wp-content\/uploads\/2021\/11\/cintillo-arrin-cual-1-600x72.jpg 600w\" sizes=\"(max-width: 750px) 100vw, 750px\" width=\"750\" height=\"90\"   \/><\/a><\/div><\/div>\n\n\n\n<p>\u201cMe tocar\u00e1 el quinto lugar para participar en la Asamblea General de las Naciones Unidas, que demuestra la posici\u00f3n que el pa\u00eds ha ido ganando a pulso en el concierto internacional\u201d expres\u00f3 el mandatario Ar\u00e9valo<\/p>\n\n\n\n<p>Canciller no viajar\u00e1<\/p>\n\n\n\n<p>Asimismo, lament\u00f3 que el canciller Carlos Mart\u00ednez no lo pueda acompa\u00f1ar a esta cita fundamental de la diplomacia global, porque es uno de los cinco ministros que se encuentran en el proceso de interpelaciones en el Congreso de la Rep\u00fablica, lo que los tiene pr\u00e1cticamente arraigados.<\/p>\n\n\n\n<p>No obstante, asegur\u00f3 que el ministro de Relaciones Exteriores sigue cumpliendo desde el pa\u00eds su trabajo de representar la pol\u00edtica exterior de Guatemala, cuyo desempe\u00f1o ha sido clave para obtener los espacios que Guatemala tendr\u00e1 en la agenda de Naciones Unidas.<\/p>\n\n\n\n<p>Es un absurdo el hecho de que la persona que est\u00e1 a cargo de coordinar el cuerpo diplom\u00e1tico de nuestro pa\u00eds a nivel internacional est\u00e9 atrapado por una interpelaci\u00f3n que no tiene sentido.<\/p>\n\n\n\n<p>Canciller dice estar listo<\/p>\n\n\n\n<p>para interpelaci\u00f3n<\/p>\n\n\n\n<p>Por su parte, el ministro Carlos Mart\u00ednez dijo estar presto para la interpelaci\u00f3n, proceso previsto para el pr\u00f3ximo jueves, luego de que concluya la interpelaci\u00f3n al ministro de Gobernaci\u00f3n, Francisco Jim\u00e9nez.<\/p>\n\n\n\n<p>\u201cLamento no poder acompa\u00f1ar al Presidente de la Rep\u00fablica en la Asamblea General de la Naciones Unidas, que marca una etapa importante en el calendario anual\u201d expres\u00f3 el canciller<\/p>\n\n\n\n<p>Agregando que \u201cComo ministro, estoy preparado para responder las 115 preguntas que me fueron formuladas en esta primera etapa\u201d<\/p>\n\n\n\n<p>Agenda en Asamblea de la ONU<\/p>\n\n\n\n<p>Adem\u00e1s, el canciller guatemalteco coment\u00f3 que la agenda del presidente Ar\u00e9valo arrancar\u00e1 en Nueva York, con su participaci\u00f3n en la Cumbre del Futuro. El martes 24 de septiembre, Ar\u00e9valo tendr\u00e1 el quinto turno para hacer su presentaci\u00f3n en la apertura del 79 per\u00edodo de sesiones de la Asamblea General de Naciones Unidas.<\/p>\n\n\n\n<p>Adem\u00e1s, sostendr\u00e1 actividades paralelas complementarias, encuentros bilaterales con otros presidentes, ser\u00e1 orador en algunos de los foros en los que ha sido invitado, as\u00ed tambi\u00e9n, sostendr\u00e1 reuniones con representantes de organismos internacionales y con instituciones financieras.<\/p>\n\n\n\n<p>Tambi\u00e9n, el mandatario participar\u00e1 en una sesi\u00f3n abierta del Consejo de Seguridad, en el evento Democracy Delivers, en el que Guatemala ser\u00e1 el pa\u00eds para destacar por su trabajo en favor de la democracia y los impactos para el desarrollo del pa\u00eds.<\/p>\n\n\n\n<p>Texto: Estuardo Mart\u00ednez<\/p>\n\n\n\n<p><a href=\"https:\/\/www.facebook.com\/hashtag\/viajepresidencial?__eep__=6&amp;__cft__[0]=AZWgXXFhC-JxElrHWMwaUdGgUaRaMoyRqwm9hpXIOwQg2d9mF8x1yyvVhKxT7ct457IIasMU4ytPHOQkh5rfZiB9GP7PUqQ1ksmFhnx3vPF7dij8lnE5lFtqqjB7ds2L6zwW9oXh1gHaJI5mJB6scNuPABmfIKNFk1SeJ7qpHB1gyyWbhYQO3TlONZXKHabTDA4ZzKwsDJ-9rkm9oEKXh3XS&amp;__tn__=*NK-R\">#ViajePresidencial<\/a><a href=\"https:\/\/www.facebook.com\/hashtag\/metroredes?__eep__=6&amp;__cft__[0]=AZWgXXFhC-JxElrHWMwaUdGgUaRaMoyRqwm9hpXIOwQg2d9mF8x1yyvVhKxT7ct457IIasMU4ytPHOQkh5rfZiB9GP7PUqQ1ksmFhnx3vPF7dij8lnE5lFtqqjB7ds2L6zwW9oXh1gHaJI5mJB6scNuPABmfIKNFk1SeJ7qpHB1gyyWbhYQO3TlONZXKHabTDA4ZzKwsDJ-9rkm9oEKXh3XS&amp;__tn__=*NK-R\">#metroredes<\/a><a href=\"https:\/\/www.facebook.com\/hashtag\/onu?__eep__=6&amp;__cft__[0]=AZWgXXFhC-JxElrHWMwaUdGgUaRaMoyRqwm9hpXIOwQg2d9mF8x1yyvVhKxT7ct457IIasMU4ytPHOQkh5rfZiB9GP7PUqQ1ksmFhnx3vPF7dij8lnE5lFtqqjB7ds2L6zwW9oXh1gHaJI5mJB6scNuPABmfIKNFk1SeJ7qpHB1gyyWbhYQO3TlONZXKHabTDA4ZzKwsDJ-9rkm9oEKXh3XS&amp;__tn__=*NK-R\">#ONU<\/a><\/p>\n\n\n\n<p><a href=\"http:\/\/www.elmetropolitano.com.gt\/?fbclid=IwZXh0bgNhZW0CMTAAAR19gZCvEO2lN95NVsAEa6h3pioCZLB0XZ0QdvttkEyoRarfRW-608k4U2Q_aem_3xbdJSaNDpfftVrKmFNMWg\" rel=\"noreferrer noopener\" target=\"_blank\">Www.elmetropolitano.com.gt<\/a><\/p>\n\n\n\n<p><a href=\"https:\/\/l.facebook.com\/l.php?u=http%3A%2F%2FWww.metroredes.com%2F%3Ffbclid%3DIwZXh0bgNhZW0CMTAAAR1loQqI1x7qX1_4dMzkc2rWlMPfkoMNJR964WvCpwtIksoeYVAyHU4x-uM_aem_7SEgXzDXphJtx-81QeBD7w&amp;h=AT345Ojh23_d603VbiCxVHk__5mG5LgpvxB_e5Av6UX7WU5tIJQfiaVdaslW2FyjRAis-8ezZZnafPqFSXEN6om38yhkptGD2FJIlHE1dCnHYQZESMgCKMWzZzi-FL2ftoAZ&amp;__tn__=-UK-R&amp;c[0]=AT2lYkZxUQHsCXm1eF1p7Y-5vVBpymfNun95nr2NlFlfXybsXdOSTKQAcyfymW4Vj9OINrNqYzGGh9JE524E82Rt6feeIFfJ0Jocbj21GUJatmu4dnSy1nHdqweGtkAe46RTVzSOcyWSzUL6jcHQPqwSxr0ko5N3OI3GzSpQvJP2k-bjkss83meOql9OYUQG0AjIxslgVTVXEvbMcTMYsE796kC_\" rel=\"noreferrer noopener\" target=\"_blank\">Www.metroredes.com<\/a><\/p>\n","protected":false},"excerpt":{"rendered":"<p>El presidente Bernardo Ar\u00e9valo viajar\u00e1 con una comitiva de funcionarios y representantes del sector privado a la ciudad de Nueva York, Estados Unidos, para asistir al 79 per\u00edodo de sesiones de la Asamblea General de la Organizaci\u00f3n de las Naciones (ONU). El mandatario anunci\u00f3 que este s\u00e1bado 21 de septiembre estar\u00e1 viajando a la ciudad <a class=\"read-more\" href=\"https:\/\/elmetropolitano.com.gt\/es\/presidente-bernardo-arevalo-asistira-a-la-asamblea-general-de-naciones-unidas\/\">Leer m\u00e1s<\/a><\/p>\n","protected":false},"author":1,"featured_media":89035,"comment_status":"open","ping_status":"closed","sticky":false,"template":"","format":"standard","meta":{"footnotes":""},"categories":[2],"tags":[12],"class_list":["post-89034","post","type-post","status-publish","format-standard","has-post-thumbnail","hentry","category-nacionales","tag-nacionales"],"_links":{"self":[{"href":"https:\/\/elmetropolitano.com.gt\/es\/wp-json\/wp\/v2\/posts\/89034","targetHints":{"allow":["GET"]}}],"collection":[{"href":"https:\/\/elmetropolitano.com.gt\/es\/wp-json\/wp\/v2\/posts"}],"about":[{"href":"https:\/\/elmetropolitano.com.gt\/es\/wp-json\/wp\/v2\/types\/post"}],"author":[{"embeddable":true,"href":"https:\/\/elmetropolitano.com.gt\/es\/wp-json\/wp\/v2\/users\/1"}],"replies":[{"embeddable":true,"href":"https:\/\/elmetropolitano.com.gt\/es\/wp-json\/wp\/v2\/comments?post=89034"}],"version-history":[{"count":1,"href":"https:\/\/elmetropolitano.com.gt\/es\/wp-json\/wp\/v2\/posts\/89034\/revisions"}],"predecessor-version":[{"id":89036,"href":"https:\/\/elmetropolitano.com.gt\/es\/wp-json\/wp\/v2\/posts\/89034\/revisions\/89036"}],"wp:featuredmedia":[{"embeddable":true,"href":"https:\/\/elmetropolitano.com.gt\/es\/wp-json\/wp\/v2\/media\/89035"}],"wp:attachment":[{"href":"https:\/\/elmetropolitano.com.gt\/es\/wp-json\/wp\/v2\/media?parent=89034"}],"wp:term":[{"taxonomy":"category","embeddable":true,"href":"https:\/\/elmetropolitano.com.gt\/es\/wp-json\/wp\/v2\/categories?post=89034"},{"taxonomy":"post_tag","embeddable":true,"href":"https:\/\/elmetropolitano.com.gt\/es\/wp-json\/wp\/v2\/tags?post=89034"}],"curies":[{"name":"wp","href":"https:\/\/api.w.org\/{rel}","templated":true}]}}