{"id":89037,"date":"2024-09-18T10:14:21","date_gmt":"2024-09-18T16:14:21","guid":{"rendered":"https:\/\/elmetropolitano.com.gt\/es\/?p=89037"},"modified":"2024-09-18T10:14:22","modified_gmt":"2024-09-18T16:14:22","slug":"cemaco-celebra-25-anos-del-festival-de-guatemala-nuestra","status":"publish","type":"post","link":"https:\/\/elmetropolitano.com.gt\/es\/cemaco-celebra-25-anos-del-festival-de-guatemala-nuestra\/","title":{"rendered":"CEMACO celebra 25 a\u00f1os del Festival de Guatemala Nuestra"},"content":{"rendered":"\n<p>Un camino de trayectoria en alianza con artesanos, brindado productos 100% guatemaltecos de alta calidad, destacando su talento y creatividad en cada pieza.<\/p>\n\n\n\n<p><a><\/a>Durante el mes de septiembre CEMACO en alianza con artesanos locales, desarrolla el Festival Guatemala Nuestra. Que, en 2024, cumple 25 a\u00f1os de llevar a los hogares, colecciones de piezas \u00fanicas, que cuentan con una amplia gama de productos como muebles, accesorios, ropa, variedad de art\u00edculos, elaborados de materiales como tela, madera, cer\u00e1mica, pinturas a mano, vidrio soplado, velas arom\u00e1ticas y comida local.<\/p><div class=\"elmet-contenido\" id=\"elmet-2107556661\"><div class=\"elmet-adlabel\">Anuncios<\/div><div style=\"margin-top: 20px;margin-right: 20px;margin-bottom: 20px;margin-left: 20px;\" id=\"elmet-3627733464\"><a href=\"https:\/\/www.facebook.com\/arrincuanantigua\/\" aria-label=\"cintillo-arrin-cual\"><img loading=\"lazy\" decoding=\"async\" src=\"https:\/\/elmetropolitano.com.gt\/es\/wp-content\/uploads\/2021\/11\/cintillo-arrin-cual-1.jpg\" alt=\"\"  srcset=\"https:\/\/elmetropolitano.com.gt\/es\/wp-content\/uploads\/2021\/11\/cintillo-arrin-cual-1.jpg 750w, https:\/\/elmetropolitano.com.gt\/es\/wp-content\/uploads\/2021\/11\/cintillo-arrin-cual-1-300x36.jpg 300w, https:\/\/elmetropolitano.com.gt\/es\/wp-content\/uploads\/2021\/11\/cintillo-arrin-cual-1-600x72.jpg 600w\" sizes=\"(max-width: 750px) 100vw, 750px\" width=\"750\" height=\"90\"   \/><\/a><\/div><\/div>\n\n\n\n<p>Los socios que forman parte del Festival ponen su creatividad en cada pieza que producen, inspirados en Guatemala y comparten los mismos valores e ideales que CEMACO, buscando elevar a su comunidad, los art\u00edculos y la calidad que brindan a los clientes.<\/p>\n\n\n\n<p>Lo mejor de Guate en el Hogar: Para conocer y adquirir los productos de la Colecci\u00f3n 25 de Guatemala Nuestra, visite durante todo septiembre las tiendas Cemaco de Peri-Roosevelt, Pradera Concepci\u00f3n, Plaza Cemaco, Portales, Cayal\u00e1, Quetzaltenango y SanKriss Mall.<\/p>\n\n\n\n<p><a href=\"https:\/\/www.facebook.com\/hashtag\/cemaco?__eep__=6&amp;__cft__[0]=AZVJ2GNyqEK9Im1GhHCTwM-C4oVT8JHOnGm1tZrvihSOEDVL3ApdBFLkJzXCbxRNmkevyCv519tSSBBs2DjGLF3yzYv76VTeuhtmE7mr3ePP-ahf8LQd1Va_oby2fnJa-NqrmXdNRAZXRnkimANQwIuBHfv0P7h36-UGI19OGZnZQaunImvWr70pQE9fWgqXdbUEdFVzhogPBjhvX6ZH1L2m&amp;__tn__=*NK-R\">#Cemaco<\/a><a href=\"https:\/\/www.facebook.com\/hashtag\/metroredes?__eep__=6&amp;__cft__[0]=AZVJ2GNyqEK9Im1GhHCTwM-C4oVT8JHOnGm1tZrvihSOEDVL3ApdBFLkJzXCbxRNmkevyCv519tSSBBs2DjGLF3yzYv76VTeuhtmE7mr3ePP-ahf8LQd1Va_oby2fnJa-NqrmXdNRAZXRnkimANQwIuBHfv0P7h36-UGI19OGZnZQaunImvWr70pQE9fWgqXdbUEdFVzhogPBjhvX6ZH1L2m&amp;__tn__=*NK-R\">#metroredes<\/a><a href=\"https:\/\/www.facebook.com\/hashtag\/festivalguatemala?__eep__=6&amp;__cft__[0]=AZVJ2GNyqEK9Im1GhHCTwM-C4oVT8JHOnGm1tZrvihSOEDVL3ApdBFLkJzXCbxRNmkevyCv519tSSBBs2DjGLF3yzYv76VTeuhtmE7mr3ePP-ahf8LQd1Va_oby2fnJa-NqrmXdNRAZXRnkimANQwIuBHfv0P7h36-UGI19OGZnZQaunImvWr70pQE9fWgqXdbUEdFVzhogPBjhvX6ZH1L2m&amp;__tn__=*NK-R\">#festivalguatemala<\/a> <a href=\"https:\/\/l.facebook.com\/l.php?u=http%3A%2F%2FWww.elmetropolitano.com.gt%2F%3Ffbclid%3DIwZXh0bgNhZW0CMTAAAR35Py1sj5S8ydq5TmTF7lcus3LofFt3FTO-_P8p3rE6iIw8nZt3eEtlWcU_aem_cDSiwEZS2jS8CXnGOAYuUg&amp;h=AT11fBiqP8r75ke1TYa3zNk6wLsQU4_NMdSExuY6UAfsavyFC4-Moei93ylXQ9dUlzvm2oW1IKGTd_ROuQiw2GLyVRtqo0oJusfse2VsxqLE93w9R-I6E_waB6O7nk2HQ5Gd&amp;__tn__=-UK-R&amp;c[0]=AT1SRae-7VVd9y3EHE7q21KkoJJtoG8QabJzPLbM4MfakIlagfMRhTzQ9KL-qsjcVFs0nAi7869vsxa6WgA2DEr0-yA6wYfk43C1cJSLt_EWDD3MTDqmSfQJeMfn6m_8el4KPGRMaFYnfM6bIwDyfyZRW5t5EsgXLhFXh8DXbR1aILVqrJ8uehOVP3zX4wRKzzsOg07qXpUnZd_--lYe0fERphnS\" target=\"_blank\" rel=\"noreferrer noopener\">Www.elmetropolitano.com.gt<\/a> <a href=\"https:\/\/l.facebook.com\/l.php?u=http%3A%2F%2FWww.metroredes.com%2F%3Ffbclid%3DIwZXh0bgNhZW0CMTAAAR32hzbmF_9-2G-77ozP1lmsdrRrH4yTBiFM3xhaAYsrUY1ntx1Y0wXnsqI_aem_Ex0oxzsfxGRKmq9K3g1YaQ&amp;h=AT345Ojh23_d603VbiCxVHk__5mG5LgpvxB_e5Av6UX7WU5tIJQfiaVdaslW2FyjRAis-8ezZZnafPqFSXEN6om38yhkptGD2FJIlHE1dCnHYQZESMgCKMWzZzi-FL2ftoAZ&amp;__tn__=-UK-R&amp;c[0]=AT1SRae-7VVd9y3EHE7q21KkoJJtoG8QabJzPLbM4MfakIlagfMRhTzQ9KL-qsjcVFs0nAi7869vsxa6WgA2DEr0-yA6wYfk43C1cJSLt_EWDD3MTDqmSfQJeMfn6m_8el4KPGRMaFYnfM6bIwDyfyZRW5t5EsgXLhFXh8DXbR1aILVqrJ8uehOVP3zX4wRKzzsOg07qXpUnZd_--lYe0fERphnS\" target=\"_blank\" rel=\"noreferrer noopener\">Www.metroredes.com<\/a><\/p>\n\n\n\n<figure class=\"wp-block-gallery has-nested-images columns-default is-cropped wp-block-gallery-1 is-layout-flex wp-block-gallery-is-layout-flex\">\n<figure class=\"wp-block-image size-large\"><img loading=\"lazy\" decoding=\"async\" width=\"720\" height=\"720\" data-id=\"89042\" src=\"https:\/\/elmetropolitano.com.gt\/es\/wp-content\/uploads\/2024\/09\/460351430_1030088425783907_2764297738987520445_n.jpg\" alt=\"\" class=\"wp-image-89042\" srcset=\"https:\/\/elmetropolitano.com.gt\/es\/wp-content\/uploads\/2024\/09\/460351430_1030088425783907_2764297738987520445_n.jpg 720w, https:\/\/elmetropolitano.com.gt\/es\/wp-content\/uploads\/2024\/09\/460351430_1030088425783907_2764297738987520445_n-300x300.jpg 300w, https:\/\/elmetropolitano.com.gt\/es\/wp-content\/uploads\/2024\/09\/460351430_1030088425783907_2764297738987520445_n-150x150.jpg 150w\" sizes=\"auto, (max-width: 720px) 100vw, 720px\" \/><\/figure>\n\n\n\n<figure class=\"wp-block-image size-large\"><img loading=\"lazy\" decoding=\"async\" width=\"720\" height=\"480\" data-id=\"89041\" src=\"https:\/\/elmetropolitano.com.gt\/es\/wp-content\/uploads\/2024\/09\/460361013_1030088292450587_7968355955429411325_n-1.jpg\" alt=\"\" class=\"wp-image-89041\" srcset=\"https:\/\/elmetropolitano.com.gt\/es\/wp-content\/uploads\/2024\/09\/460361013_1030088292450587_7968355955429411325_n-1.jpg 720w, https:\/\/elmetropolitano.com.gt\/es\/wp-content\/uploads\/2024\/09\/460361013_1030088292450587_7968355955429411325_n-1-300x200.jpg 300w\" sizes=\"auto, (max-width: 720px) 100vw, 720px\" \/><\/figure>\n\n\n\n<figure class=\"wp-block-image size-large\"><img loading=\"lazy\" decoding=\"async\" width=\"720\" height=\"720\" data-id=\"89040\" src=\"https:\/\/elmetropolitano.com.gt\/es\/wp-content\/uploads\/2024\/09\/460552200_1030088372450579_2791284547918861697_n.jpg\" alt=\"\" class=\"wp-image-89040\" srcset=\"https:\/\/elmetropolitano.com.gt\/es\/wp-content\/uploads\/2024\/09\/460552200_1030088372450579_2791284547918861697_n.jpg 720w, https:\/\/elmetropolitano.com.gt\/es\/wp-content\/uploads\/2024\/09\/460552200_1030088372450579_2791284547918861697_n-300x300.jpg 300w, https:\/\/elmetropolitano.com.gt\/es\/wp-content\/uploads\/2024\/09\/460552200_1030088372450579_2791284547918861697_n-150x150.jpg 150w\" sizes=\"auto, (max-width: 720px) 100vw, 720px\" \/><\/figure>\n\n\n\n<figure class=\"wp-block-image size-large\"><img loading=\"lazy\" decoding=\"async\" width=\"720\" height=\"720\" data-id=\"89039\" src=\"https:\/\/elmetropolitano.com.gt\/es\/wp-content\/uploads\/2024\/09\/460654364_1030088325783917_413607159723614670_n.jpg\" alt=\"\" class=\"wp-image-89039\" srcset=\"https:\/\/elmetropolitano.com.gt\/es\/wp-content\/uploads\/2024\/09\/460654364_1030088325783917_413607159723614670_n.jpg 720w, https:\/\/elmetropolitano.com.gt\/es\/wp-content\/uploads\/2024\/09\/460654364_1030088325783917_413607159723614670_n-300x300.jpg 300w, https:\/\/elmetropolitano.com.gt\/es\/wp-content\/uploads\/2024\/09\/460654364_1030088325783917_413607159723614670_n-150x150.jpg 150w\" sizes=\"auto, (max-width: 720px) 100vw, 720px\" \/><\/figure>\n<\/figure>\n","protected":false},"excerpt":{"rendered":"<p>Un camino de trayectoria en alianza con artesanos, brindado productos 100% guatemaltecos de alta calidad, destacando su talento y creatividad en cada pieza. Durante el mes de septiembre CEMACO en alianza con artesanos locales, desarrolla el Festival Guatemala Nuestra. Que, en 2024, cumple 25 a\u00f1os de llevar a los hogares, colecciones de piezas \u00fanicas, que <a class=\"read-more\" href=\"https:\/\/elmetropolitano.com.gt\/es\/cemaco-celebra-25-anos-del-festival-de-guatemala-nuestra\/\">Leer m\u00e1s<\/a><\/p>\n","protected":false},"author":1,"featured_media":89038,"comment_status":"open","ping_status":"closed","sticky":false,"template":"","format":"standard","meta":{"footnotes":""},"categories":[31],"tags":[32],"class_list":["post-89037","post","type-post","status-publish","format-standard","has-post-thumbnail","hentry","category-metroimpulso","tag-metroimpulso"],"_links":{"self":[{"href":"https:\/\/elmetropolitano.com.gt\/es\/wp-json\/wp\/v2\/posts\/89037","targetHints":{"allow":["GET"]}}],"collection":[{"href":"https:\/\/elmetropolitano.com.gt\/es\/wp-json\/wp\/v2\/posts"}],"about":[{"href":"https:\/\/elmetropolitano.com.gt\/es\/wp-json\/wp\/v2\/types\/post"}],"author":[{"embeddable":true,"href":"https:\/\/elmetropolitano.com.gt\/es\/wp-json\/wp\/v2\/users\/1"}],"replies":[{"embeddable":true,"href":"https:\/\/elmetropolitano.com.gt\/es\/wp-json\/wp\/v2\/comments?post=89037"}],"version-history":[{"count":1,"href":"https:\/\/elmetropolitano.com.gt\/es\/wp-json\/wp\/v2\/posts\/89037\/revisions"}],"predecessor-version":[{"id":89043,"href":"https:\/\/elmetropolitano.com.gt\/es\/wp-json\/wp\/v2\/posts\/89037\/revisions\/89043"}],"wp:featuredmedia":[{"embeddable":true,"href":"https:\/\/elmetropolitano.com.gt\/es\/wp-json\/wp\/v2\/media\/89038"}],"wp:attachment":[{"href":"https:\/\/elmetropolitano.com.gt\/es\/wp-json\/wp\/v2\/media?parent=89037"}],"wp:term":[{"taxonomy":"category","embeddable":true,"href":"https:\/\/elmetropolitano.com.gt\/es\/wp-json\/wp\/v2\/categories?post=89037"},{"taxonomy":"post_tag","embeddable":true,"href":"https:\/\/elmetropolitano.com.gt\/es\/wp-json\/wp\/v2\/tags?post=89037"}],"curies":[{"name":"wp","href":"https:\/\/api.w.org\/{rel}","templated":true}]}}