{"id":89060,"date":"2024-09-19T10:26:01","date_gmt":"2024-09-19T16:26:01","guid":{"rendered":"https:\/\/elmetropolitano.com.gt\/es\/?p=89060"},"modified":"2024-09-19T10:26:02","modified_gmt":"2024-09-19T16:26:02","slug":"reinstalan-a-zoila-vasquez-como-maestra-del-ballet-nacional-christa-mertins","status":"publish","type":"post","link":"https:\/\/elmetropolitano.com.gt\/es\/reinstalan-a-zoila-vasquez-como-maestra-del-ballet-nacional-christa-mertins\/","title":{"rendered":"Reinstalan a Zoila V\u00e1squez como maestra del Ballet Nacional Christa Mertins"},"content":{"rendered":"\n<p>En el sal\u00f3n de ensayo, donde se preparan magn\u00edficas producciones del Ballet Nacional de Guatemala Christa Mertins, se reinstal\u00f3 a la balletista Zoila V\u00e1squez.<\/p>\n\n\n\n<p>La profesional vuelve a esta instituci\u00f3n que la hizo so\u00f1ar desde ni\u00f1a, cuando estudi\u00f3 en la Escuela Nacional de Danza, ahora bajo el nombre de Marcelle Bonge de Devaux. Luego de m\u00e1s de a\u00f1o y medio apartada de sus zapatillas, compa\u00f1eros y el amor <a><\/a>del p\u00fablico, los encargados de Recursos Humanos y autoridades de la Direcci\u00f3n General de las Artes le dieron la noticia de su reinstalaci\u00f3n.<\/p><div class=\"elmet-contenido\" id=\"elmet-3935722289\"><div class=\"elmet-adlabel\">Anuncios<\/div><div style=\"margin-top: 20px;margin-right: 20px;margin-bottom: 20px;margin-left: 20px;\" id=\"elmet-2329558489\"><a href=\"https:\/\/www.facebook.com\/arrincuanantigua\/\" aria-label=\"cintillo-arrin-cual\"><img loading=\"lazy\" decoding=\"async\" src=\"https:\/\/elmetropolitano.com.gt\/es\/wp-content\/uploads\/2021\/11\/cintillo-arrin-cual-1.jpg\" alt=\"\"  srcset=\"https:\/\/elmetropolitano.com.gt\/es\/wp-content\/uploads\/2021\/11\/cintillo-arrin-cual-1.jpg 750w, https:\/\/elmetropolitano.com.gt\/es\/wp-content\/uploads\/2021\/11\/cintillo-arrin-cual-1-300x36.jpg 300w, https:\/\/elmetropolitano.com.gt\/es\/wp-content\/uploads\/2021\/11\/cintillo-arrin-cual-1-600x72.jpg 600w\" sizes=\"(max-width: 750px) 100vw, 750px\" width=\"750\" height=\"90\"   \/><\/a><\/div><\/div>\n\n\n\n<p>\u201cEstamos muy contentos, este es un buen indicio que hace notorio el cambio. Somos un gobierno de puertas abiertas y nuestra intenci\u00f3n es optimizar el funcionamiento del ministerio en todas sus dependencias\u201d expres\u00f3 la ministra de Cultura y Deportes Luque Graziowo<\/p>\n\n\n\n<p>Asimismo, explic\u00f3 que el gobierno de Alejandro Giammattei efectu\u00f3 varias destituciones injustificadas, dejando plazas desfinanciadas, lo que ha dificultado la recontrataci\u00f3n de ese personal. Sin embargo, aclar\u00f3 que esta administraci\u00f3n trabaja para hacer todo lo necesario para completar los equipos dentro del ministerio.<\/p>\n\n\n\n<p>C\u00e1lido recibimiento para seguir impulsando las artes<\/p>\n\n\n\n<p>La directora general de las Artes, Ana Casta\u00f1eda, acompa\u00f1\u00f3 esta notificaci\u00f3n y recibi\u00f3 a Zoila V\u00e1squez de la siguiente forma:<\/p>\n\n\n\n<p>Este es un momento de esperanza, un momento de retomar las cosas y reencauzarlas a lo que siempre debi\u00f3 ser. Maestra, es un honor que vuelva a estar con nosotros, las puertas siempre est\u00e1n abiertas, y as\u00ed ha sido para cada una de las personas que se han acercado. Este es un s\u00edmbolo de cambio y (\u2026) es una muestra de lo que nos merecemos como artistas.<\/p>\n\n\n\n<p>Asimismo, la maestra V\u00e1squez, quien ha encarnado distintos roles como la reina Willis en Giselle, a Magde en La Silfide y la Reina de Corazones en Alicia en el Pa\u00eds de las Maravillas, entre otros, expres\u00f3 frente a sus compa\u00f1eros y personas presentes:<\/p>\n\n\n\n<p>Creemos que los artistas forman parte importante en nuestra sociedad. Da fe y esperanza saber que hay justicia en este pa\u00eds, que no tenemos que renunciar a nuestros derechos, que no tenemos que renunciar a nuestros valores para seguir caminando con la frente en alto de forma digna.<\/p>\n\n\n\n<p>A\u00f1adi\u00f3 que los padres de familia tienen la responsabilidad de formar grandes seres humanos, a lo que aun\u00f3 la esperanza de que m\u00e1s compa\u00f1eros regresen.<\/p>\n\n\n\n<p>El conflicto<\/p>\n\n\n\n<p>La balletista, quien laboraba como bailarina principal, fue destituida en marzo de 2023 tras realizar distintas peticiones a Felipe Aguilar, entonces ministro de Cultura y Deportes, para mejorar las condiciones de los artistas.<\/p>\n\n\n\n<p>Entre las necesidades figuraron temas como estabilidad laboral, llenar plazas vacantes, mejorar las condiciones de los espacios de ensayo, ya que el lin\u00f3leo tiene m\u00e1s de 20 a\u00f1os y, seg\u00fan Zoila, ha sido un factor que podr\u00eda poner en peligro la integridad f\u00edsica de los artistas, que podr\u00edan sufrir ca\u00eddas.<\/p>\n\n\n\n<p>Asimismo, la maestra Zoila y algunos de sus compa\u00f1eros solicitaron la reposici\u00f3n de tiempo cuando realizan presentaciones en fin de semana, condici\u00f3n que habr\u00eda sido valiosa en la celebraci\u00f3n del 75 aniversario del Ballet Nacional, la cual contar\u00eda con 30 presentaciones y que fue ahogada en 29 llamados de atenci\u00f3n que incluyeron justificaciones como faltas de respeto e irresponsabilidad en el trabajo.<\/p>\n\n\n\n<p>\u00a1Justicia para Zoila!<\/p>\n\n\n\n<p>En marzo y los siguientes meses de 2023, hubo marchas para solicitar la reinstalaci\u00f3n de la artista. Sin embargo, continuaron las no renovaciones de contratos. De mayo a noviembre fueron separados del ballet alrededor de 10 artistas y el descontento se manifest\u00f3 en las distintas redes sociales y \u00f3rganos correspondientes.<\/p>\n\n\n\n<p>Zoila expres\u00f3 que \u201cLo \u00fanico que est\u00e1bamos buscando eran mejoras para los j\u00f3venes, especialmente porque yo ya estoy por jubilarme, pero ellos no. Para ellos era una inestabilidad y no les pagaban m\u00e1s de tres veces al a\u00f1o. Hay condiciones que se pidieron y que a\u00fan no se han dado\u201d<\/p>\n\n\n\n<p>Bienvenida a casa<\/p>\n\n\n\n<p>Al mediod\u00eda del 17 de septiembre, autoridades de la Direcci\u00f3n General de las Artes y representantes de Recursos Humanos se apersonaron en la sede del Ballet Nacional de Guatemala Christa Mertins para hacer oficial el retorno de la profesional de la danza.<\/p>\n\n\n\n<p>La core\u00f3grafa Andrea \u00c1lvarez, manifest\u00f3: \u201cQuerida Zoila, esperamos de todo coraz\u00f3n que podamos salir adelante, juntos como siempre, como artistas y como buenas personas que somos. En nombre de todos los que la apoyamos le damos una sincera bienvenida, con mucho amor\u201d<\/p>\n\n\n\n<p><a href=\"https:\/\/www.facebook.com\/hashtag\/metroredes?__eep__=6&amp;__cft__[0]=AZWG2mR0qqbrfa2iAe-hPfWgmd3b1eWhRQLDIyuaSE5gDQ3X3lSweQTfP_xg9A-fdTaUjIT7CGr24ogthnFdoaSVm2suNlAJCOc_SX96mFjJf2uKekYw2CdEsNIXQD0FkwR0gu0P91kJDmx-mWN2XhEOLHUsDcY23m3pn6rS-tlsr-0gNQTyCcRfNo85z5la82MdNlOtJJuRoyOJ-woPX1eO6wHWnTpVdc7v0IhVBaaUBA&amp;__tn__=*NK-R\">#metroredes<\/a><a href=\"https:\/\/www.facebook.com\/hashtag\/balletnacional?__eep__=6&amp;__cft__[0]=AZWG2mR0qqbrfa2iAe-hPfWgmd3b1eWhRQLDIyuaSE5gDQ3X3lSweQTfP_xg9A-fdTaUjIT7CGr24ogthnFdoaSVm2suNlAJCOc_SX96mFjJf2uKekYw2CdEsNIXQD0FkwR0gu0P91kJDmx-mWN2XhEOLHUsDcY23m3pn6rS-tlsr-0gNQTyCcRfNo85z5la82MdNlOtJJuRoyOJ-woPX1eO6wHWnTpVdc7v0IhVBaaUBA&amp;__tn__=*NK-R\">#BalletNacional<\/a><\/p>\n","protected":false},"excerpt":{"rendered":"<p>En el sal\u00f3n de ensayo, donde se preparan magn\u00edficas producciones del Ballet Nacional de Guatemala Christa Mertins, se reinstal\u00f3 a la balletista Zoila V\u00e1squez. La profesional vuelve a esta instituci\u00f3n que la hizo so\u00f1ar desde ni\u00f1a, cuando estudi\u00f3 en la Escuela Nacional de Danza, ahora bajo el nombre de Marcelle Bonge de Devaux. Luego de <a class=\"read-more\" href=\"https:\/\/elmetropolitano.com.gt\/es\/reinstalan-a-zoila-vasquez-como-maestra-del-ballet-nacional-christa-mertins\/\">Leer m\u00e1s<\/a><\/p>\n","protected":false},"author":1,"featured_media":89061,"comment_status":"open","ping_status":"closed","sticky":false,"template":"","format":"standard","meta":{"footnotes":""},"categories":[2],"tags":[12],"class_list":["post-89060","post","type-post","status-publish","format-standard","has-post-thumbnail","hentry","category-nacionales","tag-nacionales"],"_links":{"self":[{"href":"https:\/\/elmetropolitano.com.gt\/es\/wp-json\/wp\/v2\/posts\/89060","targetHints":{"allow":["GET"]}}],"collection":[{"href":"https:\/\/elmetropolitano.com.gt\/es\/wp-json\/wp\/v2\/posts"}],"about":[{"href":"https:\/\/elmetropolitano.com.gt\/es\/wp-json\/wp\/v2\/types\/post"}],"author":[{"embeddable":true,"href":"https:\/\/elmetropolitano.com.gt\/es\/wp-json\/wp\/v2\/users\/1"}],"replies":[{"embeddable":true,"href":"https:\/\/elmetropolitano.com.gt\/es\/wp-json\/wp\/v2\/comments?post=89060"}],"version-history":[{"count":1,"href":"https:\/\/elmetropolitano.com.gt\/es\/wp-json\/wp\/v2\/posts\/89060\/revisions"}],"predecessor-version":[{"id":89062,"href":"https:\/\/elmetropolitano.com.gt\/es\/wp-json\/wp\/v2\/posts\/89060\/revisions\/89062"}],"wp:featuredmedia":[{"embeddable":true,"href":"https:\/\/elmetropolitano.com.gt\/es\/wp-json\/wp\/v2\/media\/89061"}],"wp:attachment":[{"href":"https:\/\/elmetropolitano.com.gt\/es\/wp-json\/wp\/v2\/media?parent=89060"}],"wp:term":[{"taxonomy":"category","embeddable":true,"href":"https:\/\/elmetropolitano.com.gt\/es\/wp-json\/wp\/v2\/categories?post=89060"},{"taxonomy":"post_tag","embeddable":true,"href":"https:\/\/elmetropolitano.com.gt\/es\/wp-json\/wp\/v2\/tags?post=89060"}],"curies":[{"name":"wp","href":"https:\/\/api.w.org\/{rel}","templated":true}]}}