{"id":89066,"date":"2024-09-19T10:43:54","date_gmt":"2024-09-19T16:43:54","guid":{"rendered":"https:\/\/elmetropolitano.com.gt\/es\/?p=89066"},"modified":"2024-09-19T10:43:55","modified_gmt":"2024-09-19T16:43:55","slug":"jefes-debloque-suspende-reunion-con-directores-del-inde","status":"publish","type":"post","link":"https:\/\/elmetropolitano.com.gt\/es\/jefes-debloque-suspende-reunion-con-directores-del-inde\/","title":{"rendered":"Jefes debloque suspende reuni\u00f3n con directores del INDE"},"content":{"rendered":"\n<p>Los jefes de bloque al ver que no se present\u00f3 en conjunto la Junta Directiva del Instituto Nacional de Electrificaci\u00f3n (INDE)suspendieron la reuni\u00f3n que ten\u00eda como prop\u00f3sito conocer el pr\u00e9stamo de 120 millonesde d\u00f3lares que son para la electrificaci\u00f3n rural del pa\u00eds.<\/p>\n\n\n\n<p>Este <a><\/a>pr\u00e9stamo lo ofrece el Banco Interamericano de Desarrollo (BID) y seg\u00fan una informaci\u00f3n que es un fondo fiduciario del sector p\u00fablico y que cuenta una facilidad de financiamiento flexible.<\/p><div class=\"elmet-contenido\" id=\"elmet-61355614\"><div class=\"elmet-adlabel\">Anuncios<\/div><div style=\"margin-top: 20px;margin-right: 20px;margin-bottom: 20px;margin-left: 20px;\" id=\"elmet-264578809\"><a href=\"https:\/\/www.facebook.com\/arrincuanantigua\/\" aria-label=\"cintillo-arrin-cual\"><img loading=\"lazy\" decoding=\"async\" src=\"https:\/\/elmetropolitano.com.gt\/es\/wp-content\/uploads\/2021\/11\/cintillo-arrin-cual-1.jpg\" alt=\"\"  srcset=\"https:\/\/elmetropolitano.com.gt\/es\/wp-content\/uploads\/2021\/11\/cintillo-arrin-cual-1.jpg 750w, https:\/\/elmetropolitano.com.gt\/es\/wp-content\/uploads\/2021\/11\/cintillo-arrin-cual-1-300x36.jpg 300w, https:\/\/elmetropolitano.com.gt\/es\/wp-content\/uploads\/2021\/11\/cintillo-arrin-cual-1-600x72.jpg 600w\" sizes=\"(max-width: 750px) 100vw, 750px\" width=\"750\" height=\"90\"   \/><\/a><\/div><\/div>\n\n\n\n<p>A la reuni\u00f3n de jefes de bloque solamente lleg\u00f3nada m\u00e1s Migda\u00e9l Gir\u00f3n, Gerente Financiero del INDE y el diputado Darwin Lucas,vicepresidente de Junta Directiva quien dirigi\u00f3 la misma dijo que losdirectivos de esa instituci\u00f3n enviaron una nota indicando que tuvieron una reuni\u00f3nde gabinete de gobierno.<\/p>\n\n\n\n<p>La quina secretaria de la Junta Directiva delCongreso, Sonia Guti\u00e9rrez Raguay propuso que la pr\u00f3xima reuni\u00f3n sea el pr\u00f3ximo mi\u00e9rcoles25 a las doce horas.<\/p>\n\n\n\n<p>Los jefes de bloque se\u00f1alan que es probable que la electrificaci\u00f3n rural cause impactos principalmente locales y ambientales negativos de corto plazo,para lo cual est\u00e1n disponibles medidas de mitigaci\u00f3n efectivas.<\/p>\n\n\n\n<p>Lo malo es que no hay posibilidades de que avance la electrificaci\u00f3n rural.<\/p>\n\n\n\n<p>El objetivo general de esta operaci\u00f3n es aumentar la cobertura el\u00e9ctrica en la zona rural.El objetivo espec\u00edfico es ampliar la conexi\u00f3n de nuevos usuarios en zonasrurales por medio de la construcci\u00f3n de redes de distribuci\u00f3n.<\/p>\n\n\n\n<p><a href=\"https:\/\/www.facebook.com\/hashtag\/inde?__eep__=6&amp;__cft__[0]=AZWTuh_JbwP-h0avREOLIYblhHkFl6aGT8YRObzlBGpBseOFZ8QgXYc9xjn5SVfgFarR_fgu6n5kLrc-3w5sgIfPyxO-R_wLmsuLxxYCh0aAbEiCIy9mQDglqb8dyg0ie7BqjRGF55-SFqJz4DunQwBIGp4eSe-s49LJ_uKNN7rF8fpj4xs3aNIfxKWV5mYbMHyk8xkVm8vKC4OwueQe6O1-CaDnEBsR_9HgOn0L5qtxlQ&amp;__tn__=*NK-R\">#Inde<\/a>. <a href=\"https:\/\/www.facebook.com\/hashtag\/metroredes?__eep__=6&amp;__cft__[0]=AZWTuh_JbwP-h0avREOLIYblhHkFl6aGT8YRObzlBGpBseOFZ8QgXYc9xjn5SVfgFarR_fgu6n5kLrc-3w5sgIfPyxO-R_wLmsuLxxYCh0aAbEiCIy9mQDglqb8dyg0ie7BqjRGF55-SFqJz4DunQwBIGp4eSe-s49LJ_uKNN7rF8fpj4xs3aNIfxKWV5mYbMHyk8xkVm8vKC4OwueQe6O1-CaDnEBsR_9HgOn0L5qtxlQ&amp;__tn__=*NK-R\">#metroredes<\/a><a href=\"https:\/\/www.facebook.com\/hashtag\/congresogt?__eep__=6&amp;__cft__[0]=AZWTuh_JbwP-h0avREOLIYblhHkFl6aGT8YRObzlBGpBseOFZ8QgXYc9xjn5SVfgFarR_fgu6n5kLrc-3w5sgIfPyxO-R_wLmsuLxxYCh0aAbEiCIy9mQDglqb8dyg0ie7BqjRGF55-SFqJz4DunQwBIGp4eSe-s49LJ_uKNN7rF8fpj4xs3aNIfxKWV5mYbMHyk8xkVm8vKC4OwueQe6O1-CaDnEBsR_9HgOn0L5qtxlQ&amp;__tn__=*NK-R\">#CongresoGT<\/a><\/p>\n","protected":false},"excerpt":{"rendered":"<p>Los jefes de bloque al ver que no se present\u00f3 en conjunto la Junta Directiva del Instituto Nacional de Electrificaci\u00f3n (INDE)suspendieron la reuni\u00f3n que ten\u00eda como prop\u00f3sito conocer el pr\u00e9stamo de 120 millonesde d\u00f3lares que son para la electrificaci\u00f3n rural del pa\u00eds. Este pr\u00e9stamo lo ofrece el Banco Interamericano de Desarrollo (BID) y seg\u00fan una <a class=\"read-more\" href=\"https:\/\/elmetropolitano.com.gt\/es\/jefes-debloque-suspende-reunion-con-directores-del-inde\/\">Leer m\u00e1s<\/a><\/p>\n","protected":false},"author":1,"featured_media":89067,"comment_status":"open","ping_status":"closed","sticky":false,"template":"","format":"standard","meta":{"footnotes":""},"categories":[2],"tags":[12],"class_list":["post-89066","post","type-post","status-publish","format-standard","has-post-thumbnail","hentry","category-nacionales","tag-nacionales"],"_links":{"self":[{"href":"https:\/\/elmetropolitano.com.gt\/es\/wp-json\/wp\/v2\/posts\/89066","targetHints":{"allow":["GET"]}}],"collection":[{"href":"https:\/\/elmetropolitano.com.gt\/es\/wp-json\/wp\/v2\/posts"}],"about":[{"href":"https:\/\/elmetropolitano.com.gt\/es\/wp-json\/wp\/v2\/types\/post"}],"author":[{"embeddable":true,"href":"https:\/\/elmetropolitano.com.gt\/es\/wp-json\/wp\/v2\/users\/1"}],"replies":[{"embeddable":true,"href":"https:\/\/elmetropolitano.com.gt\/es\/wp-json\/wp\/v2\/comments?post=89066"}],"version-history":[{"count":1,"href":"https:\/\/elmetropolitano.com.gt\/es\/wp-json\/wp\/v2\/posts\/89066\/revisions"}],"predecessor-version":[{"id":89068,"href":"https:\/\/elmetropolitano.com.gt\/es\/wp-json\/wp\/v2\/posts\/89066\/revisions\/89068"}],"wp:featuredmedia":[{"embeddable":true,"href":"https:\/\/elmetropolitano.com.gt\/es\/wp-json\/wp\/v2\/media\/89067"}],"wp:attachment":[{"href":"https:\/\/elmetropolitano.com.gt\/es\/wp-json\/wp\/v2\/media?parent=89066"}],"wp:term":[{"taxonomy":"category","embeddable":true,"href":"https:\/\/elmetropolitano.com.gt\/es\/wp-json\/wp\/v2\/categories?post=89066"},{"taxonomy":"post_tag","embeddable":true,"href":"https:\/\/elmetropolitano.com.gt\/es\/wp-json\/wp\/v2\/tags?post=89066"}],"curies":[{"name":"wp","href":"https:\/\/api.w.org\/{rel}","templated":true}]}}