{"id":89069,"date":"2024-09-19T11:21:47","date_gmt":"2024-09-19T17:21:47","guid":{"rendered":"https:\/\/elmetropolitano.com.gt\/es\/?p=89069"},"modified":"2024-09-19T11:21:47","modified_gmt":"2024-09-19T17:21:47","slug":"remiten-a-menor-presunto-responsable-de-disparar-contra-un-estudiante-en-colomba-costa-cuca","status":"publish","type":"post","link":"https:\/\/elmetropolitano.com.gt\/es\/remiten-a-menor-presunto-responsable-de-disparar-contra-un-estudiante-en-colomba-costa-cuca\/","title":{"rendered":"Remiten a menor presunto responsable de disparar contra un estudiante en Colomba Costa Cuca"},"content":{"rendered":"\n<p>La Polic\u00eda Nacional Civil (PNC) inform\u00f3 que investigadores de la Divisi\u00f3n Especializada en Investigaci\u00f3n Criminal (DEIC) lograron ubicar al presunto responsable de disparar contra un menor de edad en un complejo deportivo de Colomba Costa Cuca, Quetzaltenango.<\/p>\n\n\n\n<p>El sospechoso, tambi\u00e9n menor de edad de tan solo 14 a\u00f1os, fue identificado gracias a las c\u00e1maras de seguridad, quien portaba el <a><\/a>arma en las manos. Este d\u00eda, agentes policiales remitieron al sospechoso desde el caser\u00edo Nueva Santa Rosa, en el mismo municipio, hacia el juzgado para menores de edad en conflicto con la ley penal.<\/p><div class=\"elmet-contenido\" id=\"elmet-7875014\"><div class=\"elmet-adlabel\">Anuncios<\/div><div style=\"margin-top: 20px;margin-right: 20px;margin-bottom: 20px;margin-left: 20px;\" id=\"elmet-2979940343\"><a href=\"https:\/\/www.facebook.com\/arrincuanantigua\/\" aria-label=\"cintillo-arrin-cual\"><img loading=\"lazy\" decoding=\"async\" src=\"https:\/\/elmetropolitano.com.gt\/es\/wp-content\/uploads\/2021\/11\/cintillo-arrin-cual-1.jpg\" alt=\"\"  srcset=\"https:\/\/elmetropolitano.com.gt\/es\/wp-content\/uploads\/2021\/11\/cintillo-arrin-cual-1.jpg 750w, https:\/\/elmetropolitano.com.gt\/es\/wp-content\/uploads\/2021\/11\/cintillo-arrin-cual-1-300x36.jpg 300w, https:\/\/elmetropolitano.com.gt\/es\/wp-content\/uploads\/2021\/11\/cintillo-arrin-cual-1-600x72.jpg 600w\" sizes=\"(max-width: 750px) 100vw, 750px\" width=\"750\" height=\"90\"   \/><\/a><\/div><\/div>\n\n\n\n<p>El incidente armado ocurri\u00f3 este martes, en el que Franco Henry Puac Aguilar de 15 a\u00f1os recibi\u00f3 un impacto de bala cuando se encontraba en el interior del gimnasio municipal de Colomba Costa Cuca.<\/p>\n\n\n\n<p>La v\u00edctima, un estudiante del ciclo b\u00e1sico, recib\u00eda clases en el lugar, ya que el instituto en el que estudia est\u00e1 en proceso de remodelaci\u00f3n. En el ataque, el adolescente sufri\u00f3 una herida en la cabeza.<\/p>\n\n\n\n<p>Durante una conferencia de prensa ofrecida por el ministro de Gobernaci\u00f3n, Francisco Jim\u00e9nez, junto a las autoridades de la PNC, se indic\u00f3 que el ataque podr\u00eda estar vinculado a un enfrentamiento entre pandillas. Aunque las autoridades a\u00fan no han confirmado la causa exacta del hecho, el posible nexo con pandillas ha generado preocupaci\u00f3n en la comunidad local.<\/p>\n\n\n\n<p>Seguimiento de la investigaci\u00f3n<\/p>\n\n\n\n<p>El seguimiento de la investigaci\u00f3n permiti\u00f3 la r\u00e1pida identificaci\u00f3n tanto de la v\u00edctima como del presunto agresor. Las autoridades contin\u00faan con las pesquisas para esclarecer por completo los motivos del ataque y determinar si existen m\u00e1s involucrados. Mientras tanto, el joven herido sigue en estado cr\u00edtico, recibiendo atenci\u00f3n m\u00e9dica.<\/p>\n\n\n\n<p>Ante lo sucedido, el Ministerio de Educaci\u00f3n emiti\u00f3 un comunicado brindando su solidaridad ante lo sucedido y agradeci\u00f3 al Mingob por las acciones tomadas. Asimismo, el Mineduc est\u00e1 dispuesto a brindar la informaci\u00f3n que sea solicitada para darles seguimiento a las investigaciones.<\/p>\n\n\n\n<figure class=\"wp-block-gallery has-nested-images columns-default is-cropped wp-block-gallery-1 is-layout-flex wp-block-gallery-is-layout-flex\">\n<figure class=\"wp-block-image size-large\"><img loading=\"lazy\" decoding=\"async\" width=\"720\" height=\"480\" data-id=\"89071\" src=\"https:\/\/elmetropolitano.com.gt\/es\/wp-content\/uploads\/2024\/09\/460320184_1030378222421594_3900056853620069990_n.jpg\" alt=\"\" class=\"wp-image-89071\" srcset=\"https:\/\/elmetropolitano.com.gt\/es\/wp-content\/uploads\/2024\/09\/460320184_1030378222421594_3900056853620069990_n.jpg 720w, https:\/\/elmetropolitano.com.gt\/es\/wp-content\/uploads\/2024\/09\/460320184_1030378222421594_3900056853620069990_n-300x200.jpg 300w\" sizes=\"auto, (max-width: 720px) 100vw, 720px\" \/><\/figure>\n\n\n\n<figure class=\"wp-block-image size-large\"><img loading=\"lazy\" decoding=\"async\" width=\"506\" height=\"333\" data-id=\"89072\" src=\"https:\/\/elmetropolitano.com.gt\/es\/wp-content\/uploads\/2024\/09\/460546892_1030378182421598_7535903977534363739_n-1.jpg\" alt=\"\" class=\"wp-image-89072\" srcset=\"https:\/\/elmetropolitano.com.gt\/es\/wp-content\/uploads\/2024\/09\/460546892_1030378182421598_7535903977534363739_n-1.jpg 506w, https:\/\/elmetropolitano.com.gt\/es\/wp-content\/uploads\/2024\/09\/460546892_1030378182421598_7535903977534363739_n-1-300x197.jpg 300w\" sizes=\"auto, (max-width: 506px) 100vw, 506px\" \/><\/figure>\n<\/figure>\n","protected":false},"excerpt":{"rendered":"<p>La Polic\u00eda Nacional Civil (PNC) inform\u00f3 que investigadores de la Divisi\u00f3n Especializada en Investigaci\u00f3n Criminal (DEIC) lograron ubicar al presunto responsable de disparar contra un menor de edad en un complejo deportivo de Colomba Costa Cuca, Quetzaltenango. El sospechoso, tambi\u00e9n menor de edad de tan solo 14 a\u00f1os, fue identificado gracias a las c\u00e1maras de <a class=\"read-more\" href=\"https:\/\/elmetropolitano.com.gt\/es\/remiten-a-menor-presunto-responsable-de-disparar-contra-un-estudiante-en-colomba-costa-cuca\/\">Leer m\u00e1s<\/a><\/p>\n","protected":false},"author":1,"featured_media":89070,"comment_status":"open","ping_status":"closed","sticky":false,"template":"","format":"standard","meta":{"footnotes":""},"categories":[4],"tags":[13],"class_list":["post-89069","post","type-post","status-publish","format-standard","has-post-thumbnail","hentry","category-departamentales","tag-departamentales"],"_links":{"self":[{"href":"https:\/\/elmetropolitano.com.gt\/es\/wp-json\/wp\/v2\/posts\/89069","targetHints":{"allow":["GET"]}}],"collection":[{"href":"https:\/\/elmetropolitano.com.gt\/es\/wp-json\/wp\/v2\/posts"}],"about":[{"href":"https:\/\/elmetropolitano.com.gt\/es\/wp-json\/wp\/v2\/types\/post"}],"author":[{"embeddable":true,"href":"https:\/\/elmetropolitano.com.gt\/es\/wp-json\/wp\/v2\/users\/1"}],"replies":[{"embeddable":true,"href":"https:\/\/elmetropolitano.com.gt\/es\/wp-json\/wp\/v2\/comments?post=89069"}],"version-history":[{"count":1,"href":"https:\/\/elmetropolitano.com.gt\/es\/wp-json\/wp\/v2\/posts\/89069\/revisions"}],"predecessor-version":[{"id":89073,"href":"https:\/\/elmetropolitano.com.gt\/es\/wp-json\/wp\/v2\/posts\/89069\/revisions\/89073"}],"wp:featuredmedia":[{"embeddable":true,"href":"https:\/\/elmetropolitano.com.gt\/es\/wp-json\/wp\/v2\/media\/89070"}],"wp:attachment":[{"href":"https:\/\/elmetropolitano.com.gt\/es\/wp-json\/wp\/v2\/media?parent=89069"}],"wp:term":[{"taxonomy":"category","embeddable":true,"href":"https:\/\/elmetropolitano.com.gt\/es\/wp-json\/wp\/v2\/categories?post=89069"},{"taxonomy":"post_tag","embeddable":true,"href":"https:\/\/elmetropolitano.com.gt\/es\/wp-json\/wp\/v2\/tags?post=89069"}],"curies":[{"name":"wp","href":"https:\/\/api.w.org\/{rel}","templated":true}]}}