{"id":89077,"date":"2024-09-19T11:26:41","date_gmt":"2024-09-19T17:26:41","guid":{"rendered":"https:\/\/elmetropolitano.com.gt\/es\/?p=89077"},"modified":"2024-09-19T11:26:42","modified_gmt":"2024-09-19T17:26:42","slug":"diputado-byron-rodriguez-cito-a-la-sib-por-extorsion","status":"publish","type":"post","link":"https:\/\/elmetropolitano.com.gt\/es\/diputado-byron-rodriguez-cito-a-la-sib-por-extorsion\/","title":{"rendered":"Diputado Byron Rodr\u00edguez cit\u00f3 a la SIB por extorsi\u00f3n"},"content":{"rendered":"\n<p>El diputado Byron Rodr\u00edguez, subjefe delbloque Todos, cit\u00f3 a Sa\u00fal de Le\u00f3n, encargado de laSuperintendencia de Bancos -SIB-, con el objetivo de indagar sobre la privacidad de los datos bancarios de los usuarios a nivel nacional.<\/p>\n\n\n\n<p>El <a><\/a>parlamentario present\u00f3 durante la reuni\u00f3n un video con el que interpuso una denuncia ante el Ministerio P\u00fablico (MP) ya qu\u00e9 fue v\u00edctima de una extorsi\u00f3n.<\/p><div class=\"elmet-contenido\" id=\"elmet-820070273\"><div class=\"elmet-adlabel\">Anuncios<\/div><div style=\"margin-top: 20px;margin-right: 20px;margin-bottom: 20px;margin-left: 20px;\" id=\"elmet-3430607663\"><a href=\"https:\/\/www.facebook.com\/arrincuanantigua\/\" aria-label=\"cintillo-arrin-cual\"><img loading=\"lazy\" decoding=\"async\" src=\"https:\/\/elmetropolitano.com.gt\/es\/wp-content\/uploads\/2021\/11\/cintillo-arrin-cual-1.jpg\" alt=\"\"  srcset=\"https:\/\/elmetropolitano.com.gt\/es\/wp-content\/uploads\/2021\/11\/cintillo-arrin-cual-1.jpg 750w, https:\/\/elmetropolitano.com.gt\/es\/wp-content\/uploads\/2021\/11\/cintillo-arrin-cual-1-300x36.jpg 300w, https:\/\/elmetropolitano.com.gt\/es\/wp-content\/uploads\/2021\/11\/cintillo-arrin-cual-1-600x72.jpg 600w\" sizes=\"(max-width: 750px) 100vw, 750px\" width=\"750\" height=\"90\"   \/><\/a><\/div><\/div>\n\n\n\n<p>El Superintendente de bancos se escud\u00f3 que como el caso est\u00e1 en el MP no pueden involucrarse y agreg\u00f3 que no puede otorgar informaci\u00f3n de Cuentas bancarias a ninguna persona o entidad, salvo que se tenga una orden judicial.<\/p>\n\n\n\n<p>Para el parlamentario Rodriguez no hay cultura de denuncia, y le solicit\u00f3 que al t\u00e9rmino de 72 horas, le diera informaci\u00f3n de la huella digital se debe conservar por lo menos en 24 horas, por parte de la SIB.<\/p>\n\n\n\n<p>El diputado que es del distrito deQuetzaltenango record\u00f3 que hace unos d\u00edas fue objeto junto con otro parlamentario (Duay Mart\u00ednez) v\u00edctima del robo de datos financieros, lo cu\u00e1l evidencia que hay una vulneraci\u00f3n de la informaci\u00f3n bancaria tanto que de ser de parte de la SIB.<\/p>\n\n\n\n<p>\u201cEl encargado de la SIB no quiso asegurarlo pero tampoco indicaron de donde se puede estar filtrando la informaci\u00f3n bancaria de los guatemaltecos\u201d, expres\u00f3 el diputado de oposici\u00f3n<\/p>\n\n\n\n<p>A la vez de decir que \u201cesto es muy delicado tomando en cuenta que en Guatemala el \u00edndice de extorsi\u00f3n criminal est\u00e1 al alzay recibo cualquier cantidad de denuncias que indican que sus datos fueron obtenidos de manera ilegal por algunas personas y son v\u00edctimas de la extorsi\u00f3n\u201d. Anunci\u00f3 que continuar\u00e1 fiscalizando esta situaci\u00f3n financiera, ya que la extorsi\u00f3n es alt\u00edsima.<\/p>\n\n\n\n<p><a href=\"https:\/\/www.facebook.com\/hashtag\/metroredes?__eep__=6&amp;__cft__[0]=AZWMHWATIz6nS53JfDYTT-NDhUjNOzCROPPid-yUB5nhfOnCDvc8pMCGl25SotDZcw0jc5Ebtt7Rm8V0zZRsUdpnUmJ6sKwMS9L6edgZoflw0AP_e8woVUUCSojnavJx0elw006r653cXJMMc1V_gInjFo_blCtA0vJcLPI2wZMWMpK-zKZDxneD98P9xS3xYXWU1vbuSJf4gIKC4KhRYhwmrm0GLxKbUt84IG-XV6PPZg&amp;__tn__=*NK-R\">#metroredes<\/a><a href=\"https:\/\/www.facebook.com\/hashtag\/congresogt?__eep__=6&amp;__cft__[0]=AZWMHWATIz6nS53JfDYTT-NDhUjNOzCROPPid-yUB5nhfOnCDvc8pMCGl25SotDZcw0jc5Ebtt7Rm8V0zZRsUdpnUmJ6sKwMS9L6edgZoflw0AP_e8woVUUCSojnavJx0elw006r653cXJMMc1V_gInjFo_blCtA0vJcLPI2wZMWMpK-zKZDxneD98P9xS3xYXWU1vbuSJf4gIKC4KhRYhwmrm0GLxKbUt84IG-XV6PPZg&amp;__tn__=*NK-R\">#CongresoGT<\/a><a href=\"https:\/\/www.facebook.com\/hashtag\/sib?__eep__=6&amp;__cft__[0]=AZWMHWATIz6nS53JfDYTT-NDhUjNOzCROPPid-yUB5nhfOnCDvc8pMCGl25SotDZcw0jc5Ebtt7Rm8V0zZRsUdpnUmJ6sKwMS9L6edgZoflw0AP_e8woVUUCSojnavJx0elw006r653cXJMMc1V_gInjFo_blCtA0vJcLPI2wZMWMpK-zKZDxneD98P9xS3xYXWU1vbuSJf4gIKC4KhRYhwmrm0GLxKbUt84IG-XV6PPZg&amp;__tn__=*NK-R\">#SIB<\/a><\/p>\n\n\n\n<figure class=\"wp-block-gallery has-nested-images columns-default is-cropped wp-block-gallery-1 is-layout-flex wp-block-gallery-is-layout-flex\">\n<figure class=\"wp-block-image size-large\"><img loading=\"lazy\" decoding=\"async\" width=\"720\" height=\"480\" data-id=\"89079\" src=\"https:\/\/elmetropolitano.com.gt\/es\/wp-content\/uploads\/2024\/09\/460420840_1030521612407255_6520927780950789607_n.jpg\" alt=\"\" class=\"wp-image-89079\" srcset=\"https:\/\/elmetropolitano.com.gt\/es\/wp-content\/uploads\/2024\/09\/460420840_1030521612407255_6520927780950789607_n.jpg 720w, https:\/\/elmetropolitano.com.gt\/es\/wp-content\/uploads\/2024\/09\/460420840_1030521612407255_6520927780950789607_n-300x200.jpg 300w\" sizes=\"auto, (max-width: 720px) 100vw, 720px\" \/><\/figure>\n\n\n\n<figure class=\"wp-block-image size-large\"><img loading=\"lazy\" decoding=\"async\" width=\"720\" height=\"480\" data-id=\"89082\" src=\"https:\/\/elmetropolitano.com.gt\/es\/wp-content\/uploads\/2024\/09\/460616427_1030521565740593_8760431689210191056_n.jpg\" alt=\"\" class=\"wp-image-89082\" srcset=\"https:\/\/elmetropolitano.com.gt\/es\/wp-content\/uploads\/2024\/09\/460616427_1030521565740593_8760431689210191056_n.jpg 720w, https:\/\/elmetropolitano.com.gt\/es\/wp-content\/uploads\/2024\/09\/460616427_1030521565740593_8760431689210191056_n-300x200.jpg 300w\" sizes=\"auto, (max-width: 720px) 100vw, 720px\" \/><\/figure>\n<\/figure>\n","protected":false},"excerpt":{"rendered":"<p>El diputado Byron Rodr\u00edguez, subjefe delbloque Todos, cit\u00f3 a Sa\u00fal de Le\u00f3n, encargado de laSuperintendencia de Bancos -SIB-, con el objetivo de indagar sobre la privacidad de los datos bancarios de los usuarios a nivel nacional. El parlamentario present\u00f3 durante la reuni\u00f3n un video con el que interpuso una denuncia ante el Ministerio P\u00fablico (MP) <a class=\"read-more\" href=\"https:\/\/elmetropolitano.com.gt\/es\/diputado-byron-rodriguez-cito-a-la-sib-por-extorsion\/\">Leer m\u00e1s<\/a><\/p>\n","protected":false},"author":1,"featured_media":89078,"comment_status":"open","ping_status":"closed","sticky":false,"template":"","format":"standard","meta":{"footnotes":""},"categories":[2],"tags":[12],"class_list":["post-89077","post","type-post","status-publish","format-standard","has-post-thumbnail","hentry","category-nacionales","tag-nacionales"],"_links":{"self":[{"href":"https:\/\/elmetropolitano.com.gt\/es\/wp-json\/wp\/v2\/posts\/89077","targetHints":{"allow":["GET"]}}],"collection":[{"href":"https:\/\/elmetropolitano.com.gt\/es\/wp-json\/wp\/v2\/posts"}],"about":[{"href":"https:\/\/elmetropolitano.com.gt\/es\/wp-json\/wp\/v2\/types\/post"}],"author":[{"embeddable":true,"href":"https:\/\/elmetropolitano.com.gt\/es\/wp-json\/wp\/v2\/users\/1"}],"replies":[{"embeddable":true,"href":"https:\/\/elmetropolitano.com.gt\/es\/wp-json\/wp\/v2\/comments?post=89077"}],"version-history":[{"count":1,"href":"https:\/\/elmetropolitano.com.gt\/es\/wp-json\/wp\/v2\/posts\/89077\/revisions"}],"predecessor-version":[{"id":89083,"href":"https:\/\/elmetropolitano.com.gt\/es\/wp-json\/wp\/v2\/posts\/89077\/revisions\/89083"}],"wp:featuredmedia":[{"embeddable":true,"href":"https:\/\/elmetropolitano.com.gt\/es\/wp-json\/wp\/v2\/media\/89078"}],"wp:attachment":[{"href":"https:\/\/elmetropolitano.com.gt\/es\/wp-json\/wp\/v2\/media?parent=89077"}],"wp:term":[{"taxonomy":"category","embeddable":true,"href":"https:\/\/elmetropolitano.com.gt\/es\/wp-json\/wp\/v2\/categories?post=89077"},{"taxonomy":"post_tag","embeddable":true,"href":"https:\/\/elmetropolitano.com.gt\/es\/wp-json\/wp\/v2\/tags?post=89077"}],"curies":[{"name":"wp","href":"https:\/\/api.w.org\/{rel}","templated":true}]}}