{"id":89289,"date":"2024-09-24T11:33:15","date_gmt":"2024-09-24T17:33:15","guid":{"rendered":"https:\/\/elmetropolitano.com.gt\/es\/?p=89289"},"modified":"2024-09-24T12:01:48","modified_gmt":"2024-09-24T18:01:48","slug":"jhonatan-martinez-atleta-guatemalteco-gana-la-categoria-fisico-clasico-en-el-campeonato-mundial-en-irak","status":"publish","type":"post","link":"https:\/\/elmetropolitano.com.gt\/es\/jhonatan-martinez-atleta-guatemalteco-gana-la-categoria-fisico-clasico-en-el-campeonato-mundial-en-irak\/","title":{"rendered":"Jhonatan Mart\u00ednez, atleta guatemalteco, gana la categor\u00eda F\u00edsico Cl\u00e1sico en el Campeonato Mundial en Irak"},"content":{"rendered":"\n<p>El fisicoculturista Villanovano Jhonatan Mart\u00ednez se consagr\u00f3 campe\u00f3n en la categor\u00eda F\u00edsico Cl\u00e1sico durante el Campeonato Mundial de Fisicoculturismo, celebrado en la Isla de Kish, ubicada en el Golfo P\u00e9rsico, Irak.<\/p>\n\n\n\n<p>Este importante evento deportivo reuni\u00f3 a m\u00e1s de 125 pa\u00edses afiliados a la Federaci\u00f3n Internacional de Fisicoculturismo (IFBB, por sus siglas en ingl\u00e9s).<\/p><div class=\"elmet-contenido\" id=\"elmet-2731191341\"><div class=\"elmet-adlabel\">Anuncios<\/div><div style=\"margin-top: 20px;margin-right: 20px;margin-bottom: 20px;margin-left: 20px;\" id=\"elmet-518474428\"><a href=\"https:\/\/www.facebook.com\/arrincuanantigua\/\" aria-label=\"cintillo-arrin-cual\"><img loading=\"lazy\" decoding=\"async\" src=\"https:\/\/elmetropolitano.com.gt\/es\/wp-content\/uploads\/2021\/11\/cintillo-arrin-cual-1.jpg\" alt=\"\"  srcset=\"https:\/\/elmetropolitano.com.gt\/es\/wp-content\/uploads\/2021\/11\/cintillo-arrin-cual-1.jpg 750w, https:\/\/elmetropolitano.com.gt\/es\/wp-content\/uploads\/2021\/11\/cintillo-arrin-cual-1-300x36.jpg 300w, https:\/\/elmetropolitano.com.gt\/es\/wp-content\/uploads\/2021\/11\/cintillo-arrin-cual-1-600x72.jpg 600w\" sizes=\"(max-width: 750px) 100vw, 750px\" width=\"750\" height=\"90\"   \/><\/a><\/div><\/div>\n\n\n\n<p>La <a><\/a>preparaci\u00f3n de Jhonatan Mart\u00ednez estuvo a cargo del entrenador Rony Zamora y se extendi\u00f3 por m\u00e1s de seis meses. En esta fase final, Mart\u00ednez cont\u00f3 con el apoyo incondicional del Comit\u00e9 Ol\u00edmpico Guatemalteco y de las autoridades de la Confederaci\u00f3n Deportiva Aut\u00f3noma de Guatemala (CDAG).<\/p>\n\n\n\n<p>La delegaci\u00f3n guatemalteca tambi\u00e9n est\u00e1 integrada por los atletas Jorge Daniel Patz\u00e1n de Mixco y Jorge Galeano de Jalapa, quienes esperan su participaci\u00f3n durante el resto de la semana en otras categor\u00edas del evento.<\/p>\n\n\n\n<p><a href=\"https:\/\/www.facebook.com\/hashtag\/fisicoculturismo?__eep__=6&amp;__cft__[0]=AZXVCzNhEIyBLB2mzO24eO5bd7iKtnFmXTDGKIhu9uJ0rWhC1SJSdoPQd3zUnr1s2qZqWLccPa5VUTdwWHMaLcS_5eMyiCuy5kGyobl4SPD_Z-hV7MfeX3G4dzxSHChZOoqqESvPPZ63SLUxDqU1sRzVd43FG0jOcc6WGYIwapwRG49gNEC8xkvoaaSgVw1_0k01azJR45Y9zlnMosxnJ9WT&amp;__tn__=*NK-R\">#fisicoculturismo<\/a><a href=\"https:\/\/www.facebook.com\/hashtag\/metroredes?__eep__=6&amp;__cft__[0]=AZXVCzNhEIyBLB2mzO24eO5bd7iKtnFmXTDGKIhu9uJ0rWhC1SJSdoPQd3zUnr1s2qZqWLccPa5VUTdwWHMaLcS_5eMyiCuy5kGyobl4SPD_Z-hV7MfeX3G4dzxSHChZOoqqESvPPZ63SLUxDqU1sRzVd43FG0jOcc6WGYIwapwRG49gNEC8xkvoaaSgVw1_0k01azJR45Y9zlnMosxnJ9WT&amp;__tn__=*NK-R\">#metroredes<\/a><a href=\"https:\/\/www.facebook.com\/hashtag\/elmetropolitano?__eep__=6&amp;__cft__[0]=AZXVCzNhEIyBLB2mzO24eO5bd7iKtnFmXTDGKIhu9uJ0rWhC1SJSdoPQd3zUnr1s2qZqWLccPa5VUTdwWHMaLcS_5eMyiCuy5kGyobl4SPD_Z-hV7MfeX3G4dzxSHChZOoqqESvPPZ63SLUxDqU1sRzVd43FG0jOcc6WGYIwapwRG49gNEC8xkvoaaSgVw1_0k01azJR45Y9zlnMosxnJ9WT&amp;__tn__=*NK-R\">#ElMetropolitano<\/a><a href=\"https:\/\/www.facebook.com\/hashtag\/ifbbguatemala?__eep__=6&amp;__cft__[0]=AZXVCzNhEIyBLB2mzO24eO5bd7iKtnFmXTDGKIhu9uJ0rWhC1SJSdoPQd3zUnr1s2qZqWLccPa5VUTdwWHMaLcS_5eMyiCuy5kGyobl4SPD_Z-hV7MfeX3G4dzxSHChZOoqqESvPPZ63SLUxDqU1sRzVd43FG0jOcc6WGYIwapwRG49gNEC8xkvoaaSgVw1_0k01azJR45Y9zlnMosxnJ9WT&amp;__tn__=*NK-R\">#ifbbguatemala<\/a><\/p>\n\n\n\n<p><a href=\"https:\/\/l.facebook.com\/l.php?u=http%3A%2F%2Fwww.elmropolitano.com.gt%2F%3Ffbclid%3DIwZXh0bgNhZW0CMTAAAR0FxhDylObPLsNRxICc2OvMHMG_6T1LvUWIJD1Jl26-3VmqYxoucfEzdlE_aem_NZh5_21tI9W62IQdviCX0g&amp;h=AT0MCJdnxppb2iWcl8a04F0j6L1iQO50hTgYvZ22ph6F819ePzZrKxlYwReh5tA18Z71Tthk_2NV3fxxmnLgm637g7oRJOPPawBFbhIfKy8pZzbxNsJaBd5EwLl6UwfV50y8h2BH7MZoshYIfEN8&amp;__tn__=-UK-R&amp;c[0]=AT0cO65b7OcSG1rzC3D12hNHEWDKy9eD6KXTdxPi2_z-7F6kCK55sG-DSJSSNwl613hPKZ8M_ROtE3avURrSwU_iDgr8RfNG4OKkrxV1SQYb9yXotLwt8n7DHwuVl17i-6tPTSCj33CKKG1-tJrcksMkjgDI3J5jRTPyW8abC7FwFvvLccgec9n_CbCrsrVcmvqf-XkCDtP20NkXek4mVSlrRA5V\" target=\"_blank\" rel=\"noreferrer noopener\">www.elmropolitano.com.gt<\/a><a href=\"https:\/\/l.facebook.com\/l.php?u=http%3A%2F%2Fwww.metroredes.com%2F%3Ffbclid%3DIwZXh0bgNhZW0CMTAAAR3GVbAYo2otTxgYht1mwSXjVW6kRkfBvF5SuZt8WdZSDRyRN_Quj7EvKm8_aem_YuD0qL7l1X9VucMyEtamwQ&amp;h=AT3dgEt7E-OOTCLI0LFD2z_91Vfccnpzf9mbMUEKe2K2UZj70ID5iqgxarlNpLK9yo5NY642pJ_nOqaev2IMeqMDBI7x0Bq9A_9Ql8mHIoB3guQdnskzbpEx6pqgsb2JcNSOMmeKrJmQx1LsEABH&amp;__tn__=-UK-R&amp;c[0]=AT0cO65b7OcSG1rzC3D12hNHEWDKy9eD6KXTdxPi2_z-7F6kCK55sG-DSJSSNwl613hPKZ8M_ROtE3avURrSwU_iDgr8RfNG4OKkrxV1SQYb9yXotLwt8n7DHwuVl17i-6tPTSCj33CKKG1-tJrcksMkjgDI3J5jRTPyW8abC7FwFvvLccgec9n_CbCrsrVcmvqf-XkCDtP20NkXek4mVSlrRA5V\" target=\"_blank\" rel=\"noreferrer noopener\">www.metroredes.com<\/a><\/p>\n\n\n\n<figure class=\"wp-block-gallery has-nested-images columns-default is-cropped wp-block-gallery-1 is-layout-flex wp-block-gallery-is-layout-flex\">\n<figure class=\"wp-block-image size-large\"><img loading=\"lazy\" decoding=\"async\" width=\"720\" height=\"520\" data-id=\"89291\" src=\"https:\/\/elmetropolitano.com.gt\/es\/wp-content\/uploads\/2024\/09\/461186291_1034947408631342_2452393631461114308_n-1.jpg\" alt=\"\" class=\"wp-image-89291\" srcset=\"https:\/\/elmetropolitano.com.gt\/es\/wp-content\/uploads\/2024\/09\/461186291_1034947408631342_2452393631461114308_n-1.jpg 720w, https:\/\/elmetropolitano.com.gt\/es\/wp-content\/uploads\/2024\/09\/461186291_1034947408631342_2452393631461114308_n-1-300x217.jpg 300w\" sizes=\"auto, (max-width: 720px) 100vw, 720px\" \/><\/figure>\n\n\n\n<figure class=\"wp-block-image size-large\"><img loading=\"lazy\" decoding=\"async\" width=\"720\" height=\"720\" data-id=\"89292\" src=\"https:\/\/elmetropolitano.com.gt\/es\/wp-content\/uploads\/2024\/09\/461331423_1034947471964669_1224526632747224032_n.jpg\" alt=\"\" class=\"wp-image-89292\" srcset=\"https:\/\/elmetropolitano.com.gt\/es\/wp-content\/uploads\/2024\/09\/461331423_1034947471964669_1224526632747224032_n.jpg 720w, https:\/\/elmetropolitano.com.gt\/es\/wp-content\/uploads\/2024\/09\/461331423_1034947471964669_1224526632747224032_n-300x300.jpg 300w, https:\/\/elmetropolitano.com.gt\/es\/wp-content\/uploads\/2024\/09\/461331423_1034947471964669_1224526632747224032_n-150x150.jpg 150w\" sizes=\"auto, (max-width: 720px) 100vw, 720px\" \/><\/figure>\n<\/figure>\n","protected":false},"excerpt":{"rendered":"<p>El fisicoculturista Villanovano Jhonatan Mart\u00ednez se consagr\u00f3 campe\u00f3n en la categor\u00eda F\u00edsico Cl\u00e1sico durante el Campeonato Mundial de Fisicoculturismo, celebrado en la Isla de Kish, ubicada en el Golfo P\u00e9rsico, Irak. Este importante evento deportivo reuni\u00f3 a m\u00e1s de 125 pa\u00edses afiliados a la Federaci\u00f3n Internacional de Fisicoculturismo (IFBB, por sus siglas en ingl\u00e9s). La <a class=\"read-more\" href=\"https:\/\/elmetropolitano.com.gt\/es\/jhonatan-martinez-atleta-guatemalteco-gana-la-categoria-fisico-clasico-en-el-campeonato-mundial-en-irak\/\">Leer m\u00e1s<\/a><\/p>\n","protected":false},"author":1,"featured_media":89290,"comment_status":"open","ping_status":"closed","sticky":false,"template":"","format":"standard","meta":{"footnotes":""},"categories":[43],"tags":[44],"class_list":["post-89289","post","type-post","status-publish","format-standard","has-post-thumbnail","hentry","category-deportes","tag-deportes"],"_links":{"self":[{"href":"https:\/\/elmetropolitano.com.gt\/es\/wp-json\/wp\/v2\/posts\/89289","targetHints":{"allow":["GET"]}}],"collection":[{"href":"https:\/\/elmetropolitano.com.gt\/es\/wp-json\/wp\/v2\/posts"}],"about":[{"href":"https:\/\/elmetropolitano.com.gt\/es\/wp-json\/wp\/v2\/types\/post"}],"author":[{"embeddable":true,"href":"https:\/\/elmetropolitano.com.gt\/es\/wp-json\/wp\/v2\/users\/1"}],"replies":[{"embeddable":true,"href":"https:\/\/elmetropolitano.com.gt\/es\/wp-json\/wp\/v2\/comments?post=89289"}],"version-history":[{"count":1,"href":"https:\/\/elmetropolitano.com.gt\/es\/wp-json\/wp\/v2\/posts\/89289\/revisions"}],"predecessor-version":[{"id":89293,"href":"https:\/\/elmetropolitano.com.gt\/es\/wp-json\/wp\/v2\/posts\/89289\/revisions\/89293"}],"wp:featuredmedia":[{"embeddable":true,"href":"https:\/\/elmetropolitano.com.gt\/es\/wp-json\/wp\/v2\/media\/89290"}],"wp:attachment":[{"href":"https:\/\/elmetropolitano.com.gt\/es\/wp-json\/wp\/v2\/media?parent=89289"}],"wp:term":[{"taxonomy":"category","embeddable":true,"href":"https:\/\/elmetropolitano.com.gt\/es\/wp-json\/wp\/v2\/categories?post=89289"},{"taxonomy":"post_tag","embeddable":true,"href":"https:\/\/elmetropolitano.com.gt\/es\/wp-json\/wp\/v2\/tags?post=89289"}],"curies":[{"name":"wp","href":"https:\/\/api.w.org\/{rel}","templated":true}]}}