{"id":89433,"date":"2024-09-26T22:09:23","date_gmt":"2024-09-27T04:09:23","guid":{"rendered":"https:\/\/elmetropolitano.com.gt\/es\/?p=89433"},"modified":"2024-09-26T22:09:24","modified_gmt":"2024-09-27T04:09:24","slug":"cae-extraditable-requerido-por-estados-unidos-por-narcotrafico","status":"publish","type":"post","link":"https:\/\/elmetropolitano.com.gt\/es\/cae-extraditable-requerido-por-estados-unidos-por-narcotrafico\/","title":{"rendered":"Cae extraditable requerido por Estados Unidos por narcotr\u00e1fico"},"content":{"rendered":"\n<p>El guatemalteco Jos\u00e9 Manuel Aguilar Garc\u00eda, de 32 a\u00f1os, fue detenido por polic\u00edas de la Subdirecci\u00f3n General de An\u00e1lisis de Informaci\u00f3n Antinarc\u00f3tica SGAIA, en Morales, Izabal, por tener orden de aprehensi\u00f3n con fines de extradici\u00f3n hacia los Estados Unidos, por ser requerido para comparecer a juicio por la Corte Distrital de los Estados Unidos para el Distrito Sur de Nueva York, por tr\u00e1fico de drogas y delitos relacionados con armas de fuego, de fecha 11 de septiembre de este a\u00f1o, sindicado de los siguientes cargos.<\/p>\n\n\n\n<p>Cargo uno: conspiraci\u00f3n para importar hacia los Estados Unidos, desde un lugar fuera, cinco kilogramos o m\u00e1s de mezclas y sustancias conteniendo una cantidad detestable de coca\u00edna.<\/p><div class=\"elmet-contenido\" id=\"elmet-547448882\"><div class=\"elmet-adlabel\">Anuncios<\/div><div style=\"margin-top: 20px;margin-right: 20px;margin-bottom: 20px;margin-left: 20px;\" id=\"elmet-3242501307\"><a href=\"https:\/\/www.facebook.com\/arrincuanantigua\/\" aria-label=\"cintillo-arrin-cual\"><img loading=\"lazy\" decoding=\"async\" src=\"https:\/\/elmetropolitano.com.gt\/es\/wp-content\/uploads\/2021\/11\/cintillo-arrin-cual-1.jpg\" alt=\"\"  srcset=\"https:\/\/elmetropolitano.com.gt\/es\/wp-content\/uploads\/2021\/11\/cintillo-arrin-cual-1.jpg 750w, https:\/\/elmetropolitano.com.gt\/es\/wp-content\/uploads\/2021\/11\/cintillo-arrin-cual-1-300x36.jpg 300w, https:\/\/elmetropolitano.com.gt\/es\/wp-content\/uploads\/2021\/11\/cintillo-arrin-cual-1-600x72.jpg 600w\" sizes=\"(max-width: 750px) 100vw, 750px\" width=\"750\" height=\"90\"   \/><\/a><\/div><\/div>\n\n\n\n<p>Cargo dos: Posesi\u00f3n de armas de fuego, para el complemento de la conspiraci\u00f3n de droga, imputado en el cargo uno y asistir e instalar el delito.<\/p>\n\n\n\n<p>Cargo Tres: Conspiraci\u00f3n para poder armas de fuego, para el cumplimiento de la conspiraci\u00f3n de drogas imputado en el cargo uno.<\/p>\n\n\n\n<p>Una investigaci\u00f3n de las autoridades del cumplimiento de la ley demostr\u00f3 que Jos\u00e9 Manuel Aguilar , desde febrero a julio de este a\u00f1o, conspir\u00f3 con otros para transportar cientos de kilogramos de coca\u00edna en aeronaves desde Sudam\u00e9rica para su distribuci\u00f3n en Centroam\u00e9rica, Estados Unidos y otros lugares.<\/p>\n\n\n\n<p>En lo que va de este a\u00f1o, ya son 20 los detenidos con fines de extradici\u00f3n, 14 son por delitos relacionados al narcotr\u00e1fico, y seis por otros delitos.<\/p>\n\n\n\n<p>A este hombre se le decomis\u00f3 una pistola marca Glock, calibre .40, y una carabina, registrada al nombre del detenido. As\u00ed como un autom\u00f3vil marca Nissan, de color Beige.<\/p>\n\n\n\n<p><a href=\"https:\/\/www.facebook.com\/hashtag\/pncdeguqtenala?__eep__=6&amp;__cft__[0]=AZUmZxk7P7p3ZaYxvCXWtPO08IuobFS1CiIIeTskugApmijGdATvTVIioZ2d-8RbRx2GtILtRpjBNHFPIpyaCNJ3v_PMgztW66Nlbyn_bNdS0YSSpgT58IyGnRr_3PU-z48qM9Uk1gYsAQiOg2oFSuaJC_UB9_lQ2RP92Le7YXmr02t8n4AjlLUuX3XzmKwW6i-eNGfIaoWcw2ypkBFKn8Jw&amp;__tn__=*NK-R\">#Pncdeguqtenala<\/a><a href=\"https:\/\/www.facebook.com\/hashtag\/narcotrafico?__eep__=6&amp;__cft__[0]=AZUmZxk7P7p3ZaYxvCXWtPO08IuobFS1CiIIeTskugApmijGdATvTVIioZ2d-8RbRx2GtILtRpjBNHFPIpyaCNJ3v_PMgztW66Nlbyn_bNdS0YSSpgT58IyGnRr_3PU-z48qM9Uk1gYsAQiOg2oFSuaJC_UB9_lQ2RP92Le7YXmr02t8n4AjlLUuX3XzmKwW6i-eNGfIaoWcw2ypkBFKn8Jw&amp;__tn__=*NK-R\">#Narcotrafico<\/a><a href=\"https:\/\/www.facebook.com\/hashtag\/laseguridadeshoy?__eep__=6&amp;__cft__[0]=AZUmZxk7P7p3ZaYxvCXWtPO08IuobFS1CiIIeTskugApmijGdATvTVIioZ2d-8RbRx2GtILtRpjBNHFPIpyaCNJ3v_PMgztW66Nlbyn_bNdS0YSSpgT58IyGnRr_3PU-z48qM9Uk1gYsAQiOg2oFSuaJC_UB9_lQ2RP92Le7YXmr02t8n4AjlLUuX3XzmKwW6i-eNGfIaoWcw2ypkBFKn8Jw&amp;__tn__=*NK-R\">#LaSeguridadEsHoy<\/a><\/p>\n","protected":false},"excerpt":{"rendered":"<p>El guatemalteco Jos\u00e9 Manuel Aguilar Garc\u00eda, de 32 a\u00f1os, fue detenido por polic\u00edas de la Subdirecci\u00f3n General de An\u00e1lisis de Informaci\u00f3n Antinarc\u00f3tica SGAIA, en Morales, Izabal, por tener orden de aprehensi\u00f3n con fines de extradici\u00f3n hacia los Estados Unidos, por ser requerido para comparecer a juicio por la Corte Distrital de los Estados Unidos para <a class=\"read-more\" href=\"https:\/\/elmetropolitano.com.gt\/es\/cae-extraditable-requerido-por-estados-unidos-por-narcotrafico\/\">Leer m\u00e1s<\/a><\/p>\n","protected":false},"author":1,"featured_media":89434,"comment_status":"open","ping_status":"closed","sticky":false,"template":"","format":"standard","meta":{"footnotes":""},"categories":[2],"tags":[12],"class_list":["post-89433","post","type-post","status-publish","format-standard","has-post-thumbnail","hentry","category-nacionales","tag-nacionales"],"_links":{"self":[{"href":"https:\/\/elmetropolitano.com.gt\/es\/wp-json\/wp\/v2\/posts\/89433","targetHints":{"allow":["GET"]}}],"collection":[{"href":"https:\/\/elmetropolitano.com.gt\/es\/wp-json\/wp\/v2\/posts"}],"about":[{"href":"https:\/\/elmetropolitano.com.gt\/es\/wp-json\/wp\/v2\/types\/post"}],"author":[{"embeddable":true,"href":"https:\/\/elmetropolitano.com.gt\/es\/wp-json\/wp\/v2\/users\/1"}],"replies":[{"embeddable":true,"href":"https:\/\/elmetropolitano.com.gt\/es\/wp-json\/wp\/v2\/comments?post=89433"}],"version-history":[{"count":1,"href":"https:\/\/elmetropolitano.com.gt\/es\/wp-json\/wp\/v2\/posts\/89433\/revisions"}],"predecessor-version":[{"id":89435,"href":"https:\/\/elmetropolitano.com.gt\/es\/wp-json\/wp\/v2\/posts\/89433\/revisions\/89435"}],"wp:featuredmedia":[{"embeddable":true,"href":"https:\/\/elmetropolitano.com.gt\/es\/wp-json\/wp\/v2\/media\/89434"}],"wp:attachment":[{"href":"https:\/\/elmetropolitano.com.gt\/es\/wp-json\/wp\/v2\/media?parent=89433"}],"wp:term":[{"taxonomy":"category","embeddable":true,"href":"https:\/\/elmetropolitano.com.gt\/es\/wp-json\/wp\/v2\/categories?post=89433"},{"taxonomy":"post_tag","embeddable":true,"href":"https:\/\/elmetropolitano.com.gt\/es\/wp-json\/wp\/v2\/tags?post=89433"}],"curies":[{"name":"wp","href":"https:\/\/api.w.org\/{rel}","templated":true}]}}