{"id":89545,"date":"2024-09-29T18:25:33","date_gmt":"2024-09-30T00:25:33","guid":{"rendered":"https:\/\/elmetropolitano.com.gt\/es\/?p=89545"},"modified":"2024-09-29T18:33:28","modified_gmt":"2024-09-30T00:33:28","slug":"prestigioso-hotel-raices-del-lago-se-incendia-en-peten","status":"publish","type":"post","link":"https:\/\/elmetropolitano.com.gt\/es\/prestigioso-hotel-raices-del-lago-se-incendia-en-peten\/","title":{"rendered":"Prestigioso restaurante Ra\u00edces del Lago se incendia en Pet\u00e9n"},"content":{"rendered":"\n<p>El famoso restaurante Ra\u00edces del Lago, situado a la orilla del lago Pet\u00e9n Itza, San Miguel Pet\u00e9n, \u00a0fue consumido por las llamas hoy en horas de la tarde y se desconoce hasta el momento las consecuencias de este suceso.<\/p>\n\n\n\n<p>Ra\u00edces del Lago, conocido por su gastronom\u00eda artesanal y aunque no se conocen las causas del siniestro que provoc\u00f3 miles de quetzales en a\u00f1os, ya que el conocido y famoso hotel qued\u00f3 completamente destruido por las llamas.<\/p><div class=\"elmet-contenido\" id=\"elmet-4177862516\"><div class=\"elmet-adlabel\">Anuncios<\/div><div style=\"margin-top: 20px;margin-right: 20px;margin-bottom: 20px;margin-left: 20px;\" id=\"elmet-3952079157\"><a href=\"https:\/\/www.facebook.com\/arrincuanantigua\/\" aria-label=\"cintillo-arrin-cual\"><img loading=\"lazy\" decoding=\"async\" src=\"https:\/\/elmetropolitano.com.gt\/es\/wp-content\/uploads\/2021\/11\/cintillo-arrin-cual-1.jpg\" alt=\"\"  srcset=\"https:\/\/elmetropolitano.com.gt\/es\/wp-content\/uploads\/2021\/11\/cintillo-arrin-cual-1.jpg 750w, https:\/\/elmetropolitano.com.gt\/es\/wp-content\/uploads\/2021\/11\/cintillo-arrin-cual-1-300x36.jpg 300w, https:\/\/elmetropolitano.com.gt\/es\/wp-content\/uploads\/2021\/11\/cintillo-arrin-cual-1-600x72.jpg 600w\" sizes=\"(max-width: 750px) 100vw, 750px\" width=\"750\" height=\"90\"   \/><\/a><\/div><\/div>\n\n\n\n<p>Hasta el momento no se han reportado personas heridas ni p\u00e9rdidas humanas, solo p\u00e9rdidas materiales, ya que las llamas alcanzaron el techo del mismo, el estaba construido de paja, que fue f\u00e1cil presa de las llamas.<\/p>\n\n\n\n<p>Bomberos, trabajadores y vecinos que llegaron en lancha y se unieron para tratar de sofocar el fuego, pero ya nada pudieron hacer.<\/p>\n\n\n\n<p>#metroredes<\/p>\n\n\n\n<figure class=\"wp-block-embed is-type-rich is-provider-twitter wp-block-embed-twitter\"><div class=\"wp-block-embed__wrapper\">\n<blockquote class=\"twitter-tweet\" data-width=\"550\" data-dnt=\"true\"><p lang=\"es\" dir=\"ltr\">Prestigioso hotel Ra\u00edces del Lago se incendia en Pet\u00e9n<br><br>El famoso hotel Ra\u00edces del Lago, situado a la orilla del lago Pet\u00e9n Itza, San Miguel Pet\u00e9n,  fue consumido por las llamas hoy en horas de la tarde y se desconoce hasta el momento las consecuencias de este suceso.<br><br>Ra\u00edces del\u2026 <a href=\"https:\/\/t.co\/uInpjPSN6H\">pic.twitter.com\/uInpjPSN6H<\/a><\/p>&mdash; @elmetropolitanogt (@elmetrogt) <a href=\"https:\/\/twitter.com\/elmetrogt\/status\/1840547121357045974?ref_src=twsrc%5Etfw\">September 30, 2024<\/a><\/blockquote><script async src=\"https:\/\/platform.twitter.com\/widgets.js\" charset=\"utf-8\"><\/script>\n<\/div><\/figure>\n","protected":false},"excerpt":{"rendered":"<p>El famoso restaurante Ra\u00edces del Lago, situado a la orilla del lago Pet\u00e9n Itza, San Miguel Pet\u00e9n, \u00a0fue consumido por las llamas hoy en horas de la tarde y se desconoce hasta el momento las consecuencias de este suceso. Ra\u00edces del Lago, conocido por su gastronom\u00eda artesanal y aunque no se conocen las causas del <a class=\"read-more\" href=\"https:\/\/elmetropolitano.com.gt\/es\/prestigioso-hotel-raices-del-lago-se-incendia-en-peten\/\">Leer m\u00e1s<\/a><\/p>\n","protected":false},"author":1,"featured_media":89547,"comment_status":"open","ping_status":"closed","sticky":false,"template":"","format":"standard","meta":{"footnotes":""},"categories":[4],"tags":[13],"class_list":["post-89545","post","type-post","status-publish","format-standard","has-post-thumbnail","hentry","category-departamentales","tag-departamentales"],"_links":{"self":[{"href":"https:\/\/elmetropolitano.com.gt\/es\/wp-json\/wp\/v2\/posts\/89545","targetHints":{"allow":["GET"]}}],"collection":[{"href":"https:\/\/elmetropolitano.com.gt\/es\/wp-json\/wp\/v2\/posts"}],"about":[{"href":"https:\/\/elmetropolitano.com.gt\/es\/wp-json\/wp\/v2\/types\/post"}],"author":[{"embeddable":true,"href":"https:\/\/elmetropolitano.com.gt\/es\/wp-json\/wp\/v2\/users\/1"}],"replies":[{"embeddable":true,"href":"https:\/\/elmetropolitano.com.gt\/es\/wp-json\/wp\/v2\/comments?post=89545"}],"version-history":[{"count":2,"href":"https:\/\/elmetropolitano.com.gt\/es\/wp-json\/wp\/v2\/posts\/89545\/revisions"}],"predecessor-version":[{"id":89549,"href":"https:\/\/elmetropolitano.com.gt\/es\/wp-json\/wp\/v2\/posts\/89545\/revisions\/89549"}],"wp:featuredmedia":[{"embeddable":true,"href":"https:\/\/elmetropolitano.com.gt\/es\/wp-json\/wp\/v2\/media\/89547"}],"wp:attachment":[{"href":"https:\/\/elmetropolitano.com.gt\/es\/wp-json\/wp\/v2\/media?parent=89545"}],"wp:term":[{"taxonomy":"category","embeddable":true,"href":"https:\/\/elmetropolitano.com.gt\/es\/wp-json\/wp\/v2\/categories?post=89545"},{"taxonomy":"post_tag","embeddable":true,"href":"https:\/\/elmetropolitano.com.gt\/es\/wp-json\/wp\/v2\/tags?post=89545"}],"curies":[{"name":"wp","href":"https:\/\/api.w.org\/{rel}","templated":true}]}}