{"id":89565,"date":"2024-09-30T13:31:50","date_gmt":"2024-09-30T19:31:50","guid":{"rendered":"https:\/\/elmetropolitano.com.gt\/es\/?p=89565"},"modified":"2024-09-30T13:31:50","modified_gmt":"2024-09-30T19:31:50","slug":"restaurante-raices-agradece-solidaridad-y-sigue-atendiendo-en-flores-peten","status":"publish","type":"post","link":"https:\/\/elmetropolitano.com.gt\/es\/restaurante-raices-agradece-solidaridad-y-sigue-atendiendo-en-flores-peten\/","title":{"rendered":"Restaurante Raices agradece solidaridad y sigue atendiendo en Flores Pet\u00e9n"},"content":{"rendered":"\n<p>El grupo de trabajadores del restaurante Ra\u00edces que se incendi\u00f3 en en las orillas del lago Pet\u00e9n Itz\u00e1, mand\u00f3 al pueblo de Guatemala un mensaje \u201cdesde el coraz\u00f3n, agradeciendo por la solidaridad indicando que se levantar\u00e1n y caminar\u00e1n juntos, pero siguen atendiendo en el restaurante Ra\u00edces ubicado en el municipio de Flores.<\/p>\n\n\n\n<p>\u201cDesde lo m\u00e1s profundo de nuestro coraz\u00f3n queremos agradecer todas las <a><\/a>muestras de cari\u00f1o y apoyo que hemos recibido. Este ha sido un momento dif\u00edcil para nosotros, pero nos reconforta saber que contamos con una comunidad tan incre\u00edble y solidaria\u201d indica el equipo de Ra\u00edces en su comunicado de prensa.<\/p><div class=\"elmet-contenido\" id=\"elmet-67356014\"><div class=\"elmet-adlabel\">Anuncios<\/div><div style=\"margin-top: 20px;margin-right: 20px;margin-bottom: 20px;margin-left: 20px;\" id=\"elmet-1264100069\"><a href=\"https:\/\/www.facebook.com\/arrincuanantigua\/\" aria-label=\"cintillo-arrin-cual\"><img loading=\"lazy\" decoding=\"async\" src=\"https:\/\/elmetropolitano.com.gt\/es\/wp-content\/uploads\/2021\/11\/cintillo-arrin-cual-1.jpg\" alt=\"\"  srcset=\"https:\/\/elmetropolitano.com.gt\/es\/wp-content\/uploads\/2021\/11\/cintillo-arrin-cual-1.jpg 750w, https:\/\/elmetropolitano.com.gt\/es\/wp-content\/uploads\/2021\/11\/cintillo-arrin-cual-1-300x36.jpg 300w, https:\/\/elmetropolitano.com.gt\/es\/wp-content\/uploads\/2021\/11\/cintillo-arrin-cual-1-600x72.jpg 600w\" sizes=\"(max-width: 750px) 100vw, 750px\" width=\"750\" height=\"90\"   \/><\/a><\/div><\/div>\n\n\n\n<p>Agregando que \u201cVer c\u00f3mo tantas personas se han acercado, han escrito o simplemente han pensado en nosotros, ha sido una verdadera bendici\u00f3n\u201d.<\/p>\n\n\n\n<p>\u201cAfortunadamente, lo m\u00e1s importante es que no hubo p\u00e9rdidas humanas ni lesionados, y por ello damos gracias a Dios. Los da\u00f1os materiales se reparan, pero lo que llevaremos siempre con nosotros es el amor y el apoyo que ustedes nos han brindado. Cada mensaje, cada palabra de aliento, y cada gesto nos ha dado la fuerza y el \u00e1nimo para levantarnos y seguir adelante\u201d expresa el comunicado de Ra\u00edces.<\/p>\n\n\n\n<p>Enfatiza que \u201cesto nos motiva a continuar, con m\u00e1s energ\u00eda y m\u00e1s ganas que nunca. Seguimos adelante con el mismo entusiasmo, atendiendo desde nuestro restaurante en Flores, con la certeza de que, aunque la vida nos presente obst\u00e1culos, lo m\u00e1s importante es levantarse y seguir caminando\u201d.<\/p>\n\n\n\n<p><a href=\"https:\/\/www.facebook.com\/hashtag\/restaurantera%C3%ADces?__eep__=6&amp;__cft__[0]=AZVxZEefn-t_a5H6fuKGZRHXe2TZNRzXj2YgVtN-zfIWiNU_ETMgdJQIdI5WbII7DBXHBzDKQf_FHFEE6rua-tWYNLW9fXGGP_HsQM0RVmNq-Vx5HsEbFFZMqWzlGmxwwvjUQeK5ILZKE4xTCyTFKM2oyV4N-fzqaDKvx75GaHiPNen065RLQLgDFyTlpzZq2GnIF_tHL6hCWPw7r01WFXPb&amp;__tn__=*NK-R\">#RestauranteRa\u00edces<\/a><a href=\"https:\/\/www.facebook.com\/hashtag\/peten?__eep__=6&amp;__cft__[0]=AZVxZEefn-t_a5H6fuKGZRHXe2TZNRzXj2YgVtN-zfIWiNU_ETMgdJQIdI5WbII7DBXHBzDKQf_FHFEE6rua-tWYNLW9fXGGP_HsQM0RVmNq-Vx5HsEbFFZMqWzlGmxwwvjUQeK5ILZKE4xTCyTFKM2oyV4N-fzqaDKvx75GaHiPNen065RLQLgDFyTlpzZq2GnIF_tHL6hCWPw7r01WFXPb&amp;__tn__=*NK-R\">#peten<\/a><a href=\"https:\/\/www.facebook.com\/hashtag\/metroredes?__eep__=6&amp;__cft__[0]=AZVxZEefn-t_a5H6fuKGZRHXe2TZNRzXj2YgVtN-zfIWiNU_ETMgdJQIdI5WbII7DBXHBzDKQf_FHFEE6rua-tWYNLW9fXGGP_HsQM0RVmNq-Vx5HsEbFFZMqWzlGmxwwvjUQeK5ILZKE4xTCyTFKM2oyV4N-fzqaDKvx75GaHiPNen065RLQLgDFyTlpzZq2GnIF_tHL6hCWPw7r01WFXPb&amp;__tn__=*NK-R\">#metroredes<\/a><\/p>\n\n\n\n<figure class=\"wp-block-gallery has-nested-images columns-default is-cropped wp-block-gallery-1 is-layout-flex wp-block-gallery-is-layout-flex\">\n<figure class=\"wp-block-image size-large\"><img loading=\"lazy\" decoding=\"async\" width=\"720\" height=\"900\" data-id=\"89568\" src=\"https:\/\/elmetropolitano.com.gt\/es\/wp-content\/uploads\/2024\/09\/461718710_1039870081472408_1816196753242515292_n.jpg\" alt=\"\" class=\"wp-image-89568\" srcset=\"https:\/\/elmetropolitano.com.gt\/es\/wp-content\/uploads\/2024\/09\/461718710_1039870081472408_1816196753242515292_n.jpg 720w, https:\/\/elmetropolitano.com.gt\/es\/wp-content\/uploads\/2024\/09\/461718710_1039870081472408_1816196753242515292_n-240x300.jpg 240w\" sizes=\"auto, (max-width: 720px) 100vw, 720px\" \/><\/figure>\n\n\n\n<figure class=\"wp-block-image size-large\"><img loading=\"lazy\" decoding=\"async\" width=\"540\" height=\"665\" data-id=\"89567\" src=\"https:\/\/elmetropolitano.com.gt\/es\/wp-content\/uploads\/2024\/09\/461852203_1039870111472405_4832652254288525939_n-1.jpg\" alt=\"\" class=\"wp-image-89567\" srcset=\"https:\/\/elmetropolitano.com.gt\/es\/wp-content\/uploads\/2024\/09\/461852203_1039870111472405_4832652254288525939_n-1.jpg 540w, https:\/\/elmetropolitano.com.gt\/es\/wp-content\/uploads\/2024\/09\/461852203_1039870111472405_4832652254288525939_n-1-244x300.jpg 244w\" sizes=\"auto, (max-width: 540px) 100vw, 540px\" \/><\/figure>\n<\/figure>\n","protected":false},"excerpt":{"rendered":"<p>El grupo de trabajadores del restaurante Ra\u00edces que se incendi\u00f3 en en las orillas del lago Pet\u00e9n Itz\u00e1, mand\u00f3 al pueblo de Guatemala un mensaje \u201cdesde el coraz\u00f3n, agradeciendo por la solidaridad indicando que se levantar\u00e1n y caminar\u00e1n juntos, pero siguen atendiendo en el restaurante Ra\u00edces ubicado en el municipio de Flores. \u201cDesde lo m\u00e1s <a class=\"read-more\" href=\"https:\/\/elmetropolitano.com.gt\/es\/restaurante-raices-agradece-solidaridad-y-sigue-atendiendo-en-flores-peten\/\">Leer m\u00e1s<\/a><\/p>\n","protected":false},"author":1,"featured_media":89566,"comment_status":"open","ping_status":"closed","sticky":false,"template":"","format":"standard","meta":{"footnotes":""},"categories":[4],"tags":[13],"class_list":["post-89565","post","type-post","status-publish","format-standard","has-post-thumbnail","hentry","category-departamentales","tag-departamentales"],"_links":{"self":[{"href":"https:\/\/elmetropolitano.com.gt\/es\/wp-json\/wp\/v2\/posts\/89565","targetHints":{"allow":["GET"]}}],"collection":[{"href":"https:\/\/elmetropolitano.com.gt\/es\/wp-json\/wp\/v2\/posts"}],"about":[{"href":"https:\/\/elmetropolitano.com.gt\/es\/wp-json\/wp\/v2\/types\/post"}],"author":[{"embeddable":true,"href":"https:\/\/elmetropolitano.com.gt\/es\/wp-json\/wp\/v2\/users\/1"}],"replies":[{"embeddable":true,"href":"https:\/\/elmetropolitano.com.gt\/es\/wp-json\/wp\/v2\/comments?post=89565"}],"version-history":[{"count":1,"href":"https:\/\/elmetropolitano.com.gt\/es\/wp-json\/wp\/v2\/posts\/89565\/revisions"}],"predecessor-version":[{"id":89569,"href":"https:\/\/elmetropolitano.com.gt\/es\/wp-json\/wp\/v2\/posts\/89565\/revisions\/89569"}],"wp:featuredmedia":[{"embeddable":true,"href":"https:\/\/elmetropolitano.com.gt\/es\/wp-json\/wp\/v2\/media\/89566"}],"wp:attachment":[{"href":"https:\/\/elmetropolitano.com.gt\/es\/wp-json\/wp\/v2\/media?parent=89565"}],"wp:term":[{"taxonomy":"category","embeddable":true,"href":"https:\/\/elmetropolitano.com.gt\/es\/wp-json\/wp\/v2\/categories?post=89565"},{"taxonomy":"post_tag","embeddable":true,"href":"https:\/\/elmetropolitano.com.gt\/es\/wp-json\/wp\/v2\/tags?post=89565"}],"curies":[{"name":"wp","href":"https:\/\/api.w.org\/{rel}","templated":true}]}}