{"id":89597,"date":"2024-10-01T09:42:39","date_gmt":"2024-10-01T15:42:39","guid":{"rendered":"https:\/\/elmetropolitano.com.gt\/es\/?p=89597"},"modified":"2024-10-01T09:42:40","modified_gmt":"2024-10-01T15:42:40","slug":"onda-del-este-impactara-el-territorio-nacional","status":"publish","type":"post","link":"https:\/\/elmetropolitano.com.gt\/es\/onda-del-este-impactara-el-territorio-nacional\/","title":{"rendered":"Onda del este impactar\u00e1 el territorio nacional"},"content":{"rendered":"\n<p>A pocos d\u00edas de que finalice el invierno en Guatemala, una nueva onda tropical impactar\u00e1 a partir del martes 1 de octubre.<\/p>\n\n\n\n<p>El Instituto Nacional de Sismolog\u00eda, Vulcanolog\u00eda, Meteorolog\u00eda e Hidrolog\u00eda (Insivumeh) inform\u00f3 que este martes 1 de octubre se prev\u00e9 el paso de la onda tropical del este n\u00famero 25.<\/p><div class=\"elmet-contenido\" id=\"elmet-3689806188\"><div class=\"elmet-adlabel\">Anuncios<\/div><div style=\"margin-top: 20px;margin-right: 20px;margin-bottom: 20px;margin-left: 20px;\" id=\"elmet-4038149093\"><a href=\"https:\/\/www.facebook.com\/arrincuanantigua\/\" aria-label=\"cintillo-arrin-cual\"><img loading=\"lazy\" decoding=\"async\" src=\"https:\/\/elmetropolitano.com.gt\/es\/wp-content\/uploads\/2021\/11\/cintillo-arrin-cual-1.jpg\" alt=\"\"  srcset=\"https:\/\/elmetropolitano.com.gt\/es\/wp-content\/uploads\/2021\/11\/cintillo-arrin-cual-1.jpg 750w, https:\/\/elmetropolitano.com.gt\/es\/wp-content\/uploads\/2021\/11\/cintillo-arrin-cual-1-300x36.jpg 300w, https:\/\/elmetropolitano.com.gt\/es\/wp-content\/uploads\/2021\/11\/cintillo-arrin-cual-1-600x72.jpg 600w\" sizes=\"(max-width: 750px) 100vw, 750px\" width=\"750\" height=\"90\"   \/><\/a><\/div><\/div>\n\n\n\n<p>De <a><\/a>acuerdo con el detalle oficial, esta onda del este est\u00e1 asociada junto con un sistema de baja presi\u00f3n y con la influencia de la Vaguada Monz\u00f3nica.<\/p>\n\n\n\n<p>Por lo tanto, se espera que para este martes haya presencia de nublados con lloviznas o lluvias acompa\u00f1adas de actividad el\u00e9ctrica, principalmente en horas de la tarde y noche en todo el territorio nacional.<\/p>\n\n\n\n<p>Los expertos han recomendado tener las precauciones necesarias ante estas lluvias, crecidas de r\u00edos e inundaciones.<\/p>\n\n\n\n<p> <a href=\"https:\/\/www.facebook.com\/hashtag\/metroredes?__eep__=6&amp;__cft__[0]=AZW-_dN6hkAwCFYm3DZRr1IkOIDkUn7bm8uVKHwiE4o9aFd91ufY7g4ke17kkuaEGa2pagsBRt1MrS7bt6F2M6n3GxNLW43DYd_2f-OoURzi-t8N5SATKVlhe0a6X0pwzA_K1W0txXH8AxwxdOWH80dcfukEvribpAZKbId6DI3xH4zOlqKi2IOuS49t9uDYWekeFsxgnnwTRRg8n0BQk3cQ&amp;__tn__=*NK-R\">#Metroredes<\/a><a href=\"https:\/\/www.facebook.com\/hashtag\/elheraldogt?__eep__=6&amp;__cft__[0]=AZW-_dN6hkAwCFYm3DZRr1IkOIDkUn7bm8uVKHwiE4o9aFd91ufY7g4ke17kkuaEGa2pagsBRt1MrS7bt6F2M6n3GxNLW43DYd_2f-OoURzi-t8N5SATKVlhe0a6X0pwzA_K1W0txXH8AxwxdOWH80dcfukEvribpAZKbId6DI3xH4zOlqKi2IOuS49t9uDYWekeFsxgnnwTRRg8n0BQk3cQ&amp;__tn__=*NK-R\">#ElHeraldoGT<\/a><a href=\"https:\/\/www.facebook.com\/hashtag\/climagt?__eep__=6&amp;__cft__[0]=AZW-_dN6hkAwCFYm3DZRr1IkOIDkUn7bm8uVKHwiE4o9aFd91ufY7g4ke17kkuaEGa2pagsBRt1MrS7bt6F2M6n3GxNLW43DYd_2f-OoURzi-t8N5SATKVlhe0a6X0pwzA_K1W0txXH8AxwxdOWH80dcfukEvribpAZKbId6DI3xH4zOlqKi2IOuS49t9uDYWekeFsxgnnwTRRg8n0BQk3cQ&amp;__tn__=*NK-R\">#ClimaGT<\/a><\/p>\n","protected":false},"excerpt":{"rendered":"<p>A pocos d\u00edas de que finalice el invierno en Guatemala, una nueva onda tropical impactar\u00e1 a partir del martes 1 de octubre. El Instituto Nacional de Sismolog\u00eda, Vulcanolog\u00eda, Meteorolog\u00eda e Hidrolog\u00eda (Insivumeh) inform\u00f3 que este martes 1 de octubre se prev\u00e9 el paso de la onda tropical del este n\u00famero 25. De acuerdo con el <a class=\"read-more\" href=\"https:\/\/elmetropolitano.com.gt\/es\/onda-del-este-impactara-el-territorio-nacional\/\">Leer m\u00e1s<\/a><\/p>\n","protected":false},"author":1,"featured_media":89598,"comment_status":"open","ping_status":"closed","sticky":false,"template":"","format":"standard","meta":{"footnotes":""},"categories":[2],"tags":[12],"class_list":["post-89597","post","type-post","status-publish","format-standard","has-post-thumbnail","hentry","category-nacionales","tag-nacionales"],"_links":{"self":[{"href":"https:\/\/elmetropolitano.com.gt\/es\/wp-json\/wp\/v2\/posts\/89597","targetHints":{"allow":["GET"]}}],"collection":[{"href":"https:\/\/elmetropolitano.com.gt\/es\/wp-json\/wp\/v2\/posts"}],"about":[{"href":"https:\/\/elmetropolitano.com.gt\/es\/wp-json\/wp\/v2\/types\/post"}],"author":[{"embeddable":true,"href":"https:\/\/elmetropolitano.com.gt\/es\/wp-json\/wp\/v2\/users\/1"}],"replies":[{"embeddable":true,"href":"https:\/\/elmetropolitano.com.gt\/es\/wp-json\/wp\/v2\/comments?post=89597"}],"version-history":[{"count":1,"href":"https:\/\/elmetropolitano.com.gt\/es\/wp-json\/wp\/v2\/posts\/89597\/revisions"}],"predecessor-version":[{"id":89599,"href":"https:\/\/elmetropolitano.com.gt\/es\/wp-json\/wp\/v2\/posts\/89597\/revisions\/89599"}],"wp:featuredmedia":[{"embeddable":true,"href":"https:\/\/elmetropolitano.com.gt\/es\/wp-json\/wp\/v2\/media\/89598"}],"wp:attachment":[{"href":"https:\/\/elmetropolitano.com.gt\/es\/wp-json\/wp\/v2\/media?parent=89597"}],"wp:term":[{"taxonomy":"category","embeddable":true,"href":"https:\/\/elmetropolitano.com.gt\/es\/wp-json\/wp\/v2\/categories?post=89597"},{"taxonomy":"post_tag","embeddable":true,"href":"https:\/\/elmetropolitano.com.gt\/es\/wp-json\/wp\/v2\/tags?post=89597"}],"curies":[{"name":"wp","href":"https:\/\/api.w.org\/{rel}","templated":true}]}}