{"id":89618,"date":"2024-10-01T09:55:12","date_gmt":"2024-10-01T15:55:12","guid":{"rendered":"https:\/\/elmetropolitano.com.gt\/es\/?p=89618"},"modified":"2024-10-01T09:55:13","modified_gmt":"2024-10-01T15:55:13","slug":"arevalo-participo-en-la-ultima-reunion-de-amlo-con-mandatarios-de-la-region","status":"publish","type":"post","link":"https:\/\/elmetropolitano.com.gt\/es\/arevalo-participo-en-la-ultima-reunion-de-amlo-con-mandatarios-de-la-region\/","title":{"rendered":"Ar\u00e9valo participo en la ultima reuni\u00f3n de AMLO con mandatarios de la regi\u00f3n"},"content":{"rendered":"\n<p>El presidente Bernardo Ar\u00e9valo particip\u00f3 en una reuni\u00f3n de Andr\u00e9s Manuel L\u00f3pez Obrador, presidente saliente de M\u00e9xico, quien convoc\u00f3 a varios l\u00edderes de la regi\u00f3n para agradecerles su apoyo durante su administraci\u00f3n.<\/p>\n\n\n\n<p>En su cuenta de X, L\u00f3pez Obrador celebr\u00f3 este encuentro con Bernardo Ar\u00e9valo, presidente de Guatemala; John Brice\u00f1o, primer ministro de Belice; Luiz In\u00e1cio Lula da Silva, presidente de <a><\/a>Brasil; Gabriel Boric, presidente de Chile; Gustavo Petro, presidente de Colombia; Miguel D\u00edaz-Canel, presidente de Cuba, y Xiomara Castro, presidenta de Honduras.<\/p><div class=\"elmet-contenido\" id=\"elmet-2658939552\"><div class=\"elmet-adlabel\">Anuncios<\/div><div style=\"margin-top: 20px;margin-right: 20px;margin-bottom: 20px;margin-left: 20px;\" id=\"elmet-1467059851\"><a href=\"https:\/\/www.facebook.com\/arrincuanantigua\/\" aria-label=\"cintillo-arrin-cual\"><img loading=\"lazy\" decoding=\"async\" src=\"https:\/\/elmetropolitano.com.gt\/es\/wp-content\/uploads\/2021\/11\/cintillo-arrin-cual-1.jpg\" alt=\"\"  srcset=\"https:\/\/elmetropolitano.com.gt\/es\/wp-content\/uploads\/2021\/11\/cintillo-arrin-cual-1.jpg 750w, https:\/\/elmetropolitano.com.gt\/es\/wp-content\/uploads\/2021\/11\/cintillo-arrin-cual-1-300x36.jpg 300w, https:\/\/elmetropolitano.com.gt\/es\/wp-content\/uploads\/2021\/11\/cintillo-arrin-cual-1-600x72.jpg 600w\" sizes=\"(max-width: 750px) 100vw, 750px\" width=\"750\" height=\"90\"   \/><\/a><\/div><\/div>\n\n\n\n<p>El encuentro tuvo lugar en el Palacio Nacional de M\u00e9xico, donde el a\u00fan mandatario mexicano agradeci\u00f3 a los l\u00edderes en menci\u00f3n y a los pueblos que representan por sus muestras de apoyo y solidaridad durante su gesti\u00f3n.<\/p>\n\n\n\n<p>El gobernante mexicano particip\u00f3 horas antes en la develaci\u00f3n de su retrato presidencial que estar\u00e1 en la Galer\u00eda de los Presidentes, en el que se le muestra con el pueblo detr\u00e1s en el Z\u00f3calo. Se espera que este encuentro con los l\u00edderes regionales sea su \u00faltimo acto como presidente, previo a entregar hoy el cargo a la presidenta electa Claudia Sheinbaum.<\/p>\n\n\n\n<p>En este sentido, se prev\u00e9 que la transmisi\u00f3n de mando sea a las 11:00 horas hoy martes en la C\u00e1mara de Diputados.<\/p>\n\n\n\n<p>Texto: Daniel Coromac<\/p>\n\n\n\n<p><a href=\"https:\/\/www.facebook.com\/hashtag\/mexico?__eep__=6&amp;__cft__[0]=AZVTvaA7P7Ftv4w8jcbEwEO8oqDi7s_rHFAKQSv7EXU0_Ktk1ZRNEF3MsWB9QbdBj1ypgNcG6n-x7qp-6QPeFEWdoMvLQX0js8R-ZxxgwOJMUSAETfYoKyOqj_6ipSUuh-f0zoDCDfhS_Qpy_nsiZ10Bqmqd0Zt-CVEcdqb7JbCQmkv6-qFeg1X89Fn8AYU07dydkqZ7GvxnUVEKNl5S386W&amp;__tn__=*NK-R\">#Mexico<\/a><a href=\"https:\/\/www.facebook.com\/hashtag\/traspasodemando?__eep__=6&amp;__cft__[0]=AZVTvaA7P7Ftv4w8jcbEwEO8oqDi7s_rHFAKQSv7EXU0_Ktk1ZRNEF3MsWB9QbdBj1ypgNcG6n-x7qp-6QPeFEWdoMvLQX0js8R-ZxxgwOJMUSAETfYoKyOqj_6ipSUuh-f0zoDCDfhS_Qpy_nsiZ10Bqmqd0Zt-CVEcdqb7JbCQmkv6-qFeg1X89Fn8AYU07dydkqZ7GvxnUVEKNl5S386W&amp;__tn__=*NK-R\">#TraspasoDeMando<\/a><a href=\"https:\/\/www.facebook.com\/hashtag\/metroredes?__eep__=6&amp;__cft__[0]=AZVTvaA7P7Ftv4w8jcbEwEO8oqDi7s_rHFAKQSv7EXU0_Ktk1ZRNEF3MsWB9QbdBj1ypgNcG6n-x7qp-6QPeFEWdoMvLQX0js8R-ZxxgwOJMUSAETfYoKyOqj_6ipSUuh-f0zoDCDfhS_Qpy_nsiZ10Bqmqd0Zt-CVEcdqb7JbCQmkv6-qFeg1X89Fn8AYU07dydkqZ7GvxnUVEKNl5S386W&amp;__tn__=*NK-R\">#metroredes<\/a><\/p>\n","protected":false},"excerpt":{"rendered":"<p>El presidente Bernardo Ar\u00e9valo particip\u00f3 en una reuni\u00f3n de Andr\u00e9s Manuel L\u00f3pez Obrador, presidente saliente de M\u00e9xico, quien convoc\u00f3 a varios l\u00edderes de la regi\u00f3n para agradecerles su apoyo durante su administraci\u00f3n. En su cuenta de X, L\u00f3pez Obrador celebr\u00f3 este encuentro con Bernardo Ar\u00e9valo, presidente de Guatemala; John Brice\u00f1o, primer ministro de Belice; Luiz <a class=\"read-more\" href=\"https:\/\/elmetropolitano.com.gt\/es\/arevalo-participo-en-la-ultima-reunion-de-amlo-con-mandatarios-de-la-region\/\">Leer m\u00e1s<\/a><\/p>\n","protected":false},"author":1,"featured_media":89619,"comment_status":"open","ping_status":"closed","sticky":false,"template":"","format":"standard","meta":{"footnotes":""},"categories":[2],"tags":[12],"class_list":["post-89618","post","type-post","status-publish","format-standard","has-post-thumbnail","hentry","category-nacionales","tag-nacionales"],"_links":{"self":[{"href":"https:\/\/elmetropolitano.com.gt\/es\/wp-json\/wp\/v2\/posts\/89618","targetHints":{"allow":["GET"]}}],"collection":[{"href":"https:\/\/elmetropolitano.com.gt\/es\/wp-json\/wp\/v2\/posts"}],"about":[{"href":"https:\/\/elmetropolitano.com.gt\/es\/wp-json\/wp\/v2\/types\/post"}],"author":[{"embeddable":true,"href":"https:\/\/elmetropolitano.com.gt\/es\/wp-json\/wp\/v2\/users\/1"}],"replies":[{"embeddable":true,"href":"https:\/\/elmetropolitano.com.gt\/es\/wp-json\/wp\/v2\/comments?post=89618"}],"version-history":[{"count":1,"href":"https:\/\/elmetropolitano.com.gt\/es\/wp-json\/wp\/v2\/posts\/89618\/revisions"}],"predecessor-version":[{"id":89620,"href":"https:\/\/elmetropolitano.com.gt\/es\/wp-json\/wp\/v2\/posts\/89618\/revisions\/89620"}],"wp:featuredmedia":[{"embeddable":true,"href":"https:\/\/elmetropolitano.com.gt\/es\/wp-json\/wp\/v2\/media\/89619"}],"wp:attachment":[{"href":"https:\/\/elmetropolitano.com.gt\/es\/wp-json\/wp\/v2\/media?parent=89618"}],"wp:term":[{"taxonomy":"category","embeddable":true,"href":"https:\/\/elmetropolitano.com.gt\/es\/wp-json\/wp\/v2\/categories?post=89618"},{"taxonomy":"post_tag","embeddable":true,"href":"https:\/\/elmetropolitano.com.gt\/es\/wp-json\/wp\/v2\/tags?post=89618"}],"curies":[{"name":"wp","href":"https:\/\/api.w.org\/{rel}","templated":true}]}}