{"id":89737,"date":"2024-10-04T14:11:04","date_gmt":"2024-10-04T20:11:04","guid":{"rendered":"https:\/\/elmetropolitano.com.gt\/es\/?p=89737"},"modified":"2024-10-04T14:11:05","modified_gmt":"2024-10-04T20:11:05","slug":"presidente-arevalo-los-nuevos-magistrados-de-la-csj-deberan-recuperar-la-confianza-en-la-justicia","status":"publish","type":"post","link":"https:\/\/elmetropolitano.com.gt\/es\/presidente-arevalo-los-nuevos-magistrados-de-la-csj-deberan-recuperar-la-confianza-en-la-justicia\/","title":{"rendered":"Presidente Ar\u00e9valo: Los nuevos magistrados de la CSJ deber\u00e1n recuperar la confianza en la justicia"},"content":{"rendered":"\n<p>El Congreso de la Rep\u00fablica eligi\u00f3 a los 13 magistrados de la Corte Suprema de Justicia CSJ<\/p>\n\n\n\n<p>El <a><\/a>presidente Bernardo Ar\u00e9valo se refiri\u00f3 a la elecci\u00f3n de los 13 nuevos magistrados de la Corte Suprema de Justicia CSJ ,por parte del Congreso de la Rep\u00fablica.<\/p><div class=\"elmet-contenido\" id=\"elmet-21831884\"><div class=\"elmet-adlabel\">Anuncios<\/div><div style=\"margin-top: 20px;margin-right: 20px;margin-bottom: 20px;margin-left: 20px;\" id=\"elmet-89427980\"><a href=\"https:\/\/www.facebook.com\/arrincuanantigua\/\" aria-label=\"cintillo-arrin-cual\"><img loading=\"lazy\" decoding=\"async\" src=\"https:\/\/elmetropolitano.com.gt\/es\/wp-content\/uploads\/2021\/11\/cintillo-arrin-cual-1.jpg\" alt=\"\"  srcset=\"https:\/\/elmetropolitano.com.gt\/es\/wp-content\/uploads\/2021\/11\/cintillo-arrin-cual-1.jpg 750w, https:\/\/elmetropolitano.com.gt\/es\/wp-content\/uploads\/2021\/11\/cintillo-arrin-cual-1-300x36.jpg 300w, https:\/\/elmetropolitano.com.gt\/es\/wp-content\/uploads\/2021\/11\/cintillo-arrin-cual-1-600x72.jpg 600w\" sizes=\"(max-width: 750px) 100vw, 750px\" width=\"750\" height=\"90\"   \/><\/a><\/div><\/div>\n\n\n\n<p>Por medio de un mensaje a trav\u00e9s de sus redes oficiales, el mandatario destac\u00f3 que \u201c En las manos de la nueva CSJ est\u00e1 cumplir con el compromiso que el pueblo de Guatemala exige: recuperar la confianza en la justicia, el respeto a los derechos humanos y el combate frontal contra la impunidad\u201d<\/p>\n\n\n\n<p>Al mediod\u00eda de este jueves 3 de octubre dio inicio en el pleno del Congreso de la Rep\u00fablica la elecci\u00f3n de los 13 magistrados de la CSJ, quienes ocupar\u00e1n el cargo desde el 13 de octubre de 2024 al 12 de octubre de 2029.<\/p>\n\n\n\n<p>La responsabilidad del voto<\/p>\n\n\n\n<p>El jefe del Ejecutivo destac\u00f3 que el Congreso ha tomado su decisi\u00f3n y escogi\u00f3 a los nuevos magistrados de la m\u00e1xima instancia del Organismo Judicial. Cada diputado debe asumir la responsabilidad de su voto.<\/p>\n\n\n\n<p>M\u00e1s all\u00e1 de especulaciones, necesitamos ver su vocaci\u00f3n por la justicia en hechos concretos.<\/p>\n\n\n\n<p>\u201cNunca m\u00e1s cortes que no est\u00e9n al servicio de la democracia, el Estado de derecho y la construcci\u00f3n de un mejor futuro\u201d, refiri\u00f3 el presidente Ar\u00e9valo en consonancia con su pol\u00edtica de combate a la corrupci\u00f3n.<\/p>\n\n\n\n<p>Los elegidos<\/p>\n\n\n\n<p>Los profesionales electos como nuevos magistrados de la CSJ son los siguientes:<\/p>\n\n\n\n<p>Carlos Rodimiro Lucero Paz<\/p>\n\n\n\n<p>Claudia Lucrecia Paredes Casta\u00f1eda<\/p>\n\n\n\n<p>Gustavo Adolfo Morales Duarte<\/p>\n\n\n\n<p>Jenny Noemy Alvarado Teni<\/p>\n\n\n\n<p>Igma\u00edn Garc\u00eda Pimentel<\/p>\n\n\n\n<p>Flor de Mar\u00eda G\u00e1lvez Barrios de Porres<\/p>\n\n\n\n<p>Carlos Ramiro Contreras Valenzuela<\/p>\n\n\n\n<p>Flor de Mar\u00eda Garc\u00eda Villatoro<\/p>\n\n\n\n<p>Clemen Vanessa Ju\u00e1rez Midence<\/p>\n\n\n\n<p>Te\u00f3dulo Ildefonso Cifuentes Maldonado<\/p>\n\n\n\n<p>Estuardo Adolfo C\u00e1rdenas<\/p>\n\n\n\n<p>Luis Mauricio Corado Campos<\/p>\n\n\n\n<p>Ren\u00e9 Guillermo Gir\u00f3n Palacios<\/p>\n\n\n\n<p>Diversos actores consideran este proceso trascendental para el futuro de la lucha contra la corrupci\u00f3n en el pa\u00eds.<\/p>\n\n\n\n<p>De igual forma, el Organismo Legislativo guatemalteco tambi\u00e9n elegir\u00e1 aproximadamente a 220 jueces de Salas de Apelaciones de un listado de poco m\u00e1s de 300 candidatos.<\/p>\n\n\n\n<p>Texto: Brenda Larios<\/p>\n\n\n\n<p><a href=\"https:\/\/www.facebook.com\/hashtag\/metroredes?__eep__=6&amp;__cft__[0]=AZULRmuNMWVQI4yDOJFwZ849nfJLPfALfuI-FCsM-novzzUH3Lw4ooOkr6Edp4zG3WChKE-VHPc1TyKRJJ_hwpowPXKFUFM1CA2gS1-oMp3K9ZoloC4ykP9WyKouzw8Ho1iDSOa47cZFflfrfdduEE_4IUjs52QEJUlzyPmx0ik2PA34_ZWi1TXMQcq3220jKFQYmgvsEtK9hQdTfcR_6k3q&amp;__tn__=*NK-R\">#metroredes<\/a><a href=\"https:\/\/www.facebook.com\/hashtag\/cortesupremadejusticia?__eep__=6&amp;__cft__[0]=AZULRmuNMWVQI4yDOJFwZ849nfJLPfALfuI-FCsM-novzzUH3Lw4ooOkr6Edp4zG3WChKE-VHPc1TyKRJJ_hwpowPXKFUFM1CA2gS1-oMp3K9ZoloC4ykP9WyKouzw8Ho1iDSOa47cZFflfrfdduEE_4IUjs52QEJUlzyPmx0ik2PA34_ZWi1TXMQcq3220jKFQYmgvsEtK9hQdTfcR_6k3q&amp;__tn__=*NK-R\">#CorteSupremaDeJusticia<\/a><\/p>\n\n\n\n<p><\/p>\n","protected":false},"excerpt":{"rendered":"<p>El Congreso de la Rep\u00fablica eligi\u00f3 a los 13 magistrados de la Corte Suprema de Justicia CSJ El presidente Bernardo Ar\u00e9valo se refiri\u00f3 a la elecci\u00f3n de los 13 nuevos magistrados de la Corte Suprema de Justicia CSJ ,por parte del Congreso de la Rep\u00fablica. Por medio de un mensaje a trav\u00e9s de sus redes <a class=\"read-more\" href=\"https:\/\/elmetropolitano.com.gt\/es\/presidente-arevalo-los-nuevos-magistrados-de-la-csj-deberan-recuperar-la-confianza-en-la-justicia\/\">Leer m\u00e1s<\/a><\/p>\n","protected":false},"author":1,"featured_media":89738,"comment_status":"open","ping_status":"closed","sticky":false,"template":"","format":"standard","meta":{"footnotes":""},"categories":[2],"tags":[12],"class_list":["post-89737","post","type-post","status-publish","format-standard","has-post-thumbnail","hentry","category-nacionales","tag-nacionales"],"_links":{"self":[{"href":"https:\/\/elmetropolitano.com.gt\/es\/wp-json\/wp\/v2\/posts\/89737","targetHints":{"allow":["GET"]}}],"collection":[{"href":"https:\/\/elmetropolitano.com.gt\/es\/wp-json\/wp\/v2\/posts"}],"about":[{"href":"https:\/\/elmetropolitano.com.gt\/es\/wp-json\/wp\/v2\/types\/post"}],"author":[{"embeddable":true,"href":"https:\/\/elmetropolitano.com.gt\/es\/wp-json\/wp\/v2\/users\/1"}],"replies":[{"embeddable":true,"href":"https:\/\/elmetropolitano.com.gt\/es\/wp-json\/wp\/v2\/comments?post=89737"}],"version-history":[{"count":1,"href":"https:\/\/elmetropolitano.com.gt\/es\/wp-json\/wp\/v2\/posts\/89737\/revisions"}],"predecessor-version":[{"id":89739,"href":"https:\/\/elmetropolitano.com.gt\/es\/wp-json\/wp\/v2\/posts\/89737\/revisions\/89739"}],"wp:featuredmedia":[{"embeddable":true,"href":"https:\/\/elmetropolitano.com.gt\/es\/wp-json\/wp\/v2\/media\/89738"}],"wp:attachment":[{"href":"https:\/\/elmetropolitano.com.gt\/es\/wp-json\/wp\/v2\/media?parent=89737"}],"wp:term":[{"taxonomy":"category","embeddable":true,"href":"https:\/\/elmetropolitano.com.gt\/es\/wp-json\/wp\/v2\/categories?post=89737"},{"taxonomy":"post_tag","embeddable":true,"href":"https:\/\/elmetropolitano.com.gt\/es\/wp-json\/wp\/v2\/tags?post=89737"}],"curies":[{"name":"wp","href":"https:\/\/api.w.org\/{rel}","templated":true}]}}