{"id":89743,"date":"2024-10-04T14:58:43","date_gmt":"2024-10-04T20:58:43","guid":{"rendered":"https:\/\/elmetropolitano.com.gt\/es\/?p=89743"},"modified":"2024-10-04T14:58:44","modified_gmt":"2024-10-04T20:58:44","slug":"comunicaciones-empata-en-costa-rica-pero-cae-eliminado-ante-alajuelense","status":"publish","type":"post","link":"https:\/\/elmetropolitano.com.gt\/es\/comunicaciones-empata-en-costa-rica-pero-cae-eliminado-ante-alajuelense\/","title":{"rendered":"Comunicaciones empata en Costa Rica, pero cae eliminado ante Alajuelense"},"content":{"rendered":"\n<p>Los albos contin\u00faan su mala racha y ayer en un partido sin muchas luces, empat\u00f3 ones empat\u00f3 contra Alajuelense en Costa Rica, pero no le alcanz\u00f3 para remontar la serie que termin\u00f3 perdiendo 2-3 y qued\u00f3 eliminado de la Copa Centroamericana.<\/p>\n\n\n\n<p>Pese a tener el control en la mayor\u00eda del partido, los Cremas tuvieron que remontar el juego y luego del empate tuvieron varias oportunidades para forzar los tiros de penal, pero no lo consiguieron.<\/p><div class=\"elmet-contenido\" id=\"elmet-2118174839\"><div class=\"elmet-adlabel\">Anuncios<\/div><div style=\"margin-top: 20px;margin-right: 20px;margin-bottom: 20px;margin-left: 20px;\" id=\"elmet-2894273649\"><a href=\"https:\/\/www.facebook.com\/arrincuanantigua\/\" aria-label=\"cintillo-arrin-cual\"><img loading=\"lazy\" decoding=\"async\" src=\"https:\/\/elmetropolitano.com.gt\/es\/wp-content\/uploads\/2021\/11\/cintillo-arrin-cual-1.jpg\" alt=\"\"  srcset=\"https:\/\/elmetropolitano.com.gt\/es\/wp-content\/uploads\/2021\/11\/cintillo-arrin-cual-1.jpg 750w, https:\/\/elmetropolitano.com.gt\/es\/wp-content\/uploads\/2021\/11\/cintillo-arrin-cual-1-300x36.jpg 300w, https:\/\/elmetropolitano.com.gt\/es\/wp-content\/uploads\/2021\/11\/cintillo-arrin-cual-1-600x72.jpg 600w\" sizes=\"(max-width: 750px) 100vw, 750px\" width=\"750\" height=\"90\"   \/><\/a><\/div><\/div>\n\n\n\n<p>As\u00ed fueron los goles entre Alajuelense y Comunicaciones<\/p>\n\n\n\n<p>El equipo tico abri\u00f3 el marcador gracias a un penal en el minuto XX, que el \u00e1rbitro confirm\u00f3 con el VAR. Anderson Cardoso convirti\u00f3 la pena m\u00e1xima en gol al minuto 37.<\/p>\n\n\n\n<p>En el minuto 42, luego de un gran contragolpe de Londo\u00f1o, Diego Casas empat\u00f3 el partido con un gol de cabeza.<\/p>\n\n\n\n<p>Durante el segundo tiempo,<\/p>\n\n\n\n<p>Comunicaciones control\u00f3 el partido y estuvo muy cerca de anotar el gol que empatar\u00eda la serie pero este no lleg\u00f3.<\/p>\n\n\n\n<p>De esta manera, Alajuelense se llev\u00f3 la serie con un marcador global de 3-2 y avanz\u00f3 a semifinales de la Copa Centroamericana.<\/p>\n\n\n\n<p>Comunicaciones a\u00fan deber\u00e1 jugar una serie de repechaje contra el Saprissa por un boleto a la Liga de Campeones de la Concacaf.<\/p>\n\n\n\n<p>Texto: Juan Manuel Vega<\/p>\n\n\n\n<p><a href=\"https:\/\/www.facebook.com\/hashtag\/futbol?__eep__=6&amp;__cft__[0]=AZVo7emcGNnr9Y_Pnl-2Hi84iqDM7_RC1EzbXkTjuwb0C0qQ1Ih5cL-v_bPkRh8mU8ZpnoZEFH66hdC3D_c7_i6ufLrLrJ5mFDClN-lK8qNzRd1pK2ccUNbkoZRUZj_bR8ttwSHziRmkk6lbwDX_ZGXD664fUFOxfy6l7ZTd9dKp2mFyTocvYCDwyKLKCVwMqLh_GYyI4kMaBEwWa9XojJrd&amp;__tn__=*NK-R\">#Futbol<\/a><a href=\"https:\/\/www.facebook.com\/hashtag\/copacentroamericana?__eep__=6&amp;__cft__[0]=AZVo7emcGNnr9Y_Pnl-2Hi84iqDM7_RC1EzbXkTjuwb0C0qQ1Ih5cL-v_bPkRh8mU8ZpnoZEFH66hdC3D_c7_i6ufLrLrJ5mFDClN-lK8qNzRd1pK2ccUNbkoZRUZj_bR8ttwSHziRmkk6lbwDX_ZGXD664fUFOxfy6l7ZTd9dKp2mFyTocvYCDwyKLKCVwMqLh_GYyI4kMaBEwWa9XojJrd&amp;__tn__=*NK-R\">#CopaCentroamericana<\/a><\/p>\n\n\n\n<p><a href=\"https:\/\/www.facebook.com\/hashtag\/metroredes?__eep__=6&amp;__cft__[0]=AZVo7emcGNnr9Y_Pnl-2Hi84iqDM7_RC1EzbXkTjuwb0C0qQ1Ih5cL-v_bPkRh8mU8ZpnoZEFH66hdC3D_c7_i6ufLrLrJ5mFDClN-lK8qNzRd1pK2ccUNbkoZRUZj_bR8ttwSHziRmkk6lbwDX_ZGXD664fUFOxfy6l7ZTd9dKp2mFyTocvYCDwyKLKCVwMqLh_GYyI4kMaBEwWa9XojJrd&amp;__tn__=*NK-R\">#metroredes<\/a><\/p>\n\n\n\n<figure class=\"wp-block-gallery has-nested-images columns-default is-cropped wp-block-gallery-1 is-layout-flex wp-block-gallery-is-layout-flex\">\n<figure class=\"wp-block-image size-large\"><img loading=\"lazy\" decoding=\"async\" width=\"720\" height=\"900\" data-id=\"89746\" src=\"https:\/\/elmetropolitano.com.gt\/es\/wp-content\/uploads\/2024\/10\/461816798_1042681181191298_658926855533651682_n-1.jpg\" alt=\"\" class=\"wp-image-89746\" srcset=\"https:\/\/elmetropolitano.com.gt\/es\/wp-content\/uploads\/2024\/10\/461816798_1042681181191298_658926855533651682_n-1.jpg 720w, https:\/\/elmetropolitano.com.gt\/es\/wp-content\/uploads\/2024\/10\/461816798_1042681181191298_658926855533651682_n-1-240x300.jpg 240w\" sizes=\"auto, (max-width: 720px) 100vw, 720px\" \/><\/figure>\n\n\n\n<figure class=\"wp-block-image size-large\"><img loading=\"lazy\" decoding=\"async\" width=\"720\" height=\"901\" data-id=\"89747\" src=\"https:\/\/elmetropolitano.com.gt\/es\/wp-content\/uploads\/2024\/10\/461817686_1042681141191302_3667459915606039762_n.jpg\" alt=\"\" class=\"wp-image-89747\" srcset=\"https:\/\/elmetropolitano.com.gt\/es\/wp-content\/uploads\/2024\/10\/461817686_1042681141191302_3667459915606039762_n.jpg 720w, https:\/\/elmetropolitano.com.gt\/es\/wp-content\/uploads\/2024\/10\/461817686_1042681141191302_3667459915606039762_n-240x300.jpg 240w\" sizes=\"auto, (max-width: 720px) 100vw, 720px\" \/><\/figure>\n\n\n\n<figure class=\"wp-block-image size-large\"><img loading=\"lazy\" decoding=\"async\" width=\"720\" height=\"900\" data-id=\"89745\" src=\"https:\/\/elmetropolitano.com.gt\/es\/wp-content\/uploads\/2024\/10\/462000330_1042681211191295_850760084082343688_n.jpg\" alt=\"\" class=\"wp-image-89745\" srcset=\"https:\/\/elmetropolitano.com.gt\/es\/wp-content\/uploads\/2024\/10\/462000330_1042681211191295_850760084082343688_n.jpg 720w, https:\/\/elmetropolitano.com.gt\/es\/wp-content\/uploads\/2024\/10\/462000330_1042681211191295_850760084082343688_n-240x300.jpg 240w\" sizes=\"auto, (max-width: 720px) 100vw, 720px\" \/><\/figure>\n<\/figure>\n","protected":false},"excerpt":{"rendered":"<p>Los albos contin\u00faan su mala racha y ayer en un partido sin muchas luces, empat\u00f3 ones empat\u00f3 contra Alajuelense en Costa Rica, pero no le alcanz\u00f3 para remontar la serie que termin\u00f3 perdiendo 2-3 y qued\u00f3 eliminado de la Copa Centroamericana. Pese a tener el control en la mayor\u00eda del partido, los Cremas tuvieron que <a class=\"read-more\" href=\"https:\/\/elmetropolitano.com.gt\/es\/comunicaciones-empata-en-costa-rica-pero-cae-eliminado-ante-alajuelense\/\">Leer m\u00e1s<\/a><\/p>\n","protected":false},"author":1,"featured_media":89744,"comment_status":"open","ping_status":"closed","sticky":false,"template":"","format":"standard","meta":{"footnotes":""},"categories":[43],"tags":[44],"class_list":["post-89743","post","type-post","status-publish","format-standard","has-post-thumbnail","hentry","category-deportes","tag-deportes"],"_links":{"self":[{"href":"https:\/\/elmetropolitano.com.gt\/es\/wp-json\/wp\/v2\/posts\/89743","targetHints":{"allow":["GET"]}}],"collection":[{"href":"https:\/\/elmetropolitano.com.gt\/es\/wp-json\/wp\/v2\/posts"}],"about":[{"href":"https:\/\/elmetropolitano.com.gt\/es\/wp-json\/wp\/v2\/types\/post"}],"author":[{"embeddable":true,"href":"https:\/\/elmetropolitano.com.gt\/es\/wp-json\/wp\/v2\/users\/1"}],"replies":[{"embeddable":true,"href":"https:\/\/elmetropolitano.com.gt\/es\/wp-json\/wp\/v2\/comments?post=89743"}],"version-history":[{"count":1,"href":"https:\/\/elmetropolitano.com.gt\/es\/wp-json\/wp\/v2\/posts\/89743\/revisions"}],"predecessor-version":[{"id":89748,"href":"https:\/\/elmetropolitano.com.gt\/es\/wp-json\/wp\/v2\/posts\/89743\/revisions\/89748"}],"wp:featuredmedia":[{"embeddable":true,"href":"https:\/\/elmetropolitano.com.gt\/es\/wp-json\/wp\/v2\/media\/89744"}],"wp:attachment":[{"href":"https:\/\/elmetropolitano.com.gt\/es\/wp-json\/wp\/v2\/media?parent=89743"}],"wp:term":[{"taxonomy":"category","embeddable":true,"href":"https:\/\/elmetropolitano.com.gt\/es\/wp-json\/wp\/v2\/categories?post=89743"},{"taxonomy":"post_tag","embeddable":true,"href":"https:\/\/elmetropolitano.com.gt\/es\/wp-json\/wp\/v2\/tags?post=89743"}],"curies":[{"name":"wp","href":"https:\/\/api.w.org\/{rel}","templated":true}]}}