{"id":89780,"date":"2024-10-05T10:02:49","date_gmt":"2024-10-05T16:02:49","guid":{"rendered":"https:\/\/elmetropolitano.com.gt\/es\/?p=89780"},"modified":"2024-10-05T10:02:50","modified_gmt":"2024-10-05T16:02:50","slug":"maga-insta-al-sector-agropecuario-a-tomar-en-cuenta-una-reduccion-de-lluvias-estos-dias","status":"publish","type":"post","link":"https:\/\/elmetropolitano.com.gt\/es\/maga-insta-al-sector-agropecuario-a-tomar-en-cuenta-una-reduccion-de-lluvias-estos-dias\/","title":{"rendered":"MAGA insta al sector agropecuario a tomar en cuenta una reducci\u00f3n de lluvias estos d\u00edas"},"content":{"rendered":"\n<p>El Bolet\u00edn Agrometeorol\u00f3gico que el Ministerio de Agricultura, Ganader\u00eda y Alimentaci\u00f3n (MAGA) emite por medio de la Direcci\u00f3n de Informaci\u00f3n Geogr\u00e1fica, Estrat\u00e9gica y Gesti\u00f3n de Riesgos advierte que de este viernes 4 al lunes 7 de octubre habr\u00e1 variaciones importantes en las condiciones atmosf\u00e9ricas, especialmente en cuanto a la abundancia de lluvias.<\/p>\n\n\n\n<p>Seg\u00fan el bolet\u00edn, habr\u00e1 una reducci\u00f3n <a><\/a>notable en la cantidad de lluvia que caer\u00e1 en las regiones del sur y centro del pa\u00eds, un cambio para estas zonas, aunque no significa una pausa en la totalidad de las precipitaciones.<\/p><div class=\"elmet-contenido\" id=\"elmet-336328834\"><div class=\"elmet-adlabel\">Anuncios<\/div><div style=\"margin-top: 20px;margin-right: 20px;margin-bottom: 20px;margin-left: 20px;\" id=\"elmet-2189137314\"><a href=\"https:\/\/www.facebook.com\/arrincuanantigua\/\" aria-label=\"cintillo-arrin-cual\"><img loading=\"lazy\" decoding=\"async\" src=\"https:\/\/elmetropolitano.com.gt\/es\/wp-content\/uploads\/2021\/11\/cintillo-arrin-cual-1.jpg\" alt=\"\"  srcset=\"https:\/\/elmetropolitano.com.gt\/es\/wp-content\/uploads\/2021\/11\/cintillo-arrin-cual-1.jpg 750w, https:\/\/elmetropolitano.com.gt\/es\/wp-content\/uploads\/2021\/11\/cintillo-arrin-cual-1-300x36.jpg 300w, https:\/\/elmetropolitano.com.gt\/es\/wp-content\/uploads\/2021\/11\/cintillo-arrin-cual-1-600x72.jpg 600w\" sizes=\"(max-width: 750px) 100vw, 750px\" width=\"750\" height=\"90\"   \/><\/a><\/div><\/div>\n\n\n\n<p>Sin embargo, Guatemala atraviesa por condiciones que permiten la continuidad en el ingreso de altos niveles de humedad en la atm\u00f3sfera. Por tanto, se esperan cielos nublados, lloviznas y lluvias dispersas, principalmente en las regiones fronterizas con M\u00e9xico y en los departamentos ubicados en la Franja Transversal del Norte (Quich\u00e9, Alta Verapaz e Izabal).<\/p>\n\n\n\n<p>Sobre las temperaturas, el MAGA indica que las diurnas comenzar\u00e1n a restablecerse de manera gradual conforme avancen los d\u00edas, con un retorno a los valores normales a partir del domingo.<\/p>\n\n\n\n<p>A nivel local, insta a mantener monitoreos de las condiciones, con mayor atenci\u00f3n en las \u00e1reas donde persistan las lluvias.<\/p>\n\n\n\n<p>El agua puede generar efectos acumulativos en los suelos, incrementando el riesgo de deslizamientos o crecidas de r\u00edos en las zonas m\u00e1s vulnerables.<\/p>\n\n\n\n<p>Recomendaciones<\/p>\n\n\n\n<p>Para el sector pecuario, el MAGA emiti\u00f3 las siguientes recomendaciones:<\/p>\n\n\n\n<p><img loading=\"lazy\" decoding=\"async\" height=\"16\" width=\"16\" alt=\"\u25aa\" src=\"https:\/\/static.xx.fbcdn.net\/images\/emoji.php\/v9\/t4c\/1\/16\/25aa.png\">En prevenci\u00f3n por las inundaciones y crecidas repentinas de r\u00edos, se recomienda evacuar o mover al ganado hacia lugares altos y seguros con v\u00edas de acceso para asegurar su alimentaci\u00f3n.<\/p>\n\n\n\n<p><img loading=\"lazy\" decoding=\"async\" height=\"16\" width=\"16\" alt=\"\u25aa\" src=\"https:\/\/static.xx.fbcdn.net\/images\/emoji.php\/v9\/t4c\/1\/16\/25aa.png\">Tener cuidado con animales que permanecen atados o encerrados, pues en caso de inundaciones o desastres estos tienen mayor dificultad para alejarse del peligro y para la b\u00fasqueda de alimento.<\/p>\n\n\n\n<p><img loading=\"lazy\" decoding=\"async\" height=\"16\" width=\"16\" alt=\"\u25aa\" src=\"https:\/\/static.xx.fbcdn.net\/images\/emoji.php\/v9\/t4c\/1\/16\/25aa.png\">Guarde el alimento (concentrado) en lugares secos y sin contacto con el piso, puede utilizar tarimas.<\/p>\n\n\n\n<p>En cambio, para el sector agricultor aconsej\u00f3:<\/p>\n\n\n\n<p><img loading=\"lazy\" decoding=\"async\" height=\"16\" width=\"16\" alt=\"\u25aa\" src=\"https:\/\/static.xx.fbcdn.net\/images\/emoji.php\/v9\/t4c\/1\/16\/25aa.png\">Utilizar arena, piedra p\u00f3mez, compost para mejorar el drenaje y las propiedades biol\u00f3gicas de los suelos. Esto ayuda a la absorci\u00f3n del agua en los suelos y tambi\u00e9n da nutrientes a los suelos.<\/p>\n\n\n\n<p><img loading=\"lazy\" decoding=\"async\" height=\"16\" width=\"16\" alt=\"\u25aa\" src=\"https:\/\/static.xx.fbcdn.net\/images\/emoji.php\/v9\/t4c\/1\/16\/25aa.png\">Mantener limpios los canales de riesgo, acequias y zanjas para permitir el curso normal del agua, esto evitar\u00e1 anegamientos (inundaciones) en los terrenos agr\u00edcolas.<\/p>\n\n\n\n<p><img loading=\"lazy\" decoding=\"async\" height=\"16\" width=\"16\" alt=\"\u25aa\" src=\"https:\/\/static.xx.fbcdn.net\/images\/emoji.php\/v9\/t4c\/1\/16\/25aa.png\">En cuanto al cultivo del caf\u00e9, se recomienda mantener constante monitoreo por la posible presencia de roya y realizar las aplicaciones preventivas (de fungicida) para su control<\/p>\n\n\n\n<p>Texto: Daniel Coromac<\/p>\n\n\n\n<p><a href=\"https:\/\/www.facebook.com\/hashtag\/elagrochapin?__eep__=6&amp;__cft__[0]=AZXAv5u37XgZa4FMRetT6SQnAQqeExT0raUX8LIVwRPiajSjjudzbF-ZsDEpV19ot-fFrj7Bc9akQXD2_5C8WWwCQGcEhESQCjRrkUasK_GXs_uzCTeeorz2Kk4lPsSdkNvnpAQ5wPvPZRXkQrZl52VRGPYJrWSbKU4GWSuIZTDFESFauXWmzMCGsR8u2nKbb2j0OCtMX7znP7jXhZm_45Sj&amp;__tn__=*NK-R\">#ElagroChapin<\/a><a href=\"https:\/\/www.facebook.com\/hashtag\/metroredes?__eep__=6&amp;__cft__[0]=AZXAv5u37XgZa4FMRetT6SQnAQqeExT0raUX8LIVwRPiajSjjudzbF-ZsDEpV19ot-fFrj7Bc9akQXD2_5C8WWwCQGcEhESQCjRrkUasK_GXs_uzCTeeorz2Kk4lPsSdkNvnpAQ5wPvPZRXkQrZl52VRGPYJrWSbKU4GWSuIZTDFESFauXWmzMCGsR8u2nKbb2j0OCtMX7znP7jXhZm_45Sj&amp;__tn__=*NK-R\">#Metroredes<\/a><a href=\"https:\/\/www.facebook.com\/hashtag\/lluviasgt?__eep__=6&amp;__cft__[0]=AZXAv5u37XgZa4FMRetT6SQnAQqeExT0raUX8LIVwRPiajSjjudzbF-ZsDEpV19ot-fFrj7Bc9akQXD2_5C8WWwCQGcEhESQCjRrkUasK_GXs_uzCTeeorz2Kk4lPsSdkNvnpAQ5wPvPZRXkQrZl52VRGPYJrWSbKU4GWSuIZTDFESFauXWmzMCGsR8u2nKbb2j0OCtMX7znP7jXhZm_45Sj&amp;__tn__=*NK-R\">#LluviasGT<\/a><\/p>\n","protected":false},"excerpt":{"rendered":"<p>El Bolet\u00edn Agrometeorol\u00f3gico que el Ministerio de Agricultura, Ganader\u00eda y Alimentaci\u00f3n (MAGA) emite por medio de la Direcci\u00f3n de Informaci\u00f3n Geogr\u00e1fica, Estrat\u00e9gica y Gesti\u00f3n de Riesgos advierte que de este viernes 4 al lunes 7 de octubre habr\u00e1 variaciones importantes en las condiciones atmosf\u00e9ricas, especialmente en cuanto a la abundancia de lluvias. Seg\u00fan el bolet\u00edn, <a class=\"read-more\" href=\"https:\/\/elmetropolitano.com.gt\/es\/maga-insta-al-sector-agropecuario-a-tomar-en-cuenta-una-reduccion-de-lluvias-estos-dias\/\">Leer m\u00e1s<\/a><\/p>\n","protected":false},"author":1,"featured_media":89781,"comment_status":"open","ping_status":"closed","sticky":false,"template":"","format":"standard","meta":{"footnotes":""},"categories":[2],"tags":[12],"class_list":["post-89780","post","type-post","status-publish","format-standard","has-post-thumbnail","hentry","category-nacionales","tag-nacionales"],"_links":{"self":[{"href":"https:\/\/elmetropolitano.com.gt\/es\/wp-json\/wp\/v2\/posts\/89780","targetHints":{"allow":["GET"]}}],"collection":[{"href":"https:\/\/elmetropolitano.com.gt\/es\/wp-json\/wp\/v2\/posts"}],"about":[{"href":"https:\/\/elmetropolitano.com.gt\/es\/wp-json\/wp\/v2\/types\/post"}],"author":[{"embeddable":true,"href":"https:\/\/elmetropolitano.com.gt\/es\/wp-json\/wp\/v2\/users\/1"}],"replies":[{"embeddable":true,"href":"https:\/\/elmetropolitano.com.gt\/es\/wp-json\/wp\/v2\/comments?post=89780"}],"version-history":[{"count":1,"href":"https:\/\/elmetropolitano.com.gt\/es\/wp-json\/wp\/v2\/posts\/89780\/revisions"}],"predecessor-version":[{"id":89782,"href":"https:\/\/elmetropolitano.com.gt\/es\/wp-json\/wp\/v2\/posts\/89780\/revisions\/89782"}],"wp:featuredmedia":[{"embeddable":true,"href":"https:\/\/elmetropolitano.com.gt\/es\/wp-json\/wp\/v2\/media\/89781"}],"wp:attachment":[{"href":"https:\/\/elmetropolitano.com.gt\/es\/wp-json\/wp\/v2\/media?parent=89780"}],"wp:term":[{"taxonomy":"category","embeddable":true,"href":"https:\/\/elmetropolitano.com.gt\/es\/wp-json\/wp\/v2\/categories?post=89780"},{"taxonomy":"post_tag","embeddable":true,"href":"https:\/\/elmetropolitano.com.gt\/es\/wp-json\/wp\/v2\/tags?post=89780"}],"curies":[{"name":"wp","href":"https:\/\/api.w.org\/{rel}","templated":true}]}}