{"id":90556,"date":"2024-10-22T10:15:35","date_gmt":"2024-10-22T16:15:35","guid":{"rendered":"https:\/\/elmetropolitano.com.gt\/es\/?p=90556"},"modified":"2024-10-22T10:15:36","modified_gmt":"2024-10-22T16:15:36","slug":"exposicion-fotografica-rinde-homenaje-a-la-agricultura-familiar-y-al-desarrollo-sostenible","status":"publish","type":"post","link":"https:\/\/elmetropolitano.com.gt\/es\/exposicion-fotografica-rinde-homenaje-a-la-agricultura-familiar-y-al-desarrollo-sostenible\/","title":{"rendered":"Exposici\u00f3n fotogr\u00e1fica rinde homenaje a la agricultura familiar y al desarrollo sostenible"},"content":{"rendered":"\n<p>Con motivo del D\u00eda Mundial de la Alimentaci\u00f3n, se inaugur\u00f3 una exposici\u00f3n fotogr\u00e1fica en el Palacio Nacional de la Cultura, la cual estar\u00e1 abierta al p\u00fablico que visite el Guacamol\u00f3n durante dos semanas, a partir del 16 de octubre.<\/p>\n\n\n\n<p>Esta muestra, compuesta por 14 piezas, narra las historias de j\u00f3venes, mujeres, hombres y pueblos ind\u00edgenas que trabajan incansablemente para construir un <a><\/a>desarrollo sostenible, inclusivo y resiliente en torno a la agricultura familiar y la alimentaci\u00f3n.<\/p><div class=\"elmet-contenido\" id=\"elmet-4081533579\"><div class=\"elmet-adlabel\">Anuncios<\/div><div style=\"margin-top: 20px;margin-right: 20px;margin-bottom: 20px;margin-left: 20px;\" id=\"elmet-1555135101\"><a href=\"https:\/\/www.facebook.com\/arrincuanantigua\/\" aria-label=\"cintillo-arrin-cual\"><img loading=\"lazy\" decoding=\"async\" src=\"https:\/\/elmetropolitano.com.gt\/es\/wp-content\/uploads\/2021\/11\/cintillo-arrin-cual-1.jpg\" alt=\"\"  srcset=\"https:\/\/elmetropolitano.com.gt\/es\/wp-content\/uploads\/2021\/11\/cintillo-arrin-cual-1.jpg 750w, https:\/\/elmetropolitano.com.gt\/es\/wp-content\/uploads\/2021\/11\/cintillo-arrin-cual-1-300x36.jpg 300w, https:\/\/elmetropolitano.com.gt\/es\/wp-content\/uploads\/2021\/11\/cintillo-arrin-cual-1-600x72.jpg 600w\" sizes=\"(max-width: 750px) 100vw, 750px\" width=\"750\" height=\"90\"   \/><\/a><\/div><\/div>\n\n\n\n<p>La exposici\u00f3n destaca la vital conexi\u00f3n entre la agricultura familiar y el desarrollo sostenible, subrayando la importancia de la transformaci\u00f3n de los sistemas agroalimentarios.<\/p>\n\n\n\n<p>Las fotograf\u00edas presentan relatos visuales que invitan a reflexionar sobre la resiliencia y el esfuerzo comunitario en la construcci\u00f3n de cadenas de valor inclusivas, la promoci\u00f3n de dietas saludables y el desarrollo de infraestructura para el riego.<\/p>\n\n\n\n<p>Cada imagen captura el compromiso de los agricultores y sus comunidades en mejorar las pr\u00e1cticas agr\u00edcolas para enfrentar los desaf\u00edos actuales, como el cambio clim\u00e1tico, la desigualdad y la inseguridad alimentaria.<\/p>\n\n\n\n<p>A trav\u00e9s de esta exposici\u00f3n, se busca sensibilizar a la sociedad sobre la necesidad de una mejor producci\u00f3n y nutrici\u00f3n, en l\u00ednea con los Objetivos de Desarrollo Sostenible de las Naciones Unidas.<\/p>\n\n\n\n<p>La FAO y su compromiso con<\/p>\n\n\n\n<p>la seguridad alimentaria<\/p>\n\n\n\n<p>La Organizaci\u00f3n de las Naciones Unidas para la Alimentaci\u00f3n y la Agricultura (FAO) tambi\u00e9n est\u00e1 detr\u00e1s de esta iniciativa, como parte de sus esfuerzos por promover un mundo con seguridad alimentaria y nutrici\u00f3n para todos. La FAO trabaja en colaboraci\u00f3n con diversos actores, incluidos gobiernos, el sector privado, instituciones acad\u00e9micas y de investigaci\u00f3n, as\u00ed como la sociedad civil, para garantizar que las innovaciones tecnol\u00f3gicas y las pol\u00edticas p\u00fablicas est\u00e9n alineadas con el objetivo de erradicar el hambre y la malnutrici\u00f3n.<\/p>\n\n\n\n<p>Esta exposici\u00f3n se convierte en una plataforma visual para reflexionar sobre el futuro de la alimentaci\u00f3n y el papel importante de la agricultura familiar, enfatizando la importancia de no dejar a nadie atr\u00e1s en la lucha contra el hambre<\/p>\n\n\n\n<p>Texto: Lincy Rodriguez<\/p>\n\n\n\n<p><a href=\"https:\/\/www.facebook.com\/hashtag\/metroredes?__eep__=6&amp;__cft__[0]=AZUoSv5VvMxcxAC8S6oDG14Xs4FNw2zLGYr5etcKiYwIBYYjmPq3csaaeh5HT0RxVCLXNdHPaJYBctQ_mZAY1My0W4ljCfOuKL4y3sVMLSo-7qMaZM0ssRbr4lsIlSKlyln_mw200Pfq6ILuPLQVWPsWFFMyODR3oAjPjrT__7ZWNynWrST2b7ddqRnW6g2mV8gH1Jx0iPe3Qx7YwbfIadhu&amp;__tn__=*NK-R\">#metroredes<\/a><a href=\"https:\/\/www.facebook.com\/hashtag\/elagrochapin?__eep__=6&amp;__cft__[0]=AZUoSv5VvMxcxAC8S6oDG14Xs4FNw2zLGYr5etcKiYwIBYYjmPq3csaaeh5HT0RxVCLXNdHPaJYBctQ_mZAY1My0W4ljCfOuKL4y3sVMLSo-7qMaZM0ssRbr4lsIlSKlyln_mw200Pfq6ILuPLQVWPsWFFMyODR3oAjPjrT__7ZWNynWrST2b7ddqRnW6g2mV8gH1Jx0iPe3Qx7YwbfIadhu&amp;__tn__=*NK-R\">#Elagrochapin<\/a><a href=\"https:\/\/www.facebook.com\/hashtag\/fao?__eep__=6&amp;__cft__[0]=AZUoSv5VvMxcxAC8S6oDG14Xs4FNw2zLGYr5etcKiYwIBYYjmPq3csaaeh5HT0RxVCLXNdHPaJYBctQ_mZAY1My0W4ljCfOuKL4y3sVMLSo-7qMaZM0ssRbr4lsIlSKlyln_mw200Pfq6ILuPLQVWPsWFFMyODR3oAjPjrT__7ZWNynWrST2b7ddqRnW6g2mV8gH1Jx0iPe3Qx7YwbfIadhu&amp;__tn__=*NK-R\">#FAO<\/a><a href=\"https:\/\/www.facebook.com\/hashtag\/palacionacionaldelacultura?__eep__=6&amp;__cft__[0]=AZUoSv5VvMxcxAC8S6oDG14Xs4FNw2zLGYr5etcKiYwIBYYjmPq3csaaeh5HT0RxVCLXNdHPaJYBctQ_mZAY1My0W4ljCfOuKL4y3sVMLSo-7qMaZM0ssRbr4lsIlSKlyln_mw200Pfq6ILuPLQVWPsWFFMyODR3oAjPjrT__7ZWNynWrST2b7ddqRnW6g2mV8gH1Jx0iPe3Qx7YwbfIadhu&amp;__tn__=*NK-R\">#palacionacionaldelacultura<\/a><\/p>\n\n\n\n<figure class=\"wp-block-gallery has-nested-images columns-default is-cropped wp-block-gallery-1 is-layout-flex wp-block-gallery-is-layout-flex\">\n<figure class=\"wp-block-image size-large\"><img loading=\"lazy\" decoding=\"async\" width=\"1024\" height=\"683\" data-id=\"90561\" src=\"https:\/\/elmetropolitano.com.gt\/es\/wp-content\/uploads\/2024\/10\/463688503_1056823373110412_1612762950604094127_n-1024x683.jpg\" alt=\"\" class=\"wp-image-90561\" srcset=\"https:\/\/elmetropolitano.com.gt\/es\/wp-content\/uploads\/2024\/10\/463688503_1056823373110412_1612762950604094127_n-1024x683.jpg 1024w, https:\/\/elmetropolitano.com.gt\/es\/wp-content\/uploads\/2024\/10\/463688503_1056823373110412_1612762950604094127_n-300x200.jpg 300w, https:\/\/elmetropolitano.com.gt\/es\/wp-content\/uploads\/2024\/10\/463688503_1056823373110412_1612762950604094127_n-768x512.jpg 768w, https:\/\/elmetropolitano.com.gt\/es\/wp-content\/uploads\/2024\/10\/463688503_1056823373110412_1612762950604094127_n.jpg 1226w\" sizes=\"auto, (max-width: 1024px) 100vw, 1024px\" \/><\/figure>\n\n\n\n<figure class=\"wp-block-image size-large\"><img loading=\"lazy\" decoding=\"async\" width=\"1024\" height=\"679\" data-id=\"90562\" src=\"https:\/\/elmetropolitano.com.gt\/es\/wp-content\/uploads\/2024\/10\/463869452_1056823363110413_7073078811875311847_n-1024x679.jpg\" alt=\"\" class=\"wp-image-90562\" srcset=\"https:\/\/elmetropolitano.com.gt\/es\/wp-content\/uploads\/2024\/10\/463869452_1056823363110413_7073078811875311847_n-1024x679.jpg 1024w, https:\/\/elmetropolitano.com.gt\/es\/wp-content\/uploads\/2024\/10\/463869452_1056823363110413_7073078811875311847_n-300x199.jpg 300w, https:\/\/elmetropolitano.com.gt\/es\/wp-content\/uploads\/2024\/10\/463869452_1056823363110413_7073078811875311847_n-768x509.jpg 768w, https:\/\/elmetropolitano.com.gt\/es\/wp-content\/uploads\/2024\/10\/463869452_1056823363110413_7073078811875311847_n.jpg 1233w\" sizes=\"auto, (max-width: 1024px) 100vw, 1024px\" \/><\/figure>\n\n\n\n<figure class=\"wp-block-image size-large\"><img loading=\"lazy\" decoding=\"async\" width=\"1024\" height=\"683\" data-id=\"90560\" src=\"https:\/\/elmetropolitano.com.gt\/es\/wp-content\/uploads\/2024\/10\/463906369_1056823353110414_3492530586045453016_n-1024x683.jpg\" alt=\"\" class=\"wp-image-90560\" srcset=\"https:\/\/elmetropolitano.com.gt\/es\/wp-content\/uploads\/2024\/10\/463906369_1056823353110414_3492530586045453016_n-1024x683.jpg 1024w, https:\/\/elmetropolitano.com.gt\/es\/wp-content\/uploads\/2024\/10\/463906369_1056823353110414_3492530586045453016_n-300x200.jpg 300w, https:\/\/elmetropolitano.com.gt\/es\/wp-content\/uploads\/2024\/10\/463906369_1056823353110414_3492530586045453016_n-768x512.jpg 768w, https:\/\/elmetropolitano.com.gt\/es\/wp-content\/uploads\/2024\/10\/463906369_1056823353110414_3492530586045453016_n.jpg 1236w\" sizes=\"auto, (max-width: 1024px) 100vw, 1024px\" \/><\/figure>\n\n\n\n<figure class=\"wp-block-image size-large\"><img loading=\"lazy\" decoding=\"async\" width=\"680\" height=\"453\" data-id=\"90558\" src=\"https:\/\/elmetropolitano.com.gt\/es\/wp-content\/uploads\/2024\/10\/464086751_1056820693110680_3657876585972946164_n-1.jpg\" alt=\"\" class=\"wp-image-90558\" srcset=\"https:\/\/elmetropolitano.com.gt\/es\/wp-content\/uploads\/2024\/10\/464086751_1056820693110680_3657876585972946164_n-1.jpg 680w, https:\/\/elmetropolitano.com.gt\/es\/wp-content\/uploads\/2024\/10\/464086751_1056820693110680_3657876585972946164_n-1-300x200.jpg 300w\" sizes=\"auto, (max-width: 680px) 100vw, 680px\" \/><\/figure>\n\n\n\n<figure class=\"wp-block-image size-large\"><img loading=\"lazy\" decoding=\"async\" width=\"680\" height=\"383\" data-id=\"90559\" src=\"https:\/\/elmetropolitano.com.gt\/es\/wp-content\/uploads\/2024\/10\/464149089_1056820816444001_1211293067737659127_n.jpg\" alt=\"\" class=\"wp-image-90559\" srcset=\"https:\/\/elmetropolitano.com.gt\/es\/wp-content\/uploads\/2024\/10\/464149089_1056820816444001_1211293067737659127_n.jpg 680w, https:\/\/elmetropolitano.com.gt\/es\/wp-content\/uploads\/2024\/10\/464149089_1056820816444001_1211293067737659127_n-300x169.jpg 300w\" sizes=\"auto, (max-width: 680px) 100vw, 680px\" \/><\/figure>\n<\/figure>\n","protected":false},"excerpt":{"rendered":"<p>Con motivo del D\u00eda Mundial de la Alimentaci\u00f3n, se inaugur\u00f3 una exposici\u00f3n fotogr\u00e1fica en el Palacio Nacional de la Cultura, la cual estar\u00e1 abierta al p\u00fablico que visite el Guacamol\u00f3n durante dos semanas, a partir del 16 de octubre. Esta muestra, compuesta por 14 piezas, narra las historias de j\u00f3venes, mujeres, hombres y pueblos ind\u00edgenas <a class=\"read-more\" href=\"https:\/\/elmetropolitano.com.gt\/es\/exposicion-fotografica-rinde-homenaje-a-la-agricultura-familiar-y-al-desarrollo-sostenible\/\">Leer m\u00e1s<\/a><\/p>\n","protected":false},"author":1,"featured_media":90557,"comment_status":"open","ping_status":"closed","sticky":false,"template":"","format":"standard","meta":{"footnotes":""},"categories":[29],"tags":[30],"class_list":["post-90556","post","type-post","status-publish","format-standard","has-post-thumbnail","hentry","category-culturales","tag-culturales"],"_links":{"self":[{"href":"https:\/\/elmetropolitano.com.gt\/es\/wp-json\/wp\/v2\/posts\/90556","targetHints":{"allow":["GET"]}}],"collection":[{"href":"https:\/\/elmetropolitano.com.gt\/es\/wp-json\/wp\/v2\/posts"}],"about":[{"href":"https:\/\/elmetropolitano.com.gt\/es\/wp-json\/wp\/v2\/types\/post"}],"author":[{"embeddable":true,"href":"https:\/\/elmetropolitano.com.gt\/es\/wp-json\/wp\/v2\/users\/1"}],"replies":[{"embeddable":true,"href":"https:\/\/elmetropolitano.com.gt\/es\/wp-json\/wp\/v2\/comments?post=90556"}],"version-history":[{"count":1,"href":"https:\/\/elmetropolitano.com.gt\/es\/wp-json\/wp\/v2\/posts\/90556\/revisions"}],"predecessor-version":[{"id":90563,"href":"https:\/\/elmetropolitano.com.gt\/es\/wp-json\/wp\/v2\/posts\/90556\/revisions\/90563"}],"wp:featuredmedia":[{"embeddable":true,"href":"https:\/\/elmetropolitano.com.gt\/es\/wp-json\/wp\/v2\/media\/90557"}],"wp:attachment":[{"href":"https:\/\/elmetropolitano.com.gt\/es\/wp-json\/wp\/v2\/media?parent=90556"}],"wp:term":[{"taxonomy":"category","embeddable":true,"href":"https:\/\/elmetropolitano.com.gt\/es\/wp-json\/wp\/v2\/categories?post=90556"},{"taxonomy":"post_tag","embeddable":true,"href":"https:\/\/elmetropolitano.com.gt\/es\/wp-json\/wp\/v2\/tags?post=90556"}],"curies":[{"name":"wp","href":"https:\/\/api.w.org\/{rel}","templated":true}]}}