{"id":90604,"date":"2024-10-22T10:57:35","date_gmt":"2024-10-22T16:57:35","guid":{"rendered":"https:\/\/elmetropolitano.com.gt\/es\/?p=90604"},"modified":"2024-10-22T10:57:35","modified_gmt":"2024-10-22T16:57:35","slug":"condecoran-a-la-orquesta-sinfonica-nacional-con-la-orden-del-quetzal","status":"publish","type":"post","link":"https:\/\/elmetropolitano.com.gt\/es\/condecoran-a-la-orquesta-sinfonica-nacional-con-la-orden-del-quetzal\/","title":{"rendered":"Condecoran a la Orquesta Sinf\u00f3nica Nacional con la Orden del Quetzal"},"content":{"rendered":"\n<p>El presidente Bernardo Ar\u00e9valo asisti\u00f3 aniche a un significativo evento cultural en el Teatro Nacional Miguel \u00c1ngel Asturias, donde particip\u00f3 en el concierto de la Orquesta Sinf\u00f3nica Nacional. Durante la ceremonia, el mandatario tuvo el honor de entregar la condecoraci\u00f3n m\u00e1s prestigiosa del pa\u00eds, la Orden del Quetzal, bajo el grado de Gran Oficial.<\/p>\n\n\n\n<p>Al referirse a la condecoraci\u00f3n, el mandatario cuestion\u00f3 el <a><\/a>porqu\u00e9 hasta ahora ocurre este suceso.<\/p><div class=\"elmet-contenido\" id=\"elmet-4241042419\"><div class=\"elmet-adlabel\">Anuncios<\/div><div style=\"margin-top: 20px;margin-right: 20px;margin-bottom: 20px;margin-left: 20px;\" id=\"elmet-3491593066\"><a href=\"https:\/\/www.facebook.com\/arrincuanantigua\/\" aria-label=\"cintillo-arrin-cual\"><img loading=\"lazy\" decoding=\"async\" src=\"https:\/\/elmetropolitano.com.gt\/es\/wp-content\/uploads\/2021\/11\/cintillo-arrin-cual-1.jpg\" alt=\"\"  srcset=\"https:\/\/elmetropolitano.com.gt\/es\/wp-content\/uploads\/2021\/11\/cintillo-arrin-cual-1.jpg 750w, https:\/\/elmetropolitano.com.gt\/es\/wp-content\/uploads\/2021\/11\/cintillo-arrin-cual-1-300x36.jpg 300w, https:\/\/elmetropolitano.com.gt\/es\/wp-content\/uploads\/2021\/11\/cintillo-arrin-cual-1-600x72.jpg 600w\" sizes=\"(max-width: 750px) 100vw, 750px\" width=\"750\" height=\"90\"   \/><\/a><\/div><\/div>\n\n\n\n<p>\u201cEs un privilegio el poder corregir ese retraso y otorgar este reconocimiento a la Orquesta Sinf\u00f3nica. Y creo que es una feliz coincidencia, que ocurra en el momento que celebramos 80 a\u00f1os de la Revoluci\u00f3n de Octubre\u201d expres\u00f3 Ar\u00e9valo<\/p>\n\n\n\n<p>Por su parte, la ministra de Cultura y Deportes, Liwy Grazioso, describi\u00f3 a esta instituci\u00f3n como una de las joyas del pa\u00eds. Al relatar la historia, record\u00f3 que en 1944, con un decreto presidencial, surgi\u00f3 su separaci\u00f3n de las fuerzas armadas y se le determin\u00f3 finalmente como hoy la conocemos, la Orquesta Sinf\u00f3nica Nacional, dejando atr\u00e1s su pasado como la Orquesta Liberal Progresista fundada en 1936 bajo el gobierno del presidente Jorge Ubico.<\/p>\n\n\n\n<p>A lo largo de las d\u00e9cadas, la orquesta estuvo bajo la tutela de la Direcci\u00f3n General de Bellas Artes del Ministerio de Educaci\u00f3n y actualmente forma parte del Ministerio de Cultura y Deportes.<\/p>\n\n\n\n<p>En este sentido, el presidente Ar\u00e9valo festej\u00f3 el recuerdo de que la Orquesta Sinf\u00f3nica Nacional cambi\u00f3 de rumbo en l\u00ednea con la Revoluci\u00f3n de 1944, cuando su enfoque se adapt\u00f3 al fomento de la cultura y las artes para todos.<\/p>\n\n\n\n<p>Tras sus palabras, el mandatario, acompa\u00f1ado por el canciller Carlos Ramiro Mart\u00ednez, impuso la Orden del Quetzal en el estandarte de la Orquesta Sinf\u00f3nica Nacional.<\/p>\n\n\n\n<p>Sobre la Orden del Quetzal<\/p>\n\n\n\n<p>La Orden del Quetzal es el m\u00e1ximo reconocimiento otorgado por el Gobierno de Guatemala, y est\u00e1 destinada a destacar la labor de individuos u organizaciones con aportes sobresalientes en diversas \u00e1reas como el arte, la ciencia, la educaci\u00f3n, y la pol\u00edtica. Establecida por ley en 1973, la condecoraci\u00f3n se divide en seis grados:<\/p>\n\n\n\n<p>Gran Collar<\/p>\n\n\n\n<p>Gran Cruz<\/p>\n\n\n\n<p>Gran Oficial<\/p>\n\n\n\n<p>Comendador<\/p>\n\n\n\n<p>Oficial<\/p>\n\n\n\n<p>Caballero<\/p>\n\n\n\n<p>Esta distinci\u00f3n ha sido conferida tanto a dignatarios extranjeros como a ciudadanos y organizaciones nacionales que han hecho m\u00e9ritos excepcionales en favor del pa\u00eds.<\/p>\n\n\n\n<p>Patrimonio Cultural de la Naci\u00f3n<\/p>\n\n\n\n<p>Uno de los hitos m\u00e1s importantes para la Orquesta ocurri\u00f3 el 27 de noviembre de 1991, cuando la Orquesta Sinf\u00f3nica Nacional fue declarada Patrimonio Cultural de la Naci\u00f3n por el Congreso de la Rep\u00fablica mediante el Decreto 80-91.<\/p>\n\n\n\n<p>Esta designaci\u00f3n tiene como objetivo preservar la orquesta y su valioso archivo musical, que contiene partituras de compositores nacionales e internacionales, tanto cl\u00e1sicos como contempor\u00e1neos.<\/p>\n\n\n\n<p>Texto: Lincy Rodriguez<\/p>\n\n\n\n<p><a href=\"https:\/\/www.facebook.com\/hashtag\/ordeldelquetzal?__eep__=6&amp;__cft__[0]=AZXPViw00oQ_5iKI6kfiOECTGcSPZkeeSPexONBfefUnMGKNL67dE0jwHpeUPnGaLnRoUKFkmysnDGlyg_cAKi9KBibh_HfwSba4Z7MF_J4f9V53-6IrTSmdyqxNSPVEsvFK1BsVdL-YepKaMNa4lJ0RZKnF-AcsbZ7DttVAb_v_VgkGT06lR4ERn7y5FPGQmsaORoWlwgz4vP_RDEsW4zA8&amp;__tn__=*NK-R\">#OrdelDelQuetzal<\/a><a href=\"https:\/\/www.facebook.com\/hashtag\/metroredes?__eep__=6&amp;__cft__[0]=AZXPViw00oQ_5iKI6kfiOECTGcSPZkeeSPexONBfefUnMGKNL67dE0jwHpeUPnGaLnRoUKFkmysnDGlyg_cAKi9KBibh_HfwSba4Z7MF_J4f9V53-6IrTSmdyqxNSPVEsvFK1BsVdL-YepKaMNa4lJ0RZKnF-AcsbZ7DttVAb_v_VgkGT06lR4ERn7y5FPGQmsaORoWlwgz4vP_RDEsW4zA8&amp;__tn__=*NK-R\">#metroredes<\/a><a href=\"https:\/\/www.facebook.com\/hashtag\/cultura?__eep__=6&amp;__cft__[0]=AZXPViw00oQ_5iKI6kfiOECTGcSPZkeeSPexONBfefUnMGKNL67dE0jwHpeUPnGaLnRoUKFkmysnDGlyg_cAKi9KBibh_HfwSba4Z7MF_J4f9V53-6IrTSmdyqxNSPVEsvFK1BsVdL-YepKaMNa4lJ0RZKnF-AcsbZ7DttVAb_v_VgkGT06lR4ERn7y5FPGQmsaORoWlwgz4vP_RDEsW4zA8&amp;__tn__=*NK-R\">#cultura<\/a><a href=\"https:\/\/www.facebook.com\/hashtag\/orquestasinfonicanacional?__eep__=6&amp;__cft__[0]=AZXPViw00oQ_5iKI6kfiOECTGcSPZkeeSPexONBfefUnMGKNL67dE0jwHpeUPnGaLnRoUKFkmysnDGlyg_cAKi9KBibh_HfwSba4Z7MF_J4f9V53-6IrTSmdyqxNSPVEsvFK1BsVdL-YepKaMNa4lJ0RZKnF-AcsbZ7DttVAb_v_VgkGT06lR4ERn7y5FPGQmsaORoWlwgz4vP_RDEsW4zA8&amp;__tn__=*NK-R\">#orquestasinfonicanacional<\/a><\/p>\n\n\n\n<p><a href=\"https:\/\/l.facebook.com\/l.php?u=http%3A%2F%2FWww.elmetropolitano.com.gt%2F%3Ffbclid%3DIwZXh0bgNhZW0CMTAAAR0wU6qfdbZRos-1hRKizQ2wlIjb0ElOmB7B2ueKDdieiAgGbYvb8__0X2Q_aem_Nx9i0wR7MSkn_0Exmwuv8Q&amp;h=AT1fSdhOUeSTc5KKKY8BGGGCwTnjeGppHkQhLx4tDLKfeLW8HBUzBb5dJ51wF8HoHF6X-H3x8zdN8utFGwqyQYeT_XPPKeB3O8mjQdVI694FmAKGpA_IPjHDx2OTJV9on4m_&amp;__tn__=-UK-R&amp;c[0]=AT3Wb1t5VIj3wdjWsJdnaHWW2-tGIzESr9_gCs9on0ujKhEbM6wULxFIf-hsvI0kMUO2vJBX3I4rcU3qqk7xZzlGgIJNJ8hHi7W-PjnPkJjUNnUUcbF8KKgn8ApScFi0Hp1opRJarKNC1NOE2XosDGBMpu7hgbAIUs2isWszq_VEAgzLvfq-A81Arc2zRjvhY2hwO4cJfm0xaJ4CHJoXlgL6vAiV\" target=\"_blank\" rel=\"noreferrer noopener\">Www.elmetropolitano.com.gt<\/a><\/p>\n\n\n\n<figure class=\"wp-block-gallery has-nested-images columns-default is-cropped wp-block-gallery-1 is-layout-flex wp-block-gallery-is-layout-flex\">\n<figure class=\"wp-block-image size-large\"><img loading=\"lazy\" decoding=\"async\" width=\"350\" height=\"350\" data-id=\"90607\" src=\"https:\/\/elmetropolitano.com.gt\/es\/wp-content\/uploads\/2024\/10\/464147491_1057270119732404_8715380769665318387_n.jpg\" alt=\"\" class=\"wp-image-90607\" srcset=\"https:\/\/elmetropolitano.com.gt\/es\/wp-content\/uploads\/2024\/10\/464147491_1057270119732404_8715380769665318387_n.jpg 350w, https:\/\/elmetropolitano.com.gt\/es\/wp-content\/uploads\/2024\/10\/464147491_1057270119732404_8715380769665318387_n-300x300.jpg 300w, https:\/\/elmetropolitano.com.gt\/es\/wp-content\/uploads\/2024\/10\/464147491_1057270119732404_8715380769665318387_n-150x150.jpg 150w\" sizes=\"auto, (max-width: 350px) 100vw, 350px\" \/><\/figure>\n\n\n\n<figure class=\"wp-block-image size-large\"><img loading=\"lazy\" decoding=\"async\" width=\"350\" height=\"350\" data-id=\"90608\" src=\"https:\/\/elmetropolitano.com.gt\/es\/wp-content\/uploads\/2024\/10\/464173908_1057270216399061_1192351254474931053_n.jpg\" alt=\"\" class=\"wp-image-90608\" srcset=\"https:\/\/elmetropolitano.com.gt\/es\/wp-content\/uploads\/2024\/10\/464173908_1057270216399061_1192351254474931053_n.jpg 350w, https:\/\/elmetropolitano.com.gt\/es\/wp-content\/uploads\/2024\/10\/464173908_1057270216399061_1192351254474931053_n-300x300.jpg 300w, https:\/\/elmetropolitano.com.gt\/es\/wp-content\/uploads\/2024\/10\/464173908_1057270216399061_1192351254474931053_n-150x150.jpg 150w\" sizes=\"auto, (max-width: 350px) 100vw, 350px\" \/><\/figure>\n\n\n\n<figure class=\"wp-block-image size-large\"><img loading=\"lazy\" decoding=\"async\" width=\"350\" height=\"350\" data-id=\"90612\" src=\"https:\/\/elmetropolitano.com.gt\/es\/wp-content\/uploads\/2024\/10\/464275981_1057270213065728_4237419357162057454_n.jpg\" alt=\"\" class=\"wp-image-90612\" srcset=\"https:\/\/elmetropolitano.com.gt\/es\/wp-content\/uploads\/2024\/10\/464275981_1057270213065728_4237419357162057454_n.jpg 350w, https:\/\/elmetropolitano.com.gt\/es\/wp-content\/uploads\/2024\/10\/464275981_1057270213065728_4237419357162057454_n-300x300.jpg 300w, https:\/\/elmetropolitano.com.gt\/es\/wp-content\/uploads\/2024\/10\/464275981_1057270213065728_4237419357162057454_n-150x150.jpg 150w\" sizes=\"auto, (max-width: 350px) 100vw, 350px\" \/><\/figure>\n\n\n\n<figure class=\"wp-block-image size-large\"><img loading=\"lazy\" decoding=\"async\" width=\"350\" height=\"350\" data-id=\"90611\" src=\"https:\/\/elmetropolitano.com.gt\/es\/wp-content\/uploads\/2024\/10\/464310472_1057270169732399_8986545084842861847_n.jpg\" alt=\"\" class=\"wp-image-90611\" srcset=\"https:\/\/elmetropolitano.com.gt\/es\/wp-content\/uploads\/2024\/10\/464310472_1057270169732399_8986545084842861847_n.jpg 350w, https:\/\/elmetropolitano.com.gt\/es\/wp-content\/uploads\/2024\/10\/464310472_1057270169732399_8986545084842861847_n-300x300.jpg 300w, https:\/\/elmetropolitano.com.gt\/es\/wp-content\/uploads\/2024\/10\/464310472_1057270169732399_8986545084842861847_n-150x150.jpg 150w\" sizes=\"auto, (max-width: 350px) 100vw, 350px\" \/><\/figure>\n\n\n\n<figure class=\"wp-block-image size-large\"><img loading=\"lazy\" decoding=\"async\" width=\"350\" height=\"350\" data-id=\"90606\" src=\"https:\/\/elmetropolitano.com.gt\/es\/wp-content\/uploads\/2024\/10\/464310827_1057270013065748_6925082296806442450_n-1.jpg\" alt=\"\" class=\"wp-image-90606\" srcset=\"https:\/\/elmetropolitano.com.gt\/es\/wp-content\/uploads\/2024\/10\/464310827_1057270013065748_6925082296806442450_n-1.jpg 350w, https:\/\/elmetropolitano.com.gt\/es\/wp-content\/uploads\/2024\/10\/464310827_1057270013065748_6925082296806442450_n-1-300x300.jpg 300w, https:\/\/elmetropolitano.com.gt\/es\/wp-content\/uploads\/2024\/10\/464310827_1057270013065748_6925082296806442450_n-1-150x150.jpg 150w\" sizes=\"auto, (max-width: 350px) 100vw, 350px\" \/><\/figure>\n\n\n\n<figure class=\"wp-block-image size-large\"><img loading=\"lazy\" decoding=\"async\" width=\"350\" height=\"350\" data-id=\"90610\" src=\"https:\/\/elmetropolitano.com.gt\/es\/wp-content\/uploads\/2024\/10\/464327651_1057270266399056_1427626614561847461_n.jpg\" alt=\"\" class=\"wp-image-90610\" srcset=\"https:\/\/elmetropolitano.com.gt\/es\/wp-content\/uploads\/2024\/10\/464327651_1057270266399056_1427626614561847461_n.jpg 350w, https:\/\/elmetropolitano.com.gt\/es\/wp-content\/uploads\/2024\/10\/464327651_1057270266399056_1427626614561847461_n-300x300.jpg 300w, https:\/\/elmetropolitano.com.gt\/es\/wp-content\/uploads\/2024\/10\/464327651_1057270266399056_1427626614561847461_n-150x150.jpg 150w\" sizes=\"auto, (max-width: 350px) 100vw, 350px\" \/><\/figure>\n\n\n\n<figure class=\"wp-block-image size-large\"><img loading=\"lazy\" decoding=\"async\" width=\"350\" height=\"350\" data-id=\"90609\" src=\"https:\/\/elmetropolitano.com.gt\/es\/wp-content\/uploads\/2024\/10\/464415449_1057270016399081_8848388032763829346_n.jpg\" alt=\"\" class=\"wp-image-90609\" srcset=\"https:\/\/elmetropolitano.com.gt\/es\/wp-content\/uploads\/2024\/10\/464415449_1057270016399081_8848388032763829346_n.jpg 350w, https:\/\/elmetropolitano.com.gt\/es\/wp-content\/uploads\/2024\/10\/464415449_1057270016399081_8848388032763829346_n-300x300.jpg 300w, https:\/\/elmetropolitano.com.gt\/es\/wp-content\/uploads\/2024\/10\/464415449_1057270016399081_8848388032763829346_n-150x150.jpg 150w\" sizes=\"auto, (max-width: 350px) 100vw, 350px\" \/><\/figure>\n<\/figure>\n","protected":false},"excerpt":{"rendered":"<p>El presidente Bernardo Ar\u00e9valo asisti\u00f3 aniche a un significativo evento cultural en el Teatro Nacional Miguel \u00c1ngel Asturias, donde particip\u00f3 en el concierto de la Orquesta Sinf\u00f3nica Nacional. Durante la ceremonia, el mandatario tuvo el honor de entregar la condecoraci\u00f3n m\u00e1s prestigiosa del pa\u00eds, la Orden del Quetzal, bajo el grado de Gran Oficial. Al <a class=\"read-more\" href=\"https:\/\/elmetropolitano.com.gt\/es\/condecoran-a-la-orquesta-sinfonica-nacional-con-la-orden-del-quetzal\/\">Leer m\u00e1s<\/a><\/p>\n","protected":false},"author":1,"featured_media":90605,"comment_status":"open","ping_status":"closed","sticky":false,"template":"","format":"standard","meta":{"footnotes":""},"categories":[29],"tags":[30],"class_list":["post-90604","post","type-post","status-publish","format-standard","has-post-thumbnail","hentry","category-culturales","tag-culturales"],"_links":{"self":[{"href":"https:\/\/elmetropolitano.com.gt\/es\/wp-json\/wp\/v2\/posts\/90604","targetHints":{"allow":["GET"]}}],"collection":[{"href":"https:\/\/elmetropolitano.com.gt\/es\/wp-json\/wp\/v2\/posts"}],"about":[{"href":"https:\/\/elmetropolitano.com.gt\/es\/wp-json\/wp\/v2\/types\/post"}],"author":[{"embeddable":true,"href":"https:\/\/elmetropolitano.com.gt\/es\/wp-json\/wp\/v2\/users\/1"}],"replies":[{"embeddable":true,"href":"https:\/\/elmetropolitano.com.gt\/es\/wp-json\/wp\/v2\/comments?post=90604"}],"version-history":[{"count":1,"href":"https:\/\/elmetropolitano.com.gt\/es\/wp-json\/wp\/v2\/posts\/90604\/revisions"}],"predecessor-version":[{"id":90613,"href":"https:\/\/elmetropolitano.com.gt\/es\/wp-json\/wp\/v2\/posts\/90604\/revisions\/90613"}],"wp:featuredmedia":[{"embeddable":true,"href":"https:\/\/elmetropolitano.com.gt\/es\/wp-json\/wp\/v2\/media\/90605"}],"wp:attachment":[{"href":"https:\/\/elmetropolitano.com.gt\/es\/wp-json\/wp\/v2\/media?parent=90604"}],"wp:term":[{"taxonomy":"category","embeddable":true,"href":"https:\/\/elmetropolitano.com.gt\/es\/wp-json\/wp\/v2\/categories?post=90604"},{"taxonomy":"post_tag","embeddable":true,"href":"https:\/\/elmetropolitano.com.gt\/es\/wp-json\/wp\/v2\/tags?post=90604"}],"curies":[{"name":"wp","href":"https:\/\/api.w.org\/{rel}","templated":true}]}}