{"id":91140,"date":"2024-10-28T12:26:36","date_gmt":"2024-10-28T18:26:36","guid":{"rendered":"https:\/\/elmetropolitano.com.gt\/es\/?p=91140"},"modified":"2024-10-28T12:39:36","modified_gmt":"2024-10-28T18:39:36","slug":"equipo-femenino-de-voleibol-del-colegio-montano-representara-a-guatemala-en-torneo-sub-15-en-nicaragua","status":"publish","type":"post","link":"https:\/\/elmetropolitano.com.gt\/es\/equipo-femenino-de-voleibol-del-colegio-montano-representara-a-guatemala-en-torneo-sub-15-en-nicaragua\/","title":{"rendered":"Equipo femenino de voleibol del colegio Montano representar\u00e1 a Guatemala en torneo sub 15 en Nicaragua"},"content":{"rendered":"\n<p>El equipo de voleibol femenino de <a href=\"https:\/\/www.facebook.com\/hashtag\/colegiomontano?__eep__=6&amp;__cft__[0]=AZVuHbuYMV9VSgctA30gSMwE5ClXvEChb8xMIICrYkyO4mc-SZGR6-fTR7ew0m4u1ihWZqUqlgUa2BOcrKjBxesgW033uetzr_frkgNiDxJ6SqVPB0aeJoVEGfjp_TgNVQmeHGRwdW_zMGU04yNAaEzYDz-7GW0lDRklwyZlvVkxwQ&amp;__tn__=*NK-R\">#ColegioMontano<\/a> demostr\u00f3 su pasi\u00f3n y garra en la cancha este domingo, imponi\u00e9ndose con fuerza ante el equipo La Porte\u00f1a en el torneo metropolitano GT. \u00a1Un triunfo que nos llena de alegr\u00eda y emoci\u00f3n!<\/p>\n\n\n\n<p>Las jovencitas sub 15 lograron un buen desempe\u00f1o en el partido jugado ayer tarde en el colegio La Preparatoria donde mostraron un buen juego en equipo, con buenos saques y rematadoras como Allison Reyes y los poderosos saques de July Ochoa, as\u00ed como el juego en conjunto con las dem\u00e1s jugadoras. <\/p><div class=\"elmet-contenido\" id=\"elmet-316015141\"><div class=\"elmet-adlabel\">Anuncios<\/div><div style=\"margin-top: 20px;margin-right: 20px;margin-bottom: 20px;margin-left: 20px;\" id=\"elmet-1895256010\"><a href=\"https:\/\/www.facebook.com\/arrincuanantigua\/\" aria-label=\"cintillo-arrin-cual\"><img loading=\"lazy\" decoding=\"async\" src=\"https:\/\/elmetropolitano.com.gt\/es\/wp-content\/uploads\/2021\/11\/cintillo-arrin-cual-1.jpg\" alt=\"\"  srcset=\"https:\/\/elmetropolitano.com.gt\/es\/wp-content\/uploads\/2021\/11\/cintillo-arrin-cual-1.jpg 750w, https:\/\/elmetropolitano.com.gt\/es\/wp-content\/uploads\/2021\/11\/cintillo-arrin-cual-1-300x36.jpg 300w, https:\/\/elmetropolitano.com.gt\/es\/wp-content\/uploads\/2021\/11\/cintillo-arrin-cual-1-600x72.jpg 600w\" sizes=\"(max-width: 750px) 100vw, 750px\" width=\"750\" height=\"90\"   \/><\/a><\/div><\/div>\n\n\n\n<p>Ahora, con ese esp\u00edritu imparable, se preparan para representar a Guatemala y a toda nuestra comunidad educativa en el Torneo Sub-15 a realizarse en Nicaragua a principios de noviembre.<\/p>\n\n\n\n<p>\u00a1Vamos, Monti Girls! Estamos seguros de que dejar\u00e1n todo en la cancha y nos llenar\u00e1n de orgullo. \u00a1\u00c9xitos campeonas! <img loading=\"lazy\" decoding=\"async\" height=\"16\" width=\"16\" src=\"https:\/\/static.xx.fbcdn.net\/images\/emoji.php\/v9\/t37\/1\/16\/1f1ec_1f1f9.png\" alt=\"\ud83c\uddec\ud83c\uddf9\"><\/p>\n\n\n\n<p><a href=\"https:\/\/www.facebook.com\/hashtag\/gomonti?__eep__=6&amp;__cft__[0]=AZVuHbuYMV9VSgctA30gSMwE5ClXvEChb8xMIICrYkyO4mc-SZGR6-fTR7ew0m4u1ihWZqUqlgUa2BOcrKjBxesgW033uetzr_frkgNiDxJ6SqVPB0aeJoVEGfjp_TgNVQmeHGRwdW_zMGU04yNAaEzYDz-7GW0lDRklwyZlvVkxwQ&amp;__tn__=*NK-R\">#GoMonti<\/a><a href=\"https:\/\/www.facebook.com\/hashtag\/deporteconpasi%C3%B3n?__eep__=6&amp;__cft__[0]=AZVuHbuYMV9VSgctA30gSMwE5ClXvEChb8xMIICrYkyO4mc-SZGR6-fTR7ew0m4u1ihWZqUqlgUa2BOcrKjBxesgW033uetzr_frkgNiDxJ6SqVPB0aeJoVEGfjp_TgNVQmeHGRwdW_zMGU04yNAaEzYDz-7GW0lDRklwyZlvVkxwQ&amp;__tn__=*NK-R\">#DeporteConPasi\u00f3n<\/a><a href=\"https:\/\/www.facebook.com\/hashtag\/orgullocm?__eep__=6&amp;__cft__[0]=AZVuHbuYMV9VSgctA30gSMwE5ClXvEChb8xMIICrYkyO4mc-SZGR6-fTR7ew0m4u1ihWZqUqlgUa2BOcrKjBxesgW033uetzr_frkgNiDxJ6SqVPB0aeJoVEGfjp_TgNVQmeHGRwdW_zMGU04yNAaEzYDz-7GW0lDRklwyZlvVkxwQ&amp;__tn__=*NK-R\">#OrgulloCM<\/a><a href=\"https:\/\/www.facebook.com\/hashtag\/vamosporm%C3%A1s?__eep__=6&amp;__cft__[0]=AZVuHbuYMV9VSgctA30gSMwE5ClXvEChb8xMIICrYkyO4mc-SZGR6-fTR7ew0m4u1ihWZqUqlgUa2BOcrKjBxesgW033uetzr_frkgNiDxJ6SqVPB0aeJoVEGfjp_TgNVQmeHGRwdW_zMGU04yNAaEzYDz-7GW0lDRklwyZlvVkxwQ&amp;__tn__=*NK-R\">#VamosPorM\u00e1s<\/a><a href=\"https:\/\/www.facebook.com\/hashtag\/excelenciaf%C3%ADsica?__eep__=6&amp;__cft__[0]=AZVuHbuYMV9VSgctA30gSMwE5ClXvEChb8xMIICrYkyO4mc-SZGR6-fTR7ew0m4u1ihWZqUqlgUa2BOcrKjBxesgW033uetzr_frkgNiDxJ6SqVPB0aeJoVEGfjp_TgNVQmeHGRwdW_zMGU04yNAaEzYDz-7GW0lDRklwyZlvVkxwQ&amp;__tn__=*NK-R\">#ExcelenciaF\u00edsica<\/a><\/p>\n\n\n\n<figure class=\"wp-block-gallery has-nested-images columns-default is-cropped wp-block-gallery-1 is-layout-flex wp-block-gallery-is-layout-flex\">\n<figure class=\"wp-block-image size-large\"><img loading=\"lazy\" decoding=\"async\" width=\"526\" height=\"526\" data-id=\"91142\" src=\"https:\/\/elmetropolitano.com.gt\/es\/wp-content\/uploads\/2024\/10\/464820148_863545172567826_5357127585988106012_n-1.jpg\" alt=\"\" class=\"wp-image-91142\" srcset=\"https:\/\/elmetropolitano.com.gt\/es\/wp-content\/uploads\/2024\/10\/464820148_863545172567826_5357127585988106012_n-1.jpg 526w, https:\/\/elmetropolitano.com.gt\/es\/wp-content\/uploads\/2024\/10\/464820148_863545172567826_5357127585988106012_n-1-300x300.jpg 300w, https:\/\/elmetropolitano.com.gt\/es\/wp-content\/uploads\/2024\/10\/464820148_863545172567826_5357127585988106012_n-1-150x150.jpg 150w\" sizes=\"auto, (max-width: 526px) 100vw, 526px\" \/><\/figure>\n<\/figure>\n","protected":false},"excerpt":{"rendered":"<p>El equipo de voleibol femenino de #ColegioMontano demostr\u00f3 su pasi\u00f3n y garra en la cancha este domingo, imponi\u00e9ndose con fuerza ante el equipo La Porte\u00f1a en el torneo metropolitano GT. \u00a1Un triunfo que nos llena de alegr\u00eda y emoci\u00f3n! Las jovencitas sub 15 lograron un buen desempe\u00f1o en el partido jugado ayer tarde en el <a class=\"read-more\" href=\"https:\/\/elmetropolitano.com.gt\/es\/equipo-femenino-de-voleibol-del-colegio-montano-representara-a-guatemala-en-torneo-sub-15-en-nicaragua\/\">Leer m\u00e1s<\/a><\/p>\n","protected":false},"author":1,"featured_media":91147,"comment_status":"open","ping_status":"closed","sticky":false,"template":"","format":"standard","meta":{"footnotes":""},"categories":[43],"tags":[44],"class_list":["post-91140","post","type-post","status-publish","format-standard","has-post-thumbnail","hentry","category-deportes","tag-deportes"],"_links":{"self":[{"href":"https:\/\/elmetropolitano.com.gt\/es\/wp-json\/wp\/v2\/posts\/91140","targetHints":{"allow":["GET"]}}],"collection":[{"href":"https:\/\/elmetropolitano.com.gt\/es\/wp-json\/wp\/v2\/posts"}],"about":[{"href":"https:\/\/elmetropolitano.com.gt\/es\/wp-json\/wp\/v2\/types\/post"}],"author":[{"embeddable":true,"href":"https:\/\/elmetropolitano.com.gt\/es\/wp-json\/wp\/v2\/users\/1"}],"replies":[{"embeddable":true,"href":"https:\/\/elmetropolitano.com.gt\/es\/wp-json\/wp\/v2\/comments?post=91140"}],"version-history":[{"count":3,"href":"https:\/\/elmetropolitano.com.gt\/es\/wp-json\/wp\/v2\/posts\/91140\/revisions"}],"predecessor-version":[{"id":91150,"href":"https:\/\/elmetropolitano.com.gt\/es\/wp-json\/wp\/v2\/posts\/91140\/revisions\/91150"}],"wp:featuredmedia":[{"embeddable":true,"href":"https:\/\/elmetropolitano.com.gt\/es\/wp-json\/wp\/v2\/media\/91147"}],"wp:attachment":[{"href":"https:\/\/elmetropolitano.com.gt\/es\/wp-json\/wp\/v2\/media?parent=91140"}],"wp:term":[{"taxonomy":"category","embeddable":true,"href":"https:\/\/elmetropolitano.com.gt\/es\/wp-json\/wp\/v2\/categories?post=91140"},{"taxonomy":"post_tag","embeddable":true,"href":"https:\/\/elmetropolitano.com.gt\/es\/wp-json\/wp\/v2\/tags?post=91140"}],"curies":[{"name":"wp","href":"https:\/\/api.w.org\/{rel}","templated":true}]}}