{"id":91242,"date":"2024-10-30T11:56:17","date_gmt":"2024-10-30T17:56:17","guid":{"rendered":"https:\/\/elmetropolitano.com.gt\/es\/?p=91242"},"modified":"2024-10-30T11:56:18","modified_gmt":"2024-10-30T17:56:18","slug":"cerrara-temporalmente-el-centro-cultural-miguel-angel-asturias","status":"publish","type":"post","link":"https:\/\/elmetropolitano.com.gt\/es\/cerrara-temporalmente-el-centro-cultural-miguel-angel-asturias\/","title":{"rendered":"Cerrar\u00e1 temporalmente el Centro Cultural Miguel \u00c1ngel Asturias"},"content":{"rendered":"\n<p>El Ministerio de Cultura y Deportes (MCD) dio a conocer al p\u00fablico que, a partir del 5 de noviembre de este a\u00f1o, se suspenden las actividades de forma temporal en el Centro Cultural Miguel \u00c1ngel Asturias debido a que se le dar\u00e1 mantenimiento, que es considerado esencial.<\/p>\n\n\n\n<p>Uno de los principales motivos para el cierre temporal del Teatro Nacional es que las instalaciones el\u00e9ctricas del centro, que datan de su <a><\/a>inauguraci\u00f3n en 1978, han llegado al final de su vida \u00fatil y para garantizar el mejor servicio a los visitantes y la \u00f3ptima continuidad de las actividades, se pondr\u00e1 en marcha un proyecto de modernizaci\u00f3n el\u00e9ctrica.<\/p><div class=\"elmet-contenido\" id=\"elmet-4218124128\"><div class=\"elmet-adlabel\">Anuncios<\/div><div style=\"margin-top: 20px;margin-right: 20px;margin-bottom: 20px;margin-left: 20px;\" id=\"elmet-1390794177\"><a href=\"https:\/\/www.facebook.com\/arrincuanantigua\/\" aria-label=\"cintillo-arrin-cual\"><img loading=\"lazy\" decoding=\"async\" src=\"https:\/\/elmetropolitano.com.gt\/es\/wp-content\/uploads\/2021\/11\/cintillo-arrin-cual-1.jpg\" alt=\"\"  srcset=\"https:\/\/elmetropolitano.com.gt\/es\/wp-content\/uploads\/2021\/11\/cintillo-arrin-cual-1.jpg 750w, https:\/\/elmetropolitano.com.gt\/es\/wp-content\/uploads\/2021\/11\/cintillo-arrin-cual-1-300x36.jpg 300w, https:\/\/elmetropolitano.com.gt\/es\/wp-content\/uploads\/2021\/11\/cintillo-arrin-cual-1-600x72.jpg 600w\" sizes=\"(max-width: 750px) 100vw, 750px\" width=\"750\" height=\"90\"   \/><\/a><\/div><\/div>\n\n\n\n<p>Asimismo, explica que el nombre t\u00e9cnico del proyecto es Actualizaci\u00f3n, Mejoramiento, Adquisici\u00f3n e Instalaci\u00f3n de Celdas de Media y Baja Tensi\u00f3n, Software de Operaci\u00f3n y Monitoreo a Distancia de Subestaci\u00f3n El\u00e9ctrica del Centro Cultural Miguel \u00c1ngel Asturias.<\/p>\n\n\n\n<p>As\u00ed tambi\u00e9n, durante el cierre temporal se har\u00e1n distintos trabajos que permitir\u00e1n:<\/p>\n\n\n\n<p>Mayor seguridad: Se eliminar\u00e1n riesgos el\u00e9ctricos que podr\u00edan afectar a visitantes y colaboradores.<\/p>\n\n\n\n<p>Mayor eficiencia: Las nuevas instalaciones permitir\u00e1n un funcionamiento m\u00e1s eficaz del centro en sus diferentes ambientes.<\/p>\n\n\n\n<p>Mejor experiencia: Los sistemas actualizados garantizar\u00e1n una iluminaci\u00f3n adecuada y un ambiente m\u00e1s confortable para todas las actividades.<\/p>\n\n\n\n<p>No se permitir\u00e1 ninguna actividad<\/p>\n\n\n\n<p>Tambi\u00e9n, las autoridades del MCD han decidido que, por seguridad, se bloquear\u00e1n espacios del Centro Cultural Miguel \u00c1ngel Asturias, donde se efectuar\u00e1n los trabajos y las constantes supervisiones de los avances. Por ello, no se podr\u00e1 llevar a cabo ning\u00fan tipo de actividad ni visitas guiadas durante este cierre.<\/p>\n\n\n\n<p>Sin embargo, el MCD invita a disfrutar de la amplia oferta cultural que ofrece nuestra ciudad, como el Palacio Nacional de la Cultura y el Teatro de Bellas Artes, el Conservatorio Nacional de M\u00fasica Germ\u00e1n Alc\u00e1ntara, los diferentes museos y parques recreativos.<\/p>\n\n\n\n<p>Autoridades proyectan que los trabajos concluyan durante el primer trimestre de 2025, por lo que el MCD estar\u00e1 informando sobre los avances del proyecto.<\/p>\n\n\n\n<p>Se estar\u00e1 atendiendo en la Sala de Exposiciones de la Escuela Nacional de Artes Pl\u00e1sticas Rafael Rodr\u00edguez Padilla para resolver las dudas y brindar m\u00e1s informaci\u00f3n.<\/p>\n\n\n\n<p>Texto: Estuardo L\u00f3pez<\/p>\n\n\n\n<p><a href=\"https:\/\/www.facebook.com\/hashtag\/teatronacinal?__eep__=6&amp;__cft__[0]=AZVHpHPzDr7MGLsYb1JzYrSMN_UUSc0pDZ787WOHsukEcF2bVpbmWhIkelxuBcVqwmMCQPenVmmssOvEtI0tsTOGsvFCqrIPsdzzD7C3dnhxNQmkBMpNRGrtdP3n0Op5iknvvHoTnAIfJyafKwTVs1r_C_IYel1gr2IHj_ZvmSO8B9uobFveOVKmt7qCoZtFMCw&amp;__tn__=*NK-R\">#teatronacinal<\/a><a href=\"https:\/\/www.facebook.com\/hashtag\/metroredes?__eep__=6&amp;__cft__[0]=AZVHpHPzDr7MGLsYb1JzYrSMN_UUSc0pDZ787WOHsukEcF2bVpbmWhIkelxuBcVqwmMCQPenVmmssOvEtI0tsTOGsvFCqrIPsdzzD7C3dnhxNQmkBMpNRGrtdP3n0Op5iknvvHoTnAIfJyafKwTVs1r_C_IYel1gr2IHj_ZvmSO8B9uobFveOVKmt7qCoZtFMCw&amp;__tn__=*NK-R\">#metroredes<\/a><\/p>\n","protected":false},"excerpt":{"rendered":"<p>El Ministerio de Cultura y Deportes (MCD) dio a conocer al p\u00fablico que, a partir del 5 de noviembre de este a\u00f1o, se suspenden las actividades de forma temporal en el Centro Cultural Miguel \u00c1ngel Asturias debido a que se le dar\u00e1 mantenimiento, que es considerado esencial. Uno de los principales motivos para el cierre <a class=\"read-more\" href=\"https:\/\/elmetropolitano.com.gt\/es\/cerrara-temporalmente-el-centro-cultural-miguel-angel-asturias\/\">Leer m\u00e1s<\/a><\/p>\n","protected":false},"author":1,"featured_media":91243,"comment_status":"open","ping_status":"closed","sticky":false,"template":"","format":"standard","meta":{"footnotes":""},"categories":[29],"tags":[30],"class_list":["post-91242","post","type-post","status-publish","format-standard","has-post-thumbnail","hentry","category-culturales","tag-culturales"],"_links":{"self":[{"href":"https:\/\/elmetropolitano.com.gt\/es\/wp-json\/wp\/v2\/posts\/91242","targetHints":{"allow":["GET"]}}],"collection":[{"href":"https:\/\/elmetropolitano.com.gt\/es\/wp-json\/wp\/v2\/posts"}],"about":[{"href":"https:\/\/elmetropolitano.com.gt\/es\/wp-json\/wp\/v2\/types\/post"}],"author":[{"embeddable":true,"href":"https:\/\/elmetropolitano.com.gt\/es\/wp-json\/wp\/v2\/users\/1"}],"replies":[{"embeddable":true,"href":"https:\/\/elmetropolitano.com.gt\/es\/wp-json\/wp\/v2\/comments?post=91242"}],"version-history":[{"count":1,"href":"https:\/\/elmetropolitano.com.gt\/es\/wp-json\/wp\/v2\/posts\/91242\/revisions"}],"predecessor-version":[{"id":91244,"href":"https:\/\/elmetropolitano.com.gt\/es\/wp-json\/wp\/v2\/posts\/91242\/revisions\/91244"}],"wp:featuredmedia":[{"embeddable":true,"href":"https:\/\/elmetropolitano.com.gt\/es\/wp-json\/wp\/v2\/media\/91243"}],"wp:attachment":[{"href":"https:\/\/elmetropolitano.com.gt\/es\/wp-json\/wp\/v2\/media?parent=91242"}],"wp:term":[{"taxonomy":"category","embeddable":true,"href":"https:\/\/elmetropolitano.com.gt\/es\/wp-json\/wp\/v2\/categories?post=91242"},{"taxonomy":"post_tag","embeddable":true,"href":"https:\/\/elmetropolitano.com.gt\/es\/wp-json\/wp\/v2\/tags?post=91242"}],"curies":[{"name":"wp","href":"https:\/\/api.w.org\/{rel}","templated":true}]}}