{"id":91270,"date":"2024-10-30T12:08:37","date_gmt":"2024-10-30T18:08:37","guid":{"rendered":"https:\/\/elmetropolitano.com.gt\/es\/?p=91270"},"modified":"2024-10-30T12:08:38","modified_gmt":"2024-10-30T18:08:38","slug":"detenidos-director-y-guardias-de-carcel-de-quiche-por-cobrar-la-denominada-talacha","status":"publish","type":"post","link":"https:\/\/elmetropolitano.com.gt\/es\/detenidos-director-y-guardias-de-carcel-de-quiche-por-cobrar-la-denominada-talacha\/","title":{"rendered":"Detenidos director y guardias de c\u00e1rcel de Quiche por cobrar la denominada \u201cTalacha\u201d"},"content":{"rendered":"\n<p>El director del penal de Santa Cruz del Quiche Milton Ramos L\u00f3pez, el <a><\/a>alcaide, Israel Raymundo Cutzal Cumez y los guardias del Sistema Oenutencierio Rony Alonzo Cal Calel, Katerine Yesenia Cahueque Vargas y M\u00f3nica Alejandra P\u00e9rez Carcamo capturados en la c\u00e1rcel preventiva de Santa Cruz del Quiche.<\/p>\n\n\n\n<p>Seg\u00fan investigadores de la Polic\u00eda Bacional Civil PNC se dio seguimiento a una denuncia por el cobro de Q25 mil a un privado de libertad que era agredido y amenazado de muerte.<\/p><div class=\"elmet-contenido\" id=\"elmet-842543867\"><div class=\"elmet-adlabel\">Anuncios<\/div><div style=\"margin-top: 20px;margin-right: 20px;margin-bottom: 20px;margin-left: 20px;\" id=\"elmet-2991296878\"><a href=\"https:\/\/www.facebook.com\/arrincuanantigua\/\" aria-label=\"cintillo-arrin-cual\"><img loading=\"lazy\" decoding=\"async\" src=\"https:\/\/elmetropolitano.com.gt\/es\/wp-content\/uploads\/2021\/11\/cintillo-arrin-cual-1.jpg\" alt=\"\"  srcset=\"https:\/\/elmetropolitano.com.gt\/es\/wp-content\/uploads\/2021\/11\/cintillo-arrin-cual-1.jpg 750w, https:\/\/elmetropolitano.com.gt\/es\/wp-content\/uploads\/2021\/11\/cintillo-arrin-cual-1-300x36.jpg 300w, https:\/\/elmetropolitano.com.gt\/es\/wp-content\/uploads\/2021\/11\/cintillo-arrin-cual-1-600x72.jpg 600w\" sizes=\"(max-width: 750px) 100vw, 750px\" width=\"750\" height=\"90\"   \/><\/a><\/div><\/div>\n\n\n\n<p>Esto dio lugar a un operativo de vigilancia lo que permiti\u00f3 sorprender al personal de presidios facilitando el ingreso de los familiares del reo que transportaban el dinero para cancelar la denominada \u201cTalacha\u201d.<\/p>\n\n\n\n<p><\/p>\n","protected":false},"excerpt":{"rendered":"<p>El director del penal de Santa Cruz del Quiche Milton Ramos L\u00f3pez, el alcaide, Israel Raymundo Cutzal Cumez y los guardias del Sistema Oenutencierio Rony Alonzo Cal Calel, Katerine Yesenia Cahueque Vargas y M\u00f3nica Alejandra P\u00e9rez Carcamo capturados en la c\u00e1rcel preventiva de Santa Cruz del Quiche. Seg\u00fan investigadores de la Polic\u00eda Bacional Civil PNC <a class=\"read-more\" href=\"https:\/\/elmetropolitano.com.gt\/es\/detenidos-director-y-guardias-de-carcel-de-quiche-por-cobrar-la-denominada-talacha\/\">Leer m\u00e1s<\/a><\/p>\n","protected":false},"author":1,"featured_media":91271,"comment_status":"open","ping_status":"closed","sticky":false,"template":"","format":"standard","meta":{"footnotes":""},"categories":[4],"tags":[13],"class_list":["post-91270","post","type-post","status-publish","format-standard","has-post-thumbnail","hentry","category-departamentales","tag-departamentales"],"_links":{"self":[{"href":"https:\/\/elmetropolitano.com.gt\/es\/wp-json\/wp\/v2\/posts\/91270","targetHints":{"allow":["GET"]}}],"collection":[{"href":"https:\/\/elmetropolitano.com.gt\/es\/wp-json\/wp\/v2\/posts"}],"about":[{"href":"https:\/\/elmetropolitano.com.gt\/es\/wp-json\/wp\/v2\/types\/post"}],"author":[{"embeddable":true,"href":"https:\/\/elmetropolitano.com.gt\/es\/wp-json\/wp\/v2\/users\/1"}],"replies":[{"embeddable":true,"href":"https:\/\/elmetropolitano.com.gt\/es\/wp-json\/wp\/v2\/comments?post=91270"}],"version-history":[{"count":1,"href":"https:\/\/elmetropolitano.com.gt\/es\/wp-json\/wp\/v2\/posts\/91270\/revisions"}],"predecessor-version":[{"id":91272,"href":"https:\/\/elmetropolitano.com.gt\/es\/wp-json\/wp\/v2\/posts\/91270\/revisions\/91272"}],"wp:featuredmedia":[{"embeddable":true,"href":"https:\/\/elmetropolitano.com.gt\/es\/wp-json\/wp\/v2\/media\/91271"}],"wp:attachment":[{"href":"https:\/\/elmetropolitano.com.gt\/es\/wp-json\/wp\/v2\/media?parent=91270"}],"wp:term":[{"taxonomy":"category","embeddable":true,"href":"https:\/\/elmetropolitano.com.gt\/es\/wp-json\/wp\/v2\/categories?post=91270"},{"taxonomy":"post_tag","embeddable":true,"href":"https:\/\/elmetropolitano.com.gt\/es\/wp-json\/wp\/v2\/tags?post=91270"}],"curies":[{"name":"wp","href":"https:\/\/api.w.org\/{rel}","templated":true}]}}