{"id":91414,"date":"2024-10-31T20:00:52","date_gmt":"2024-11-01T02:00:52","guid":{"rendered":"https:\/\/elmetropolitano.com.gt\/es\/?p=91414"},"modified":"2024-10-31T20:00:52","modified_gmt":"2024-11-01T02:00:52","slug":"vicepresidenta-supervisa-bodegas-de-indeca-en-chimaltenango","status":"publish","type":"post","link":"https:\/\/elmetropolitano.com.gt\/es\/vicepresidenta-supervisa-bodegas-de-indeca-en-chimaltenango\/","title":{"rendered":"Vicepresidenta supervisa bodegas de Indeca en Chimaltenango"},"content":{"rendered":"\n<p>La vicepresidenta Karin Herrera supervis\u00f3 las bodegas de la Reserva Estrat\u00e9gica de Granos B\u00e1sicos del Instituto Nacional de Comercializaci\u00f3n Agr\u00edcola (Indeca) ubicadas en la cabecera de Chimaltenango.<\/p>\n\n\n\n<p>En <a><\/a>el marco del Plan de Seguridad Alimentaria, la vicepresidenta Herrera supervis\u00f3 las bodegas de la Reserva Estrat\u00e9gica de Granos B\u00e1sicos de Indeca junto con el ministro de Agricultura y Ganader\u00eda (MAGA), Mynor Estrada y la viceministra de Seguridad Alimentaria y Nutricional (Visan), Klemen Gamboa.<\/p><div class=\"elmet-contenido\" id=\"elmet-862242763\"><div class=\"elmet-adlabel\">Anuncios<\/div><div style=\"margin-top: 20px;margin-right: 20px;margin-bottom: 20px;margin-left: 20px;\" id=\"elmet-3308941664\"><a href=\"https:\/\/www.facebook.com\/arrincuanantigua\/\" aria-label=\"cintillo-arrin-cual\"><img loading=\"lazy\" decoding=\"async\" src=\"https:\/\/elmetropolitano.com.gt\/es\/wp-content\/uploads\/2021\/11\/cintillo-arrin-cual-1.jpg\" alt=\"\"  srcset=\"https:\/\/elmetropolitano.com.gt\/es\/wp-content\/uploads\/2021\/11\/cintillo-arrin-cual-1.jpg 750w, https:\/\/elmetropolitano.com.gt\/es\/wp-content\/uploads\/2021\/11\/cintillo-arrin-cual-1-300x36.jpg 300w, https:\/\/elmetropolitano.com.gt\/es\/wp-content\/uploads\/2021\/11\/cintillo-arrin-cual-1-600x72.jpg 600w\" sizes=\"(max-width: 750px) 100vw, 750px\" width=\"750\" height=\"90\"   \/><\/a><\/div><\/div>\n\n\n\n<p>Asimismo, durante el recorrido, las autoridades resaltaron la entrega de 364 mil 289 raciones de alimentos a 285 mil 490 familias guatemaltecas entre enero y agosto de 2024, con una estrategia para enfrentar la inseguridad alimentaria y mejorar el acceso a alimentos b\u00e1sicos.<\/p>\n\n\n\n<p>As\u00ed tambi\u00e9n, con esta intervenci\u00f3n las autoridades han priorizado a 19 mil 466 familias con ni\u00f1os que sufren desnutrici\u00f3n aguda, a quienes han sido entregadas 80 mil 547 raciones para cubrir sus necesidades nutricionales b\u00e1sicas.<\/p>\n\n\n\n<p>Adem\u00e1s, explicaron que las raciones incluyen frijol negro, arroz, harina de ma\u00edz nixtamalizada, aceite vegetal y avena, garantizando un sustento adecuado para las familias beneficiadas durante tres meses.<\/p>\n\n\n\n<p>Trabajo interinstitucional<\/p>\n\n\n\n<p>Tambi\u00e9n se reconoci\u00f3 el esfuerzo interinstitucional entre el MAGA, el Visan, la Secretar\u00eda de Seguridad Alimentaria y Nutricional (Sesan) y el Ministerio de Salud P\u00fablica y Asistencia Social (MSPAS), que trabajan en conjunto para asegurar la cobertura en todo el territorio nacional y atender especialmente a las comunidades afectadas por las emergencias clim\u00e1ticas.<\/p>\n\n\n\n<p>Las bodegas de la Reserva Estrat\u00e9gica de Granos B\u00e1sicos est\u00e1n situadas en Fraijanes (Guatemala), Tactic (Alta Verapaz) y en Chimaltenango. Pertenecen a Indeca y almacenan productos esenciales como ma\u00edz blanco, frijol negro y arroz blanco.<\/p>\n\n\n\n<p>Adem\u00e1s, est\u00e1 la bodega de Chimaltenango, con una capacidad de resguardo de dos mil toneladas m\u00e9tricas, que forman parte de la infraestructura destinada a apoyar las intervenciones alimentarias de emergencia.<\/p>\n\n\n\n<p>Sin embargo, para asegurar la calidad de los productos almacenados, la Direcci\u00f3n de Monitoreo y Log\u00edstica de la Asistencia Alimentaria del Visan implementa un riguroso sistema de monitoreo y control t\u00e9cnico, a trav\u00e9s de un sistema que garantiza que los alimentos cumplan con los est\u00e1ndares de inocuidad y calidad, tanto para la reserva estrat\u00e9gica como para las raciones destinadas a la poblaci\u00f3n en situaci\u00f3n de vulnerabilidad.<\/p>\n\n\n\n<p>Acciones en apoyo a los m\u00e1s afectados<\/p>\n\n\n\n<p>Con estas acciones, el Gobierno de Guatemala reafirma su compromiso con la seguridad alimentaria y el apoyo a las familias afectadas por la pobreza y las crisis clim\u00e1ticas, impulsando esfuerzos sostenibles para un futuro con mejor acceso a los alimentos esenciales<\/p>\n\n\n\n<p>Texto: Estuardo Martinez<\/p>\n\n\n\n<p><a href=\"https:\/\/www.facebook.com\/hashtag\/elagrochapin?__eep__=6&amp;__cft__[0]=AZXVsk2c_4Z3QEy_mqOmroLHFtk0WqKwC3TT5509uzC5b55hlewKL3Q5Tkilf1TKnwecg2i6L2se7Po5WvxaqrM2NCS_nJzQjEGwY6WFaDlK8CEbDt3jx7kKbOjJM5-XgmGSi7Q3t9qa1aeIOSv-uzKEq4drW_XItznJ63gQfEJ0Q3anmd8gNz2LoHfu6w63OFo&amp;__tn__=*NK-R\">#Elagrochapin<\/a><a href=\"https:\/\/www.facebook.com\/hashtag\/maga?__eep__=6&amp;__cft__[0]=AZXVsk2c_4Z3QEy_mqOmroLHFtk0WqKwC3TT5509uzC5b55hlewKL3Q5Tkilf1TKnwecg2i6L2se7Po5WvxaqrM2NCS_nJzQjEGwY6WFaDlK8CEbDt3jx7kKbOjJM5-XgmGSi7Q3t9qa1aeIOSv-uzKEq4drW_XItznJ63gQfEJ0Q3anmd8gNz2LoHfu6w63OFo&amp;__tn__=*NK-R\">#Maga<\/a><a href=\"https:\/\/www.facebook.com\/hashtag\/indeca?__eep__=6&amp;__cft__[0]=AZXVsk2c_4Z3QEy_mqOmroLHFtk0WqKwC3TT5509uzC5b55hlewKL3Q5Tkilf1TKnwecg2i6L2se7Po5WvxaqrM2NCS_nJzQjEGwY6WFaDlK8CEbDt3jx7kKbOjJM5-XgmGSi7Q3t9qa1aeIOSv-uzKEq4drW_XItznJ63gQfEJ0Q3anmd8gNz2LoHfu6w63OFo&amp;__tn__=*NK-R\">#Indeca<\/a><a href=\"https:\/\/www.facebook.com\/hashtag\/metroredes?__eep__=6&amp;__cft__[0]=AZXVsk2c_4Z3QEy_mqOmroLHFtk0WqKwC3TT5509uzC5b55hlewKL3Q5Tkilf1TKnwecg2i6L2se7Po5WvxaqrM2NCS_nJzQjEGwY6WFaDlK8CEbDt3jx7kKbOjJM5-XgmGSi7Q3t9qa1aeIOSv-uzKEq4drW_XItznJ63gQfEJ0Q3anmd8gNz2LoHfu6w63OFo&amp;__tn__=*NK-R\">#metroredes<\/a><\/p>\n\n\n\n<figure class=\"wp-block-gallery has-nested-images columns-default is-cropped wp-block-gallery-1 is-layout-flex wp-block-gallery-is-layout-flex\">\n<figure class=\"wp-block-image size-large\"><img loading=\"lazy\" decoding=\"async\" width=\"680\" height=\"453\" data-id=\"91416\" src=\"https:\/\/elmetropolitano.com.gt\/es\/wp-content\/uploads\/2024\/10\/465173468_1064645338994882_2882791838209827407_n.jpg\" alt=\"\" class=\"wp-image-91416\" srcset=\"https:\/\/elmetropolitano.com.gt\/es\/wp-content\/uploads\/2024\/10\/465173468_1064645338994882_2882791838209827407_n.jpg 680w, https:\/\/elmetropolitano.com.gt\/es\/wp-content\/uploads\/2024\/10\/465173468_1064645338994882_2882791838209827407_n-300x200.jpg 300w\" sizes=\"auto, (max-width: 680px) 100vw, 680px\" \/><\/figure>\n\n\n\n<figure class=\"wp-block-image size-large\"><img loading=\"lazy\" decoding=\"async\" width=\"1024\" height=\"512\" data-id=\"91417\" src=\"https:\/\/elmetropolitano.com.gt\/es\/wp-content\/uploads\/2024\/10\/465218739_1064645442328205_874274890407348638_n-1024x512.jpg\" alt=\"\" class=\"wp-image-91417\" srcset=\"https:\/\/elmetropolitano.com.gt\/es\/wp-content\/uploads\/2024\/10\/465218739_1064645442328205_874274890407348638_n-1024x512.jpg 1024w, https:\/\/elmetropolitano.com.gt\/es\/wp-content\/uploads\/2024\/10\/465218739_1064645442328205_874274890407348638_n-300x150.jpg 300w, https:\/\/elmetropolitano.com.gt\/es\/wp-content\/uploads\/2024\/10\/465218739_1064645442328205_874274890407348638_n-768x384.jpg 768w, https:\/\/elmetropolitano.com.gt\/es\/wp-content\/uploads\/2024\/10\/465218739_1064645442328205_874274890407348638_n.jpg 1140w\" sizes=\"auto, (max-width: 1024px) 100vw, 1024px\" \/><\/figure>\n<\/figure>\n","protected":false},"excerpt":{"rendered":"<p>La vicepresidenta Karin Herrera supervis\u00f3 las bodegas de la Reserva Estrat\u00e9gica de Granos B\u00e1sicos del Instituto Nacional de Comercializaci\u00f3n Agr\u00edcola (Indeca) ubicadas en la cabecera de Chimaltenango. En el marco del Plan de Seguridad Alimentaria, la vicepresidenta Herrera supervis\u00f3 las bodegas de la Reserva Estrat\u00e9gica de Granos B\u00e1sicos de Indeca junto con el ministro de <a class=\"read-more\" href=\"https:\/\/elmetropolitano.com.gt\/es\/vicepresidenta-supervisa-bodegas-de-indeca-en-chimaltenango\/\">Leer m\u00e1s<\/a><\/p>\n","protected":false},"author":1,"featured_media":91415,"comment_status":"open","ping_status":"closed","sticky":false,"template":"","format":"standard","meta":{"footnotes":""},"categories":[2],"tags":[12],"class_list":["post-91414","post","type-post","status-publish","format-standard","has-post-thumbnail","hentry","category-nacionales","tag-nacionales"],"_links":{"self":[{"href":"https:\/\/elmetropolitano.com.gt\/es\/wp-json\/wp\/v2\/posts\/91414","targetHints":{"allow":["GET"]}}],"collection":[{"href":"https:\/\/elmetropolitano.com.gt\/es\/wp-json\/wp\/v2\/posts"}],"about":[{"href":"https:\/\/elmetropolitano.com.gt\/es\/wp-json\/wp\/v2\/types\/post"}],"author":[{"embeddable":true,"href":"https:\/\/elmetropolitano.com.gt\/es\/wp-json\/wp\/v2\/users\/1"}],"replies":[{"embeddable":true,"href":"https:\/\/elmetropolitano.com.gt\/es\/wp-json\/wp\/v2\/comments?post=91414"}],"version-history":[{"count":1,"href":"https:\/\/elmetropolitano.com.gt\/es\/wp-json\/wp\/v2\/posts\/91414\/revisions"}],"predecessor-version":[{"id":91418,"href":"https:\/\/elmetropolitano.com.gt\/es\/wp-json\/wp\/v2\/posts\/91414\/revisions\/91418"}],"wp:featuredmedia":[{"embeddable":true,"href":"https:\/\/elmetropolitano.com.gt\/es\/wp-json\/wp\/v2\/media\/91415"}],"wp:attachment":[{"href":"https:\/\/elmetropolitano.com.gt\/es\/wp-json\/wp\/v2\/media?parent=91414"}],"wp:term":[{"taxonomy":"category","embeddable":true,"href":"https:\/\/elmetropolitano.com.gt\/es\/wp-json\/wp\/v2\/categories?post=91414"},{"taxonomy":"post_tag","embeddable":true,"href":"https:\/\/elmetropolitano.com.gt\/es\/wp-json\/wp\/v2\/tags?post=91414"}],"curies":[{"name":"wp","href":"https:\/\/api.w.org\/{rel}","templated":true}]}}