{"id":91439,"date":"2024-11-01T09:37:52","date_gmt":"2024-11-01T15:37:52","guid":{"rendered":"https:\/\/elmetropolitano.com.gt\/es\/?p=91439"},"modified":"2024-11-01T09:37:53","modified_gmt":"2024-11-01T15:37:53","slug":"presidente-arevalo-pide-a-consejos-de-desarrollo-retomar-su-papel-en-formulacion-de-desarrollo-regional","status":"publish","type":"post","link":"https:\/\/elmetropolitano.com.gt\/es\/presidente-arevalo-pide-a-consejos-de-desarrollo-retomar-su-papel-en-formulacion-de-desarrollo-regional\/","title":{"rendered":"Presidente Ar\u00e9valo pide a consejos de desarrollo retomar su papel en formulaci\u00f3n de desarrollo regional"},"content":{"rendered":"\n<p>En la \u00faltima reuni\u00f3n del Consejo Nacional de Desarrollo Urbano y Rural (Conadur) para el 2024, el presidente Bernardo Ar\u00e9valo hizo el llamado a que cada uno de los sectores representativos retomen su papel para lograr el desarrollo a nivel nacional.<\/p>\n\n\n\n<p>\u201cEs <a><\/a>necesario que el consejo departamental de desarrollo retome su papel como foco de la formulaci\u00f3n democr\u00e1tica del desarrollo en esa regi\u00f3n y ese departamento de acuerdo con las potencialidades territoriales\u201d indic\u00f3 Ar\u00e9valo en su intervenci\u00f3n<\/p><div class=\"elmet-contenido\" id=\"elmet-2213985718\"><div class=\"elmet-adlabel\">Anuncios<\/div><div style=\"margin-top: 20px;margin-right: 20px;margin-bottom: 20px;margin-left: 20px;\" id=\"elmet-4181678288\"><a href=\"https:\/\/www.facebook.com\/arrincuanantigua\/\" aria-label=\"cintillo-arrin-cual\"><img loading=\"lazy\" decoding=\"async\" src=\"https:\/\/elmetropolitano.com.gt\/es\/wp-content\/uploads\/2021\/11\/cintillo-arrin-cual-1.jpg\" alt=\"\"  srcset=\"https:\/\/elmetropolitano.com.gt\/es\/wp-content\/uploads\/2021\/11\/cintillo-arrin-cual-1.jpg 750w, https:\/\/elmetropolitano.com.gt\/es\/wp-content\/uploads\/2021\/11\/cintillo-arrin-cual-1-300x36.jpg 300w, https:\/\/elmetropolitano.com.gt\/es\/wp-content\/uploads\/2021\/11\/cintillo-arrin-cual-1-600x72.jpg 600w\" sizes=\"(max-width: 750px) 100vw, 750px\" width=\"750\" height=\"90\"   \/><\/a><\/div><\/div>\n\n\n\n<p>El jefe del Ejecutivo hizo algunas observaciones sobre los temas tratados, en los que enfatiz\u00f3 la necesidad de hacer modificaciones para hacer eficiente la gesti\u00f3n de planificaci\u00f3n y realizaci\u00f3n de proyectos.<\/p>\n\n\n\n<p>Nuevos representantes<\/p>\n\n\n\n<p>En su discurso, el presidente Ar\u00e9valo destac\u00f3 la participaci\u00f3n ciudadana en la elecci\u00f3n de los nuevos representantes titulares y suplentes de instituciones y sectores no gubernamentales ante los consejos departamentales de desarrollo (codedes).<\/p>\n\n\n\n<p>\u201cTambi\u00e9n quiero expresar mi satisfacci\u00f3n por la entusiasta participaci\u00f3n de los pueblos y sectores en la designaci\u00f3n de representantes no gubernamentales en los primeros d\u00edas del mes de octubre de 2024\u201d indic\u00f3 Ar\u00e9valo<\/p>\n\n\n\n<p>Destac\u00f3 que se llevaron a cabo 208 eventos de los cuales 15 deben repetirse por informidades en los procesos, pero destac\u00f3 la coordinaci\u00f3n de las dependencias y ministerios que convocaron a los sectores para estas elecciones.<\/p>\n\n\n\n<p>\u201cHoy quiero despedirme de los representantes no gubernamentales que integran este Conadur y les agradecemos su apoyo y desempe\u00f1o en este a\u00f1o\u201d indic\u00f3 el Presidente Ar\u00e9valo<\/p>\n\n\n\n<p>El proceso de elecci\u00f3n se inici\u00f3 el 1 de octubre y termin\u00f3 el 10 del mismo mes en el nivel departamental. Los representantes no gubernamentales en los consejos de desarrollo ejercer\u00e1n sus cargos por un per\u00edodo de dos a\u00f1os.<\/p>\n\n\n\n<p>El per\u00edodo se iniciar\u00e1 el primer d\u00eda h\u00e1bil de enero de 2025 y concluir\u00e1 el 31 de diciembre de 2026.<\/p>\n\n\n\n<p>Capacitaciones<\/p>\n\n\n\n<p>El mandatario inform\u00f3 que en un trabajo interinstitucional las secretar\u00edas de Coordinaci\u00f3n Ejecutiva de la Presidencia (SCEP) y la de Planificaci\u00f3n y Programaci\u00f3n de la Presidencia (Segeplan) capacitar\u00e1n a los nuevos miembros de los consejos departamentales del desarrollo.<\/p>\n\n\n\n<p>En noviembre y diciembre habr\u00e1 por la Scep y Segeplan un proceso de inducci\u00f3n de los nuevos representantes de los codedes, por los que les ruego estar pendientes de estas capacitaciones.<\/p>\n\n\n\n<p>Estas acciones forman parte de la Pol\u00edtica General del Gobierno del presidente Bernardo Ar\u00e9valo, como un gobierno electr\u00f3nico, transparente y abierto.<\/p>\n\n\n\n<p>Texto: Brenda Larios<\/p>\n\n\n\n<p><a href=\"https:\/\/www.facebook.com\/hashtag\/metroredes?__eep__=6&amp;__cft__[0]=AZX-eQvjcMKvMx-u5gOah7NZSyUiY3V0-4qiYIBzHcDW9VMrqsskHMVIJ17fV6LHfvyPnQ_OrqAXlXh0qm-mYO1MpafEzas0_Ziw7dFwOiBlehlsYsTp-U0BSv2YrkmFoj4ctZqgiSqIxhmqXHbRxHlEZJIjghkkicxjTOFrva6ZLgCvmrLcCBucziilAezTyYM&amp;__tn__=*NK-R\">#metroredes<\/a><a href=\"https:\/\/www.facebook.com\/hashtag\/conadur?__eep__=6&amp;__cft__[0]=AZX-eQvjcMKvMx-u5gOah7NZSyUiY3V0-4qiYIBzHcDW9VMrqsskHMVIJ17fV6LHfvyPnQ_OrqAXlXh0qm-mYO1MpafEzas0_Ziw7dFwOiBlehlsYsTp-U0BSv2YrkmFoj4ctZqgiSqIxhmqXHbRxHlEZJIjghkkicxjTOFrva6ZLgCvmrLcCBucziilAezTyYM&amp;__tn__=*NK-R\">#Conadur<\/a><\/p>\n\n\n\n<figure class=\"wp-block-gallery has-nested-images columns-default is-cropped wp-block-gallery-1 is-layout-flex wp-block-gallery-is-layout-flex\">\n<figure class=\"wp-block-image size-large\"><img loading=\"lazy\" decoding=\"async\" width=\"680\" height=\"453\" data-id=\"91441\" src=\"https:\/\/elmetropolitano.com.gt\/es\/wp-content\/uploads\/2024\/11\/464789979_1064847515641331_2542135226335610885_n.jpg\" alt=\"\" class=\"wp-image-91441\" srcset=\"https:\/\/elmetropolitano.com.gt\/es\/wp-content\/uploads\/2024\/11\/464789979_1064847515641331_2542135226335610885_n.jpg 680w, https:\/\/elmetropolitano.com.gt\/es\/wp-content\/uploads\/2024\/11\/464789979_1064847515641331_2542135226335610885_n-300x200.jpg 300w\" sizes=\"auto, (max-width: 680px) 100vw, 680px\" \/><\/figure>\n\n\n\n<figure class=\"wp-block-image size-large\"><img loading=\"lazy\" decoding=\"async\" width=\"680\" height=\"453\" data-id=\"91443\" src=\"https:\/\/elmetropolitano.com.gt\/es\/wp-content\/uploads\/2024\/11\/464824013_1064847602307989_7673487654732661786_n.jpg\" alt=\"\" class=\"wp-image-91443\" srcset=\"https:\/\/elmetropolitano.com.gt\/es\/wp-content\/uploads\/2024\/11\/464824013_1064847602307989_7673487654732661786_n.jpg 680w, https:\/\/elmetropolitano.com.gt\/es\/wp-content\/uploads\/2024\/11\/464824013_1064847602307989_7673487654732661786_n-300x200.jpg 300w\" sizes=\"auto, (max-width: 680px) 100vw, 680px\" \/><\/figure>\n\n\n\n<figure class=\"wp-block-image size-large\"><img loading=\"lazy\" decoding=\"async\" width=\"1024\" height=\"647\" data-id=\"91445\" src=\"https:\/\/elmetropolitano.com.gt\/es\/wp-content\/uploads\/2024\/11\/465106503_1064847768974639_2709924814729504365_n-1024x647.jpg\" alt=\"\" class=\"wp-image-91445\" srcset=\"https:\/\/elmetropolitano.com.gt\/es\/wp-content\/uploads\/2024\/11\/465106503_1064847768974639_2709924814729504365_n-1024x647.jpg 1024w, https:\/\/elmetropolitano.com.gt\/es\/wp-content\/uploads\/2024\/11\/465106503_1064847768974639_2709924814729504365_n-300x189.jpg 300w, https:\/\/elmetropolitano.com.gt\/es\/wp-content\/uploads\/2024\/11\/465106503_1064847768974639_2709924814729504365_n-768x485.jpg 768w, https:\/\/elmetropolitano.com.gt\/es\/wp-content\/uploads\/2024\/11\/465106503_1064847768974639_2709924814729504365_n.jpg 1189w\" sizes=\"auto, (max-width: 1024px) 100vw, 1024px\" \/><\/figure>\n\n\n\n<figure class=\"wp-block-image size-large\"><img loading=\"lazy\" decoding=\"async\" width=\"1024\" height=\"512\" data-id=\"91442\" src=\"https:\/\/elmetropolitano.com.gt\/es\/wp-content\/uploads\/2024\/11\/465212116_1064847718974644_2130052039189070983_n-1024x512.jpg\" alt=\"\" class=\"wp-image-91442\" srcset=\"https:\/\/elmetropolitano.com.gt\/es\/wp-content\/uploads\/2024\/11\/465212116_1064847718974644_2130052039189070983_n-1024x512.jpg 1024w, https:\/\/elmetropolitano.com.gt\/es\/wp-content\/uploads\/2024\/11\/465212116_1064847718974644_2130052039189070983_n-300x150.jpg 300w, https:\/\/elmetropolitano.com.gt\/es\/wp-content\/uploads\/2024\/11\/465212116_1064847718974644_2130052039189070983_n-768x384.jpg 768w, https:\/\/elmetropolitano.com.gt\/es\/wp-content\/uploads\/2024\/11\/465212116_1064847718974644_2130052039189070983_n.jpg 1140w\" sizes=\"auto, (max-width: 1024px) 100vw, 1024px\" \/><\/figure>\n\n\n\n<figure class=\"wp-block-image size-large\"><img loading=\"lazy\" decoding=\"async\" width=\"1024\" height=\"651\" data-id=\"91446\" src=\"https:\/\/elmetropolitano.com.gt\/es\/wp-content\/uploads\/2024\/11\/465281207_1064847738974642_3059739644557377568_n-1024x651.jpg\" alt=\"\" class=\"wp-image-91446\" srcset=\"https:\/\/elmetropolitano.com.gt\/es\/wp-content\/uploads\/2024\/11\/465281207_1064847738974642_3059739644557377568_n-1024x651.jpg 1024w, https:\/\/elmetropolitano.com.gt\/es\/wp-content\/uploads\/2024\/11\/465281207_1064847738974642_3059739644557377568_n-300x191.jpg 300w, https:\/\/elmetropolitano.com.gt\/es\/wp-content\/uploads\/2024\/11\/465281207_1064847738974642_3059739644557377568_n-768x489.jpg 768w, https:\/\/elmetropolitano.com.gt\/es\/wp-content\/uploads\/2024\/11\/465281207_1064847738974642_3059739644557377568_n.jpg 1190w\" sizes=\"auto, (max-width: 1024px) 100vw, 1024px\" \/><\/figure>\n<\/figure>\n","protected":false},"excerpt":{"rendered":"<p>En la \u00faltima reuni\u00f3n del Consejo Nacional de Desarrollo Urbano y Rural (Conadur) para el 2024, el presidente Bernardo Ar\u00e9valo hizo el llamado a que cada uno de los sectores representativos retomen su papel para lograr el desarrollo a nivel nacional. \u201cEs necesario que el consejo departamental de desarrollo retome su papel como foco de <a class=\"read-more\" href=\"https:\/\/elmetropolitano.com.gt\/es\/presidente-arevalo-pide-a-consejos-de-desarrollo-retomar-su-papel-en-formulacion-de-desarrollo-regional\/\">Leer m\u00e1s<\/a><\/p>\n","protected":false},"author":1,"featured_media":91440,"comment_status":"open","ping_status":"closed","sticky":false,"template":"","format":"standard","meta":{"footnotes":""},"categories":[2],"tags":[12],"class_list":["post-91439","post","type-post","status-publish","format-standard","has-post-thumbnail","hentry","category-nacionales","tag-nacionales"],"_links":{"self":[{"href":"https:\/\/elmetropolitano.com.gt\/es\/wp-json\/wp\/v2\/posts\/91439","targetHints":{"allow":["GET"]}}],"collection":[{"href":"https:\/\/elmetropolitano.com.gt\/es\/wp-json\/wp\/v2\/posts"}],"about":[{"href":"https:\/\/elmetropolitano.com.gt\/es\/wp-json\/wp\/v2\/types\/post"}],"author":[{"embeddable":true,"href":"https:\/\/elmetropolitano.com.gt\/es\/wp-json\/wp\/v2\/users\/1"}],"replies":[{"embeddable":true,"href":"https:\/\/elmetropolitano.com.gt\/es\/wp-json\/wp\/v2\/comments?post=91439"}],"version-history":[{"count":1,"href":"https:\/\/elmetropolitano.com.gt\/es\/wp-json\/wp\/v2\/posts\/91439\/revisions"}],"predecessor-version":[{"id":91447,"href":"https:\/\/elmetropolitano.com.gt\/es\/wp-json\/wp\/v2\/posts\/91439\/revisions\/91447"}],"wp:featuredmedia":[{"embeddable":true,"href":"https:\/\/elmetropolitano.com.gt\/es\/wp-json\/wp\/v2\/media\/91440"}],"wp:attachment":[{"href":"https:\/\/elmetropolitano.com.gt\/es\/wp-json\/wp\/v2\/media?parent=91439"}],"wp:term":[{"taxonomy":"category","embeddable":true,"href":"https:\/\/elmetropolitano.com.gt\/es\/wp-json\/wp\/v2\/categories?post=91439"},{"taxonomy":"post_tag","embeddable":true,"href":"https:\/\/elmetropolitano.com.gt\/es\/wp-json\/wp\/v2\/tags?post=91439"}],"curies":[{"name":"wp","href":"https:\/\/api.w.org\/{rel}","templated":true}]}}