{"id":91448,"date":"2024-11-01T09:39:24","date_gmt":"2024-11-01T15:39:24","guid":{"rendered":"https:\/\/elmetropolitano.com.gt\/es\/?p=91448"},"modified":"2024-11-01T09:39:24","modified_gmt":"2024-11-01T15:39:24","slug":"hay-retraso-de-instalacion-de-escaleras-y-elevadores-en-aeropuerto-internacional-la-aurora","status":"publish","type":"post","link":"https:\/\/elmetropolitano.com.gt\/es\/hay-retraso-de-instalacion-de-escaleras-y-elevadores-en-aeropuerto-internacional-la-aurora\/","title":{"rendered":"Hay retraso de instalaci\u00f3n de escaleras y elevadores en Aeropuerto Internacional La Aurora"},"content":{"rendered":"\n<p>La Direcci\u00f3n General de Aeron\u00e1utica Civil (DGAC) inform\u00f3 que actuar\u00e1n apegados a la ley ante el retraso que tuvo la empresa a cargo de la instalaci\u00f3n de las escaleras el\u00e9ctricas y ascensores en el Aeropuerto Internacional La Aurora.<\/p>\n\n\n\n<p>En conferencia de prensa, Azucena Zelaya, directora interina de la DGAC, junto con el viceministro de Transportes del Ministerio de Comunicaciones, <a><\/a>Infraestructura y Vivienda (CIV), Fernando Suriano, explicaron sobre el atraso que tuvo la empresa de Tecnolog\u00edas Smart Home, S.A., para la la instalaci\u00f3n de las escaleras el\u00e9ctricas y elevadores en el Aeropuerto Internacional La Aurora, cuyo plazo venci\u00f3 este jueves 31 de octubre.<\/p><div class=\"elmet-contenido\" id=\"elmet-2381558162\"><div class=\"elmet-adlabel\">Anuncios<\/div><div style=\"margin-top: 20px;margin-right: 20px;margin-bottom: 20px;margin-left: 20px;\" id=\"elmet-3241458433\"><a href=\"https:\/\/www.facebook.com\/arrincuanantigua\/\" aria-label=\"cintillo-arrin-cual\"><img loading=\"lazy\" decoding=\"async\" src=\"https:\/\/elmetropolitano.com.gt\/es\/wp-content\/uploads\/2021\/11\/cintillo-arrin-cual-1.jpg\" alt=\"\"  srcset=\"https:\/\/elmetropolitano.com.gt\/es\/wp-content\/uploads\/2021\/11\/cintillo-arrin-cual-1.jpg 750w, https:\/\/elmetropolitano.com.gt\/es\/wp-content\/uploads\/2021\/11\/cintillo-arrin-cual-1-300x36.jpg 300w, https:\/\/elmetropolitano.com.gt\/es\/wp-content\/uploads\/2021\/11\/cintillo-arrin-cual-1-600x72.jpg 600w\" sizes=\"(max-width: 750px) 100vw, 750px\" width=\"750\" height=\"90\"   \/><\/a><\/div><\/div>\n\n\n\n<p>Supervisaron el proyecto junto con empresa<\/p>\n\n\n\n<p>Zelaya explic\u00f3 que en horas de la ma\u00f1ana realizaron el recorrido con personeros de la empresa para verificar los avances de instalaci\u00f3n de las seis escaleras el\u00e9ctricas, de las cuales cuatro ya est\u00e1n instaladas, pero le faltan algunos detalles, ajustes y acabados.<\/p>\n\n\n\n<p>Adem\u00e1s, sobre la instalaci\u00f3n de los ocho elevadores de pasajeros y de carga, siete de ellos se encuentran instalados y est\u00e1n en proceso de detalles, ajustes y pruebas. Sin embargo, uno de los elevadores a\u00fan est\u00e1 en proceso de instalaci\u00f3n y acabados.<\/p>\n\n\n\n<p>Ley contempla el retraso en la entrega<\/p>\n\n\n\n<p>Tambi\u00e9n, el viceministro Suriano explic\u00f3 que la ley contempla que un retaso en la entrega tanto para servicios como para el tema de infraestructura. Por ello, nos vamos a apegar en el marco de la ley, afirm\u00f3.<\/p>\n\n\n\n<p>No obstante, Zelaya coment\u00f3 que sostendr\u00e1n una reuni\u00f3n con representantes de la empresa para definir los tiempos que se llevar\u00e1 para concluir el proceso de instalaci\u00f3n de las escaleras el\u00e9ctricas y de los elevadores.<\/p>\n\n\n\n<p>Antecedentes del proyecto<\/p>\n\n\n\n<p>El contrato para la ejecuci\u00f3n del proyecto para la instalaci\u00f3n de las escaleras y elevadores se realiz\u00f3 desde mayo de 2023 y ten\u00eda que haber sido integrado finalizado el 30 de noviembre 2023, cuando la Comisi\u00f3n Liquidadora no acept\u00f3 la recepci\u00f3n, debido a que los equipos que iban a instalar no eran los correspondientes para el aeropuerto.<\/p>\n\n\n\n<p>En esa oportunidad, se dio la terminaci\u00f3n del contrato por el incumplimiento, pero la empresa interpone un recurso de reposici\u00f3n, que resuelve en apego a la cl\u00e1usula decimosegunda del contrato, que resuelve una resoluci\u00f3n de conflictos por la v\u00eda directa, explic\u00f3 Zelaya.<\/p>\n\n\n\n<p>En esta nueva administraci\u00f3n<\/p>\n\n\n\n<p>Durante la actual administraci\u00f3n, la DGAC y la empresa establecieron las etapas de condiciones previas en las que se fija un tiempo para el retiro de todo el equipo que no se utilizar\u00eda en el aeropuerto.<\/p>\n\n\n\n<p>Luego en la segunda etapa, se hizo la revisi\u00f3n de los nuevos equipos y verificaci\u00f3n de las medidas de los equipos que para el proyecto. En la fase de instalaci\u00f3n de los equipos, es en la que actualmente, existi\u00f3 el retraso para la entrega estipulada para este jueves 31 de octubre, pero se espera llegar a un acuerdo con la empresa para ser recibido en los pr\u00f3ximos d\u00edas.<\/p>\n\n\n\n<p>Texto: Estuardo Mart\u00ednez<\/p>\n\n\n\n<p><a href=\"https:\/\/www.facebook.com\/hashtag\/aeropuertolaaurora?__eep__=6&amp;__cft__[0]=AZXJz93GqYHj-ss8WrH6-e0zNTlprk5fFgBlK3Q0BeXR-k8At6cMNF_NoFceRGfONaMi4SYSjgBr8a6eocRfMivLB2x5hZx2JXQcmSqqFn6ei-q-yozC5KQ3Yj1iZSUG0GsHcyfElErikMPH1wgGb-7zur0cdb2hlMSHi2c4HHXTJ0-ZhPuhQ_6e9jMUuwt8uos&amp;__tn__=*NK-R\">#aeropuertolaaurora<\/a><a href=\"https:\/\/www.facebook.com\/hashtag\/metroredes?__eep__=6&amp;__cft__[0]=AZXJz93GqYHj-ss8WrH6-e0zNTlprk5fFgBlK3Q0BeXR-k8At6cMNF_NoFceRGfONaMi4SYSjgBr8a6eocRfMivLB2x5hZx2JXQcmSqqFn6ei-q-yozC5KQ3Yj1iZSUG0GsHcyfElErikMPH1wgGb-7zur0cdb2hlMSHi2c4HHXTJ0-ZhPuhQ_6e9jMUuwt8uos&amp;__tn__=*NK-R\">#metroredes<\/a><a href=\"https:\/\/www.facebook.com\/hashtag\/dgac?__eep__=6&amp;__cft__[0]=AZXJz93GqYHj-ss8WrH6-e0zNTlprk5fFgBlK3Q0BeXR-k8At6cMNF_NoFceRGfONaMi4SYSjgBr8a6eocRfMivLB2x5hZx2JXQcmSqqFn6ei-q-yozC5KQ3Yj1iZSUG0GsHcyfElErikMPH1wgGb-7zur0cdb2hlMSHi2c4HHXTJ0-ZhPuhQ_6e9jMUuwt8uos&amp;__tn__=*NK-R\">#DGAC<\/a><\/p>\n\n\n\n<figure class=\"wp-block-gallery has-nested-images columns-default is-cropped wp-block-gallery-1 is-layout-flex wp-block-gallery-is-layout-flex\">\n<figure class=\"wp-block-image size-large\"><img loading=\"lazy\" decoding=\"async\" width=\"1024\" height=\"683\" data-id=\"91451\" src=\"https:\/\/elmetropolitano.com.gt\/es\/wp-content\/uploads\/2024\/11\/465219982_1065068328952583_2688948707144096569_n-1024x683.jpg\" alt=\"\" class=\"wp-image-91451\" srcset=\"https:\/\/elmetropolitano.com.gt\/es\/wp-content\/uploads\/2024\/11\/465219982_1065068328952583_2688948707144096569_n-1024x683.jpg 1024w, https:\/\/elmetropolitano.com.gt\/es\/wp-content\/uploads\/2024\/11\/465219982_1065068328952583_2688948707144096569_n-300x200.jpg 300w, https:\/\/elmetropolitano.com.gt\/es\/wp-content\/uploads\/2024\/11\/465219982_1065068328952583_2688948707144096569_n-768x512.jpg 768w, https:\/\/elmetropolitano.com.gt\/es\/wp-content\/uploads\/2024\/11\/465219982_1065068328952583_2688948707144096569_n-1536x1025.jpg 1536w, https:\/\/elmetropolitano.com.gt\/es\/wp-content\/uploads\/2024\/11\/465219982_1065068328952583_2688948707144096569_n.jpg 2048w\" sizes=\"auto, (max-width: 1024px) 100vw, 1024px\" \/><\/figure>\n\n\n\n<figure class=\"wp-block-image size-large\"><img loading=\"lazy\" decoding=\"async\" width=\"1024\" height=\"683\" data-id=\"91450\" src=\"https:\/\/elmetropolitano.com.gt\/es\/wp-content\/uploads\/2024\/11\/465244148_1065068348952581_3126788494200083063_n-1024x683.jpg\" alt=\"\" class=\"wp-image-91450\" srcset=\"https:\/\/elmetropolitano.com.gt\/es\/wp-content\/uploads\/2024\/11\/465244148_1065068348952581_3126788494200083063_n-1024x683.jpg 1024w, https:\/\/elmetropolitano.com.gt\/es\/wp-content\/uploads\/2024\/11\/465244148_1065068348952581_3126788494200083063_n-300x200.jpg 300w, https:\/\/elmetropolitano.com.gt\/es\/wp-content\/uploads\/2024\/11\/465244148_1065068348952581_3126788494200083063_n-768x512.jpg 768w, https:\/\/elmetropolitano.com.gt\/es\/wp-content\/uploads\/2024\/11\/465244148_1065068348952581_3126788494200083063_n-1536x1025.jpg 1536w, https:\/\/elmetropolitano.com.gt\/es\/wp-content\/uploads\/2024\/11\/465244148_1065068348952581_3126788494200083063_n.jpg 2048w\" sizes=\"auto, (max-width: 1024px) 100vw, 1024px\" \/><\/figure>\n<\/figure>\n","protected":false},"excerpt":{"rendered":"<p>La Direcci\u00f3n General de Aeron\u00e1utica Civil (DGAC) inform\u00f3 que actuar\u00e1n apegados a la ley ante el retraso que tuvo la empresa a cargo de la instalaci\u00f3n de las escaleras el\u00e9ctricas y ascensores en el Aeropuerto Internacional La Aurora. En conferencia de prensa, Azucena Zelaya, directora interina de la DGAC, junto con el viceministro de Transportes <a class=\"read-more\" href=\"https:\/\/elmetropolitano.com.gt\/es\/hay-retraso-de-instalacion-de-escaleras-y-elevadores-en-aeropuerto-internacional-la-aurora\/\">Leer m\u00e1s<\/a><\/p>\n","protected":false},"author":1,"featured_media":91449,"comment_status":"open","ping_status":"closed","sticky":false,"template":"","format":"standard","meta":{"footnotes":""},"categories":[2],"tags":[12],"class_list":["post-91448","post","type-post","status-publish","format-standard","has-post-thumbnail","hentry","category-nacionales","tag-nacionales"],"_links":{"self":[{"href":"https:\/\/elmetropolitano.com.gt\/es\/wp-json\/wp\/v2\/posts\/91448","targetHints":{"allow":["GET"]}}],"collection":[{"href":"https:\/\/elmetropolitano.com.gt\/es\/wp-json\/wp\/v2\/posts"}],"about":[{"href":"https:\/\/elmetropolitano.com.gt\/es\/wp-json\/wp\/v2\/types\/post"}],"author":[{"embeddable":true,"href":"https:\/\/elmetropolitano.com.gt\/es\/wp-json\/wp\/v2\/users\/1"}],"replies":[{"embeddable":true,"href":"https:\/\/elmetropolitano.com.gt\/es\/wp-json\/wp\/v2\/comments?post=91448"}],"version-history":[{"count":1,"href":"https:\/\/elmetropolitano.com.gt\/es\/wp-json\/wp\/v2\/posts\/91448\/revisions"}],"predecessor-version":[{"id":91452,"href":"https:\/\/elmetropolitano.com.gt\/es\/wp-json\/wp\/v2\/posts\/91448\/revisions\/91452"}],"wp:featuredmedia":[{"embeddable":true,"href":"https:\/\/elmetropolitano.com.gt\/es\/wp-json\/wp\/v2\/media\/91449"}],"wp:attachment":[{"href":"https:\/\/elmetropolitano.com.gt\/es\/wp-json\/wp\/v2\/media?parent=91448"}],"wp:term":[{"taxonomy":"category","embeddable":true,"href":"https:\/\/elmetropolitano.com.gt\/es\/wp-json\/wp\/v2\/categories?post=91448"},{"taxonomy":"post_tag","embeddable":true,"href":"https:\/\/elmetropolitano.com.gt\/es\/wp-json\/wp\/v2\/tags?post=91448"}],"curies":[{"name":"wp","href":"https:\/\/api.w.org\/{rel}","templated":true}]}}