{"id":91513,"date":"2024-11-03T17:05:15","date_gmt":"2024-11-03T23:05:15","guid":{"rendered":"https:\/\/elmetropolitano.com.gt\/es\/?p=91513"},"modified":"2024-11-03T17:05:16","modified_gmt":"2024-11-03T23:05:16","slug":"trailer-se-queda-trabado-bajo-puente-en-anillo-a-periferico","status":"publish","type":"post","link":"https:\/\/elmetropolitano.com.gt\/es\/trailer-se-queda-trabado-bajo-puente-en-anillo-a-periferico\/","title":{"rendered":"Tr\u00e1iler se queda trabado bajo puente en Anillo a perif\u00e9rico"},"content":{"rendered":"\n<p>Esta ma\u00f1ana una tr\u00e1iler queda trabado en el Anillo Perif\u00e9rico bajo puente de la universidad de San Carlos USAC en la zona 12, afectando la conexi\u00f3n vehicular hacia colonia La Reformita.<\/p>\n\n\n\n<p>El Vocero de la Polic\u00eda Municipal de Transito PMT de la ciudad capital Amilcar Montejo indic\u00f3 que se eval\u00faan da\u00f1os provocados a la estructura del paso a desnivel,<\/p><div class=\"elmet-contenido\" id=\"elmet-1861960726\"><div class=\"elmet-adlabel\">Anuncios<\/div><div style=\"margin-top: 20px;margin-right: 20px;margin-bottom: 20px;margin-left: 20px;\" id=\"elmet-265547971\"><a href=\"https:\/\/www.facebook.com\/arrincuanantigua\/\" aria-label=\"cintillo-arrin-cual\"><img loading=\"lazy\" decoding=\"async\" src=\"https:\/\/elmetropolitano.com.gt\/es\/wp-content\/uploads\/2021\/11\/cintillo-arrin-cual-1.jpg\" alt=\"\"  srcset=\"https:\/\/elmetropolitano.com.gt\/es\/wp-content\/uploads\/2021\/11\/cintillo-arrin-cual-1.jpg 750w, https:\/\/elmetropolitano.com.gt\/es\/wp-content\/uploads\/2021\/11\/cintillo-arrin-cual-1-300x36.jpg 300w, https:\/\/elmetropolitano.com.gt\/es\/wp-content\/uploads\/2021\/11\/cintillo-arrin-cual-1-600x72.jpg 600w\" sizes=\"(max-width: 750px) 100vw, 750px\" width=\"750\" height=\"90\"   \/><\/a><\/div><\/div>\n\n\n\n<p>Para <a><\/a>los analistas esto evidencia que es el transporte Pesado organizado qui\u00e9n da\u00f1a las carreteras y puentes del Pais debido al poco control que sobre ellos tiene el Ministerio de Comunicaciones<\/p>\n\n\n\n<p>Sin embargo son los que m\u00e1s reclaman al actual gobierno por la infraestructura vial y no lo hac\u00edan en gobiernos anteriores que dej\u00f3 en abandono la red vial y puentes a medio construir.<\/p>\n\n\n\n<p><a href=\"https:\/\/www.facebook.com\/hashtag\/metroredes?__eep__=6&amp;__cft__[0]=AZXW0HUgfdp7r1AEqxQFNqYJCRItCQkCvfL70kI_pulUn_ISyNUyfsKUms8daJQ0J6Xgl_DfDJqlv8TpPZB9wVkc8PuvTP3QqEVYLd4DiUfILeuP915rVjiurTOjKLwcHVM0oT6H-_lDIn--UD8htyR1Ax47GlwCqpgqxBatT-Ya-VhTZ5AzAvjM3hfq4lJiJRw&amp;__tn__=*NK-R\">#Metroredes<\/a><a href=\"https:\/\/www.facebook.com\/hashtag\/civ?__eep__=6&amp;__cft__[0]=AZXW0HUgfdp7r1AEqxQFNqYJCRItCQkCvfL70kI_pulUn_ISyNUyfsKUms8daJQ0J6Xgl_DfDJqlv8TpPZB9wVkc8PuvTP3QqEVYLd4DiUfILeuP915rVjiurTOjKLwcHVM0oT6H-_lDIn--UD8htyR1Ax47GlwCqpgqxBatT-Ya-VhTZ5AzAvjM3hfq4lJiJRw&amp;__tn__=*NK-R\">#Civ<\/a><a href=\"https:\/\/www.facebook.com\/hashtag\/pmtcapitsl?__eep__=6&amp;__cft__[0]=AZXW0HUgfdp7r1AEqxQFNqYJCRItCQkCvfL70kI_pulUn_ISyNUyfsKUms8daJQ0J6Xgl_DfDJqlv8TpPZB9wVkc8PuvTP3QqEVYLd4DiUfILeuP915rVjiurTOjKLwcHVM0oT6H-_lDIn--UD8htyR1Ax47GlwCqpgqxBatT-Ya-VhTZ5AzAvjM3hfq4lJiJRw&amp;__tn__=*NK-R\">#PMTCapitsl<\/a><\/p>\n","protected":false},"excerpt":{"rendered":"<p>Esta ma\u00f1ana una tr\u00e1iler queda trabado en el Anillo Perif\u00e9rico bajo puente de la universidad de San Carlos USAC en la zona 12, afectando la conexi\u00f3n vehicular hacia colonia La Reformita. El Vocero de la Polic\u00eda Municipal de Transito PMT de la ciudad capital Amilcar Montejo indic\u00f3 que se eval\u00faan da\u00f1os provocados a la estructura <a class=\"read-more\" href=\"https:\/\/elmetropolitano.com.gt\/es\/trailer-se-queda-trabado-bajo-puente-en-anillo-a-periferico\/\">Leer m\u00e1s<\/a><\/p>\n","protected":false},"author":1,"featured_media":91514,"comment_status":"open","ping_status":"closed","sticky":false,"template":"","format":"standard","meta":{"footnotes":""},"categories":[2],"tags":[12],"class_list":["post-91513","post","type-post","status-publish","format-standard","has-post-thumbnail","hentry","category-nacionales","tag-nacionales"],"_links":{"self":[{"href":"https:\/\/elmetropolitano.com.gt\/es\/wp-json\/wp\/v2\/posts\/91513","targetHints":{"allow":["GET"]}}],"collection":[{"href":"https:\/\/elmetropolitano.com.gt\/es\/wp-json\/wp\/v2\/posts"}],"about":[{"href":"https:\/\/elmetropolitano.com.gt\/es\/wp-json\/wp\/v2\/types\/post"}],"author":[{"embeddable":true,"href":"https:\/\/elmetropolitano.com.gt\/es\/wp-json\/wp\/v2\/users\/1"}],"replies":[{"embeddable":true,"href":"https:\/\/elmetropolitano.com.gt\/es\/wp-json\/wp\/v2\/comments?post=91513"}],"version-history":[{"count":1,"href":"https:\/\/elmetropolitano.com.gt\/es\/wp-json\/wp\/v2\/posts\/91513\/revisions"}],"predecessor-version":[{"id":91515,"href":"https:\/\/elmetropolitano.com.gt\/es\/wp-json\/wp\/v2\/posts\/91513\/revisions\/91515"}],"wp:featuredmedia":[{"embeddable":true,"href":"https:\/\/elmetropolitano.com.gt\/es\/wp-json\/wp\/v2\/media\/91514"}],"wp:attachment":[{"href":"https:\/\/elmetropolitano.com.gt\/es\/wp-json\/wp\/v2\/media?parent=91513"}],"wp:term":[{"taxonomy":"category","embeddable":true,"href":"https:\/\/elmetropolitano.com.gt\/es\/wp-json\/wp\/v2\/categories?post=91513"},{"taxonomy":"post_tag","embeddable":true,"href":"https:\/\/elmetropolitano.com.gt\/es\/wp-json\/wp\/v2\/tags?post=91513"}],"curies":[{"name":"wp","href":"https:\/\/api.w.org\/{rel}","templated":true}]}}