{"id":91519,"date":"2024-11-03T17:08:13","date_gmt":"2024-11-03T23:08:13","guid":{"rendered":"https:\/\/elmetropolitano.com.gt\/es\/?p=91519"},"modified":"2024-11-03T17:08:14","modified_gmt":"2024-11-03T23:08:14","slug":"escolares-de-san-agustin-acasaguastlan-recogen-su-primera-cosecha","status":"publish","type":"post","link":"https:\/\/elmetropolitano.com.gt\/es\/escolares-de-san-agustin-acasaguastlan-recogen-su-primera-cosecha\/","title":{"rendered":"Escolares de San Agust\u00edn Acasaguastl\u00e1n recogen su primera cosecha"},"content":{"rendered":"\n<p>El Huerto Escolar de la Escuela Oficial Rural Mixta, Bicentenario de San Agust\u00edn Acasaguastl\u00e1n, El Progreso, dio sus primeros frutos y la cosecha fue levantada durante la semana del 21 al 25 de octubre del presente a\u00f1o. Con gran entusiasmo, los estudiantes recolectaron una variedad de hortalizas como r\u00e1banos, pepinos y acelgas.<\/p>\n\n\n\n<p>En la actividad de cosecha participaron el director del centro educativo, docentes, <a><\/a>treinta estudiantes y dos padres de familia.<\/p><div class=\"elmet-contenido\" id=\"elmet-3308774693\"><div class=\"elmet-adlabel\">Anuncios<\/div><div style=\"margin-top: 20px;margin-right: 20px;margin-bottom: 20px;margin-left: 20px;\" id=\"elmet-3976847913\"><a href=\"https:\/\/www.facebook.com\/arrincuanantigua\/\" aria-label=\"cintillo-arrin-cual\"><img loading=\"lazy\" decoding=\"async\" src=\"https:\/\/elmetropolitano.com.gt\/es\/wp-content\/uploads\/2021\/11\/cintillo-arrin-cual-1.jpg\" alt=\"\"  srcset=\"https:\/\/elmetropolitano.com.gt\/es\/wp-content\/uploads\/2021\/11\/cintillo-arrin-cual-1.jpg 750w, https:\/\/elmetropolitano.com.gt\/es\/wp-content\/uploads\/2021\/11\/cintillo-arrin-cual-1-300x36.jpg 300w, https:\/\/elmetropolitano.com.gt\/es\/wp-content\/uploads\/2021\/11\/cintillo-arrin-cual-1-600x72.jpg 600w\" sizes=\"(max-width: 750px) 100vw, 750px\" width=\"750\" height=\"90\"   \/><\/a><\/div><\/div>\n\n\n\n<p>Al cultivar sus propios alimentos, los alumnos aprenden acerca de la importancia de la agricultura sostenible y adquieren conocimientos pr\u00e1cticos que pueden replicar en sus hogares y comunidades.<\/p>\n\n\n\n<p>Dicha pr\u00e1ctica tambi\u00e9n apoya en el desarrollo de pr\u00e1cticas de autosostenibilidad en el campo financiero, porque disciplina a los estudiantes en el buen uso de los recursos.<\/p>\n\n\n\n<p>Tras la recolecci\u00f3n, se ofreci\u00f3 una charla a los estudiantes, docentes y al director relativa a los beneficios de una alimentaci\u00f3n saludable.<\/p>\n\n\n\n<p>Este aprendizaje integral no solo fomenta la agricultura y la alimentaci\u00f3n sana, sino que tambi\u00e9n permite desarrollar competencias para la vida, entre estas:<\/p>\n\n\n\n<p>el trabajo en equipo la solidaridad valores fundamentales<\/p>\n\n\n\n<p>Tambi\u00e9n promueve cambios positivos en la alimentaci\u00f3n, nutrici\u00f3n, salud, cuidado del medio ambiente y pr\u00e1cticas agr\u00edcolas de la comunidad. Al finalizar, los estudiantes realizaron actividades de resiembra, limpieza de tablones y trazado de surcos para una nueva siembra de r\u00e1banos.<\/p>\n\n\n\n<p>Apoyo institucional<\/p>\n\n\n\n<p>El apoyo t\u00e9cnico fue proporcionado por el personal del Departamento de Agricultura Urbana (DAU) del Viceministerio de Seguridad Alimentaria y Nutricional (VISAN). Los Huertos Escolares con fines pedag\u00f3gicos son impulsados por el Ministerio de Agricultura, Ganader\u00eda y Alimentaci\u00f3n (MAGA), en coordinaci\u00f3n con el Ministerio de Educaci\u00f3n (MINEDUC).<\/p>\n\n\n\n<p>La disponibilidad de alimentos es parte del plan Una nueva siembra para el agro de Guatemala y se enmarca en el objetivo uno del plan, que busca incrementar la productividad, la disponibilidad, el acceso f\u00edsico y econ\u00f3mico a los alimentos de manera oportuna.<\/p>\n\n\n\n<p>Mediante la pol\u00edtica de huertos escolares se desarrolla en la comunidad educativa el h\u00e1bito de la autosuficiencia en cuanto a alimentos. Adem\u00e1s, por ser un actividad interinstitucional provee a los estudiantes tanto de conocimientos pr\u00e1cticos como te\u00f3ricos sobre el mundo de la agricultura.<\/p>\n\n\n\n<p>Texto: Isaac Ramires<\/p>\n\n\n\n<p><a href=\"https:\/\/www.facebook.com\/hashtag\/maga?__eep__=6&amp;__cft__[0]=AZWBupegAs0dMEWT27Fs13AvZDAyY6a2narsaOktxQwmiKVdhd7xcne_mzw3XymSqYRqa9CBEOopp2NjNYsDyUiOxj0ZU9pPNqzllDmImFw_3tCN5Txgtkx-BCDvLEn1GJmKI0GZJtDIi8Bbbk7TJ4Dna5MU0XDRMgxdVBmNO6OPG7pgxlTdMRGvAdQuzWBWcUI&amp;__tn__=*NK-R\">#MAGA<\/a><a href=\"https:\/\/www.facebook.com\/hashtag\/elagrochapin?__eep__=6&amp;__cft__[0]=AZWBupegAs0dMEWT27Fs13AvZDAyY6a2narsaOktxQwmiKVdhd7xcne_mzw3XymSqYRqa9CBEOopp2NjNYsDyUiOxj0ZU9pPNqzllDmImFw_3tCN5Txgtkx-BCDvLEn1GJmKI0GZJtDIi8Bbbk7TJ4Dna5MU0XDRMgxdVBmNO6OPG7pgxlTdMRGvAdQuzWBWcUI&amp;__tn__=*NK-R\">#Elagrochapin<\/a><a href=\"https:\/\/www.facebook.com\/hashtag\/metroredes?__eep__=6&amp;__cft__[0]=AZWBupegAs0dMEWT27Fs13AvZDAyY6a2narsaOktxQwmiKVdhd7xcne_mzw3XymSqYRqa9CBEOopp2NjNYsDyUiOxj0ZU9pPNqzllDmImFw_3tCN5Txgtkx-BCDvLEn1GJmKI0GZJtDIi8Bbbk7TJ4Dna5MU0XDRMgxdVBmNO6OPG7pgxlTdMRGvAdQuzWBWcUI&amp;__tn__=*NK-R\">#metroredes<\/a><a href=\"https:\/\/www.facebook.com\/hashtag\/huertosescolares?__eep__=6&amp;__cft__[0]=AZWBupegAs0dMEWT27Fs13AvZDAyY6a2narsaOktxQwmiKVdhd7xcne_mzw3XymSqYRqa9CBEOopp2NjNYsDyUiOxj0ZU9pPNqzllDmImFw_3tCN5Txgtkx-BCDvLEn1GJmKI0GZJtDIi8Bbbk7TJ4Dna5MU0XDRMgxdVBmNO6OPG7pgxlTdMRGvAdQuzWBWcUI&amp;__tn__=*NK-R\">#huertosescolares<\/a><\/p>\n","protected":false},"excerpt":{"rendered":"<p>El Huerto Escolar de la Escuela Oficial Rural Mixta, Bicentenario de San Agust\u00edn Acasaguastl\u00e1n, El Progreso, dio sus primeros frutos y la cosecha fue levantada durante la semana del 21 al 25 de octubre del presente a\u00f1o. Con gran entusiasmo, los estudiantes recolectaron una variedad de hortalizas como r\u00e1banos, pepinos y acelgas. En la actividad <a class=\"read-more\" href=\"https:\/\/elmetropolitano.com.gt\/es\/escolares-de-san-agustin-acasaguastlan-recogen-su-primera-cosecha\/\">Leer m\u00e1s<\/a><\/p>\n","protected":false},"author":1,"featured_media":91520,"comment_status":"open","ping_status":"closed","sticky":false,"template":"","format":"standard","meta":{"footnotes":""},"categories":[2],"tags":[12],"class_list":["post-91519","post","type-post","status-publish","format-standard","has-post-thumbnail","hentry","category-nacionales","tag-nacionales"],"_links":{"self":[{"href":"https:\/\/elmetropolitano.com.gt\/es\/wp-json\/wp\/v2\/posts\/91519","targetHints":{"allow":["GET"]}}],"collection":[{"href":"https:\/\/elmetropolitano.com.gt\/es\/wp-json\/wp\/v2\/posts"}],"about":[{"href":"https:\/\/elmetropolitano.com.gt\/es\/wp-json\/wp\/v2\/types\/post"}],"author":[{"embeddable":true,"href":"https:\/\/elmetropolitano.com.gt\/es\/wp-json\/wp\/v2\/users\/1"}],"replies":[{"embeddable":true,"href":"https:\/\/elmetropolitano.com.gt\/es\/wp-json\/wp\/v2\/comments?post=91519"}],"version-history":[{"count":1,"href":"https:\/\/elmetropolitano.com.gt\/es\/wp-json\/wp\/v2\/posts\/91519\/revisions"}],"predecessor-version":[{"id":91521,"href":"https:\/\/elmetropolitano.com.gt\/es\/wp-json\/wp\/v2\/posts\/91519\/revisions\/91521"}],"wp:featuredmedia":[{"embeddable":true,"href":"https:\/\/elmetropolitano.com.gt\/es\/wp-json\/wp\/v2\/media\/91520"}],"wp:attachment":[{"href":"https:\/\/elmetropolitano.com.gt\/es\/wp-json\/wp\/v2\/media?parent=91519"}],"wp:term":[{"taxonomy":"category","embeddable":true,"href":"https:\/\/elmetropolitano.com.gt\/es\/wp-json\/wp\/v2\/categories?post=91519"},{"taxonomy":"post_tag","embeddable":true,"href":"https:\/\/elmetropolitano.com.gt\/es\/wp-json\/wp\/v2\/tags?post=91519"}],"curies":[{"name":"wp","href":"https:\/\/api.w.org\/{rel}","templated":true}]}}