{"id":91522,"date":"2024-11-03T17:09:45","date_gmt":"2024-11-03T23:09:45","guid":{"rendered":"https:\/\/elmetropolitano.com.gt\/es\/?p=91522"},"modified":"2024-11-03T17:09:46","modified_gmt":"2024-11-03T23:09:46","slug":"la-fundacion-rigoberta-menchu-quiere-q-5-5-millones-del-presupuesto-del-proximo-ano","status":"publish","type":"post","link":"https:\/\/elmetropolitano.com.gt\/es\/la-fundacion-rigoberta-menchu-quiere-q-5-5-millones-del-presupuesto-del-proximo-ano\/","title":{"rendered":"La Fundaci\u00f3n Rigoberta Mench\u00fa quiere Q 5.5 millones del Presupuesto del Pr\u00f3ximo A\u00f1o"},"content":{"rendered":"\n<p>La fundaci\u00f3n de Rigoberta Menchu, premio nobel de la paz, se acerc\u00f3 por primera vez al Congreso de la Rep\u00fablica para solicitar presupuesto para el 2025.<\/p>\n\n\n\n<p>Los representantes de la mencionada fundaci\u00f3n llegaron a la Comisi\u00f3n de Finanzas P\u00fablicas y Moneda y solicitaron que se les otorgue un presupuesto de Q5.5 millones. Actualmente, con sus propios recursos tienen gastos por Q1.8 millones.<\/p><div class=\"elmet-contenido\" id=\"elmet-2256174412\"><div class=\"elmet-adlabel\">Anuncios<\/div><div style=\"margin-top: 20px;margin-right: 20px;margin-bottom: 20px;margin-left: 20px;\" id=\"elmet-3289286122\"><a href=\"https:\/\/www.facebook.com\/arrincuanantigua\/\" aria-label=\"cintillo-arrin-cual\"><img loading=\"lazy\" decoding=\"async\" src=\"https:\/\/elmetropolitano.com.gt\/es\/wp-content\/uploads\/2021\/11\/cintillo-arrin-cual-1.jpg\" alt=\"\"  srcset=\"https:\/\/elmetropolitano.com.gt\/es\/wp-content\/uploads\/2021\/11\/cintillo-arrin-cual-1.jpg 750w, https:\/\/elmetropolitano.com.gt\/es\/wp-content\/uploads\/2021\/11\/cintillo-arrin-cual-1-300x36.jpg 300w, https:\/\/elmetropolitano.com.gt\/es\/wp-content\/uploads\/2021\/11\/cintillo-arrin-cual-1-600x72.jpg 600w\" sizes=\"(max-width: 750px) 100vw, 750px\" width=\"750\" height=\"90\"   \/><\/a><\/div><\/div>\n\n\n\n<p>El <a><\/a>argumento de la fundaci\u00f3n Rigoberta Mench\u00fa Tum, es que impulsa la educaci\u00f3n de la ni\u00f1ez y juventud ind\u00edgena desde la cultura de paz. Formando lideres capaces de vivir y promover la paz en sus 19 comunidades.<\/p>\n\n\n\n<p>De aprobarse esta petici\u00f3n los guatemaltecos con sus impuestos financiar\u00e1n la fundaci\u00f3n de la Premio Nobel de La Paz Rigoberta Mench\u00fa cuando hay otras prioridades seg\u00fan se dijo en corrillos del Congreso de la Rep\u00fablica.<\/p>\n\n\n\n<p><a href=\"https:\/\/www.facebook.com\/hashtag\/rigobertamenchu%CC%81?__eep__=6&amp;__cft__[0]=AZX1rJxeFW7MzoG-p2H2UbzeV5uJoky7u-6wBWr--lQssGENzTnE9BpP63E4nfEyiahU8pAZg2b27y7X4NgSC_MHS40dFeg_-2STIHrt6alt9I907mHLKYMh7ejdlJCrcVpbrT8MhNuB3OYTYWNMB5UtmbBl4ip9NqoWK2VR8b2FzgwYwFQBvfzzNRBFnQYeq8Q&amp;__tn__=*NK-R\">#rigobertamench\u00fa<\/a><a href=\"https:\/\/www.facebook.com\/hashtag\/metroredes?__eep__=6&amp;__cft__[0]=AZX1rJxeFW7MzoG-p2H2UbzeV5uJoky7u-6wBWr--lQssGENzTnE9BpP63E4nfEyiahU8pAZg2b27y7X4NgSC_MHS40dFeg_-2STIHrt6alt9I907mHLKYMh7ejdlJCrcVpbrT8MhNuB3OYTYWNMB5UtmbBl4ip9NqoWK2VR8b2FzgwYwFQBvfzzNRBFnQYeq8Q&amp;__tn__=*NK-R\">#metroredes<\/a><a href=\"https:\/\/www.facebook.com\/hashtag\/congresodelarepublica?__eep__=6&amp;__cft__[0]=AZX1rJxeFW7MzoG-p2H2UbzeV5uJoky7u-6wBWr--lQssGENzTnE9BpP63E4nfEyiahU8pAZg2b27y7X4NgSC_MHS40dFeg_-2STIHrt6alt9I907mHLKYMh7ejdlJCrcVpbrT8MhNuB3OYTYWNMB5UtmbBl4ip9NqoWK2VR8b2FzgwYwFQBvfzzNRBFnQYeq8Q&amp;__tn__=*NK-R\">#CongresoDeLaRepublica<\/a><\/p>\n\n\n\n<p><a href=\"http:\/\/www.elmetropolitano.com.gt\/?fbclid=IwZXh0bgNhZW0CMTAAAR2butQJfjpxtZoGdqU03AgHPoXe9zT2EH-XO-RNOJ2oFFxkPRwCQaOx11I_aem_lggv3WA-Ag_IP3mppJ3BUA\" rel=\"noreferrer noopener\" target=\"_blank\">Www.elmetropolitano.com.gt<\/a><\/p>\n\n\n\n<p><a href=\"https:\/\/l.facebook.com\/l.php?u=http%3A%2F%2FWww.metroredes.com%2F%3Ffbclid%3DIwZXh0bgNhZW0CMTAAAR2vuNMRGZO0xcmFAcUx0EdujDeAy7uEqa67OZUVSjuI5qtIOAj1JX-241Q_aem_mHV7HVlNCIJ7WmhGhDCaiw&amp;h=AT2mycvomfnuPiPSSKwdf3XFmOe6Ti5laPZHc4sZCqPx8i-gODJgPlxe9sfv8ukFjcwYksRNCxJqGTS-HE9UXCzgcAE4PhOJwj08XHOgQyBh6PNLumswL3mYk2zLXK01phYh&amp;__tn__=-UK-R&amp;c[0]=AT3zmenf8P4JXFKBsTUr9dDikc0JVmjDmNwUslJM-O5sC5NEz4CFL09zVgRoq6qXRHcCa4zS9SipzlHZAqn3ytO-2n35p3HDm5T446gtLtlfLv_cf74WFF9UGE6K-9ZTev6rJXYjCNs_-4YSJBwvJZz869dBD-_8_qWdnHAJZ4fjASfrdCB31ncQoZ2xKs1cg1myrPzK68CVyVIba9a-1exzLdE\" target=\"_blank\" rel=\"noreferrer noopener\">Www.metroredes.com<\/a><\/p>\n\n\n\n<figure class=\"wp-block-gallery has-nested-images columns-default is-cropped wp-block-gallery-1 is-layout-flex wp-block-gallery-is-layout-flex\">\n<figure class=\"wp-block-image size-large\"><img loading=\"lazy\" decoding=\"async\" width=\"312\" height=\"218\" data-id=\"91524\" src=\"https:\/\/elmetropolitano.com.gt\/es\/wp-content\/uploads\/2024\/11\/465419152_1066942995431783_5812166881063447991_n.jpg\" alt=\"\" class=\"wp-image-91524\" srcset=\"https:\/\/elmetropolitano.com.gt\/es\/wp-content\/uploads\/2024\/11\/465419152_1066942995431783_5812166881063447991_n.jpg 312w, https:\/\/elmetropolitano.com.gt\/es\/wp-content\/uploads\/2024\/11\/465419152_1066942995431783_5812166881063447991_n-300x210.jpg 300w\" sizes=\"auto, (max-width: 312px) 100vw, 312px\" \/><\/figure>\n\n\n\n<figure class=\"wp-block-image size-large\"><img loading=\"lazy\" decoding=\"async\" width=\"1024\" height=\"682\" data-id=\"91525\" src=\"https:\/\/elmetropolitano.com.gt\/es\/wp-content\/uploads\/2024\/11\/465447777_1066943108765105_8218989738874433063_n-1-1024x682.jpg\" alt=\"\" class=\"wp-image-91525\" srcset=\"https:\/\/elmetropolitano.com.gt\/es\/wp-content\/uploads\/2024\/11\/465447777_1066943108765105_8218989738874433063_n-1-1024x682.jpg 1024w, https:\/\/elmetropolitano.com.gt\/es\/wp-content\/uploads\/2024\/11\/465447777_1066943108765105_8218989738874433063_n-1-300x200.jpg 300w, https:\/\/elmetropolitano.com.gt\/es\/wp-content\/uploads\/2024\/11\/465447777_1066943108765105_8218989738874433063_n-1-768x512.jpg 768w, https:\/\/elmetropolitano.com.gt\/es\/wp-content\/uploads\/2024\/11\/465447777_1066943108765105_8218989738874433063_n-1-1536x1023.jpg 1536w, https:\/\/elmetropolitano.com.gt\/es\/wp-content\/uploads\/2024\/11\/465447777_1066943108765105_8218989738874433063_n-1.jpg 1600w\" sizes=\"auto, (max-width: 1024px) 100vw, 1024px\" \/><\/figure>\n<\/figure>\n","protected":false},"excerpt":{"rendered":"<p>La fundaci\u00f3n de Rigoberta Menchu, premio nobel de la paz, se acerc\u00f3 por primera vez al Congreso de la Rep\u00fablica para solicitar presupuesto para el 2025. Los representantes de la mencionada fundaci\u00f3n llegaron a la Comisi\u00f3n de Finanzas P\u00fablicas y Moneda y solicitaron que se les otorgue un presupuesto de Q5.5 millones. Actualmente, con sus <a class=\"read-more\" href=\"https:\/\/elmetropolitano.com.gt\/es\/la-fundacion-rigoberta-menchu-quiere-q-5-5-millones-del-presupuesto-del-proximo-ano\/\">Leer m\u00e1s<\/a><\/p>\n","protected":false},"author":1,"featured_media":91523,"comment_status":"open","ping_status":"closed","sticky":false,"template":"","format":"standard","meta":{"footnotes":""},"categories":[2],"tags":[12],"class_list":["post-91522","post","type-post","status-publish","format-standard","has-post-thumbnail","hentry","category-nacionales","tag-nacionales"],"_links":{"self":[{"href":"https:\/\/elmetropolitano.com.gt\/es\/wp-json\/wp\/v2\/posts\/91522","targetHints":{"allow":["GET"]}}],"collection":[{"href":"https:\/\/elmetropolitano.com.gt\/es\/wp-json\/wp\/v2\/posts"}],"about":[{"href":"https:\/\/elmetropolitano.com.gt\/es\/wp-json\/wp\/v2\/types\/post"}],"author":[{"embeddable":true,"href":"https:\/\/elmetropolitano.com.gt\/es\/wp-json\/wp\/v2\/users\/1"}],"replies":[{"embeddable":true,"href":"https:\/\/elmetropolitano.com.gt\/es\/wp-json\/wp\/v2\/comments?post=91522"}],"version-history":[{"count":1,"href":"https:\/\/elmetropolitano.com.gt\/es\/wp-json\/wp\/v2\/posts\/91522\/revisions"}],"predecessor-version":[{"id":91526,"href":"https:\/\/elmetropolitano.com.gt\/es\/wp-json\/wp\/v2\/posts\/91522\/revisions\/91526"}],"wp:featuredmedia":[{"embeddable":true,"href":"https:\/\/elmetropolitano.com.gt\/es\/wp-json\/wp\/v2\/media\/91523"}],"wp:attachment":[{"href":"https:\/\/elmetropolitano.com.gt\/es\/wp-json\/wp\/v2\/media?parent=91522"}],"wp:term":[{"taxonomy":"category","embeddable":true,"href":"https:\/\/elmetropolitano.com.gt\/es\/wp-json\/wp\/v2\/categories?post=91522"},{"taxonomy":"post_tag","embeddable":true,"href":"https:\/\/elmetropolitano.com.gt\/es\/wp-json\/wp\/v2\/tags?post=91522"}],"curies":[{"name":"wp","href":"https:\/\/api.w.org\/{rel}","templated":true}]}}