{"id":91545,"date":"2024-11-04T11:41:00","date_gmt":"2024-11-04T17:41:00","guid":{"rendered":"https:\/\/elmetropolitano.com.gt\/es\/?p=91545"},"modified":"2024-11-04T11:41:01","modified_gmt":"2024-11-04T17:41:01","slug":"presentan-denuncia-contra-alejandro-giammattei-por-tres-delitos-relacionados-con-caso-de-corrupcion-caso-red-q","status":"publish","type":"post","link":"https:\/\/elmetropolitano.com.gt\/es\/presentan-denuncia-contra-alejandro-giammattei-por-tres-delitos-relacionados-con-caso-de-corrupcion-caso-red-q\/","title":{"rendered":"Presentan denuncia contra Alejandro Giammattei por tres delitos relacionados con caso de corrupci\u00f3n Caso Red Q"},"content":{"rendered":"\n<p>El Gobierno de Guatemala anunci\u00f3 que presentar\u00e1 una denuncia penal contra el expresidente Alejandro Giammattei por los delitos de Abuso de autoridad, Tr\u00e1fico de Influencias e Incumplimiento de Deberes.<\/p>\n\n\n\n<p><a><\/a>Adem\u00e1s tambi\u00e9n se denunciar\u00e1 a la ex titular de la Secretar\u00eda General de Planificaci\u00f3n (Segeplan), Keila Gramajo por los delitos de Abuso de autoridad, Tr\u00e1fico de influencias, Peculado por sustracci\u00f3n, Nombramientos ilegales, Fraude e Incumplimiento de deberes.<\/p><div class=\"elmet-contenido\" id=\"elmet-1365830283\"><div class=\"elmet-adlabel\">Anuncios<\/div><div style=\"margin-top: 20px;margin-right: 20px;margin-bottom: 20px;margin-left: 20px;\" id=\"elmet-4008954473\"><a href=\"https:\/\/www.facebook.com\/arrincuanantigua\/\" aria-label=\"cintillo-arrin-cual\"><img loading=\"lazy\" decoding=\"async\" src=\"https:\/\/elmetropolitano.com.gt\/es\/wp-content\/uploads\/2021\/11\/cintillo-arrin-cual-1.jpg\" alt=\"\"  srcset=\"https:\/\/elmetropolitano.com.gt\/es\/wp-content\/uploads\/2021\/11\/cintillo-arrin-cual-1.jpg 750w, https:\/\/elmetropolitano.com.gt\/es\/wp-content\/uploads\/2021\/11\/cintillo-arrin-cual-1-300x36.jpg 300w, https:\/\/elmetropolitano.com.gt\/es\/wp-content\/uploads\/2021\/11\/cintillo-arrin-cual-1-600x72.jpg 600w\" sizes=\"(max-width: 750px) 100vw, 750px\" width=\"750\" height=\"90\"   \/><\/a><\/div><\/div>\n\n\n\n<p>Tambi\u00e9n, se presenta denuncia contra el ex presidente del INDE y ex miembros del Centro de Gobierno, Melvin Quijivix Vega por los delitos Abuso de autoridad, Tr\u00e1fico de influencias, Peculado por sustracci\u00f3n e Incumplimiento de deberes.<\/p>\n\n\n\n<p>Esto se debe al nombramiento, considerado en base a los indicios encontrados por las auditor\u00edas realizadas por el INDE como una plaza fantasma, de Melvin Quijivix Vega en un plaza 022, lo que le permiti\u00f3 ser nombrado como representante en el Consejo Directivo del INDE.<\/p>\n\n\n\n<p>Caso de corrupci\u00f3n en el INDE se\u00f1ala a Giammattei<\/p>\n\n\n\n<p>Seg\u00fan los indicios encontrados por la auditor\u00eda interna del INDE y Segeplan, las ex autoridades intentaron crear una plaza en el rengl\u00f3n 022 para Quijivix Vega, seis d\u00edas despu\u00e9s de que el Centro de Gobierno, del que formaba parte, fuera disuelto.<\/p>\n\n\n\n<p>Onsec rechaz\u00f3 el requerimiento de Segeplan, pero luego, la creaci\u00f3n de la plaza se realiz\u00f3 por orden del expresidente Giammattei que dio su visto bueno con una carta firmada por \u00e9l.<\/p>\n\n\n\n<p>De esa manera, Quijivix Vega fue contratado con un sueldo de 26 mil quetzales mensuales aunque nunca se present\u00f3 a trabajar en Segeplan.<\/p>\n\n\n\n<p>Asumi\u00f3 el puesto como representante en el Consejo Directivo del INDE y obtuvo la presidencia, a pesar que regularmente ese puesto es para el Ministro de Energ\u00eda y Minas.<\/p>\n\n\n\n<p>Ya en el puesto de presidente del INDE, Quijivix Vega realiz\u00f3 cambios en puestos claves e inici\u00f3 ha contratar asesor\u00edas por montos millonarios a empresas que est\u00e1n vinculadas con \u00e9l mismo.<\/p>\n\n\n\n<p>Por ejemplo, la empresa MINE, S.A. que recibi\u00f3 m\u00e1s de 1.5 millones de quetzales tiene como direcci\u00f3n fiscal la misma direcci\u00f3n de domicilio que Quijivix Vega, y la empresa Parime S.A. es propiedad del suegro y cu\u00f1ado de Quijivix Vega.<\/p>\n\n\n\n<p>Adem\u00e1s, en el INDE se autoriz\u00f3 la contrataci\u00f3n, en el rengl\u00f3n 029, de la esposa de Quijivix Vega, Nina Patricia Rom\u00e1n Rojas.<\/p>\n\n\n\n<p><a href=\"https:\/\/www.facebook.com\/hashtag\/coprrupcion?__eep__=6&amp;__cft__[0]=AZWfpDkvi0-kzVSUc6OzbHFtDLce8LgmrJOgCrMAt6NYTzAG4eifLCBoRBaKSa8CGucz6pgeDDxySS7CRwpmarsuIXr_0LOOAjZFbJ2c93HxyWvBq4wAVc_1duLHxJb2lG3fnl5-docNNrMh1sJ4UGoDHsDxI0kgM5VxJ_p6V9wLRwNlfZBAq8vLUyOBWauFz6o&amp;__tn__=*NK-R\">#Coprrupcion<\/a><a href=\"https:\/\/www.facebook.com\/hashtag\/alejandrogiammatei?__eep__=6&amp;__cft__[0]=AZWfpDkvi0-kzVSUc6OzbHFtDLce8LgmrJOgCrMAt6NYTzAG4eifLCBoRBaKSa8CGucz6pgeDDxySS7CRwpmarsuIXr_0LOOAjZFbJ2c93HxyWvBq4wAVc_1duLHxJb2lG3fnl5-docNNrMh1sJ4UGoDHsDxI0kgM5VxJ_p6V9wLRwNlfZBAq8vLUyOBWauFz6o&amp;__tn__=*NK-R\">#AlejandroGiammatei<\/a><a href=\"https:\/\/www.facebook.com\/hashtag\/partidovamos?__eep__=6&amp;__cft__[0]=AZWfpDkvi0-kzVSUc6OzbHFtDLce8LgmrJOgCrMAt6NYTzAG4eifLCBoRBaKSa8CGucz6pgeDDxySS7CRwpmarsuIXr_0LOOAjZFbJ2c93HxyWvBq4wAVc_1duLHxJb2lG3fnl5-docNNrMh1sJ4UGoDHsDxI0kgM5VxJ_p6V9wLRwNlfZBAq8vLUyOBWauFz6o&amp;__tn__=*NK-R\">#PartidoVamos<\/a><a href=\"https:\/\/www.facebook.com\/hashtag\/mpfuerteyfirme?__eep__=6&amp;__cft__[0]=AZWfpDkvi0-kzVSUc6OzbHFtDLce8LgmrJOgCrMAt6NYTzAG4eifLCBoRBaKSa8CGucz6pgeDDxySS7CRwpmarsuIXr_0LOOAjZFbJ2c93HxyWvBq4wAVc_1duLHxJb2lG3fnl5-docNNrMh1sJ4UGoDHsDxI0kgM5VxJ_p6V9wLRwNlfZBAq8vLUyOBWauFz6o&amp;__tn__=*NK-R\">#MPfuerteYfirme<\/a><a href=\"https:\/\/www.facebook.com\/hashtag\/redq?__eep__=6&amp;__cft__[0]=AZWfpDkvi0-kzVSUc6OzbHFtDLce8LgmrJOgCrMAt6NYTzAG4eifLCBoRBaKSa8CGucz6pgeDDxySS7CRwpmarsuIXr_0LOOAjZFbJ2c93HxyWvBq4wAVc_1duLHxJb2lG3fnl5-docNNrMh1sJ4UGoDHsDxI0kgM5VxJ_p6V9wLRwNlfZBAq8vLUyOBWauFz6o&amp;__tn__=*NK-R\">#RedQ<\/a><\/p>\n\n\n\n<p>Noticia en Desarrollo&#8230;.<\/p>\n\n\n\n<p><\/p>\n","protected":false},"excerpt":{"rendered":"<p>El Gobierno de Guatemala anunci\u00f3 que presentar\u00e1 una denuncia penal contra el expresidente Alejandro Giammattei por los delitos de Abuso de autoridad, Tr\u00e1fico de Influencias e Incumplimiento de Deberes. Adem\u00e1s tambi\u00e9n se denunciar\u00e1 a la ex titular de la Secretar\u00eda General de Planificaci\u00f3n (Segeplan), Keila Gramajo por los delitos de Abuso de autoridad, Tr\u00e1fico de <a class=\"read-more\" href=\"https:\/\/elmetropolitano.com.gt\/es\/presentan-denuncia-contra-alejandro-giammattei-por-tres-delitos-relacionados-con-caso-de-corrupcion-caso-red-q\/\">Leer m\u00e1s<\/a><\/p>\n","protected":false},"author":1,"featured_media":91546,"comment_status":"open","ping_status":"closed","sticky":false,"template":"","format":"standard","meta":{"footnotes":""},"categories":[2],"tags":[12],"class_list":["post-91545","post","type-post","status-publish","format-standard","has-post-thumbnail","hentry","category-nacionales","tag-nacionales"],"_links":{"self":[{"href":"https:\/\/elmetropolitano.com.gt\/es\/wp-json\/wp\/v2\/posts\/91545","targetHints":{"allow":["GET"]}}],"collection":[{"href":"https:\/\/elmetropolitano.com.gt\/es\/wp-json\/wp\/v2\/posts"}],"about":[{"href":"https:\/\/elmetropolitano.com.gt\/es\/wp-json\/wp\/v2\/types\/post"}],"author":[{"embeddable":true,"href":"https:\/\/elmetropolitano.com.gt\/es\/wp-json\/wp\/v2\/users\/1"}],"replies":[{"embeddable":true,"href":"https:\/\/elmetropolitano.com.gt\/es\/wp-json\/wp\/v2\/comments?post=91545"}],"version-history":[{"count":1,"href":"https:\/\/elmetropolitano.com.gt\/es\/wp-json\/wp\/v2\/posts\/91545\/revisions"}],"predecessor-version":[{"id":91547,"href":"https:\/\/elmetropolitano.com.gt\/es\/wp-json\/wp\/v2\/posts\/91545\/revisions\/91547"}],"wp:featuredmedia":[{"embeddable":true,"href":"https:\/\/elmetropolitano.com.gt\/es\/wp-json\/wp\/v2\/media\/91546"}],"wp:attachment":[{"href":"https:\/\/elmetropolitano.com.gt\/es\/wp-json\/wp\/v2\/media?parent=91545"}],"wp:term":[{"taxonomy":"category","embeddable":true,"href":"https:\/\/elmetropolitano.com.gt\/es\/wp-json\/wp\/v2\/categories?post=91545"},{"taxonomy":"post_tag","embeddable":true,"href":"https:\/\/elmetropolitano.com.gt\/es\/wp-json\/wp\/v2\/tags?post=91545"}],"curies":[{"name":"wp","href":"https:\/\/api.w.org\/{rel}","templated":true}]}}