{"id":91562,"date":"2024-11-04T17:14:16","date_gmt":"2024-11-04T23:14:16","guid":{"rendered":"https:\/\/elmetropolitano.com.gt\/es\/?p=91562"},"modified":"2024-11-04T17:14:16","modified_gmt":"2024-11-04T23:14:16","slug":"guatemala-acogera-por-primera-vez-un-dia-de-la-aviacion-organizado-por-iata","status":"publish","type":"post","link":"https:\/\/elmetropolitano.com.gt\/es\/guatemala-acogera-por-primera-vez-un-dia-de-la-aviacion-organizado-por-iata\/","title":{"rendered":"Guatemala acoger\u00e1 por primera vez un D\u00eda de la Aviaci\u00f3n organizado por IATA"},"content":{"rendered":"\n<p>La Asociaci\u00f3n de Transporte A\u00e9reo Internacional (IATA, por sus siglas en ingl\u00e9s) realizar\u00e1 por primera vez un D\u00eda de la Aviaci\u00f3n (Aviation Day) en Guatemala el pr\u00f3ximo lunes 18 de noviembre en el Hotel Real InterContinental de Ciudad de Guatemala.<\/p>\n\n\n\n<p>El <a><\/a>evento busca crear un marco de encuentro y di\u00e1logo constructivo entre la industria del transporte a\u00e9reo, el turismo, y el gobierno de Bernardo Ar\u00e9valo para analizar los desaf\u00edos y las oportunidades m\u00e1s significativas que existen actualmente en el mercado guatemalteco y acordar acciones para que la aviaci\u00f3n siga siendo un socio estrat\u00e9gico y motor de desarrollo del pa\u00eds.<\/p><div class=\"elmet-contenido\" id=\"elmet-4246623747\"><div class=\"elmet-adlabel\">Anuncios<\/div><div style=\"margin-top: 20px;margin-right: 20px;margin-bottom: 20px;margin-left: 20px;\" id=\"elmet-2601143741\"><a href=\"https:\/\/www.facebook.com\/arrincuanantigua\/\" aria-label=\"cintillo-arrin-cual\"><img loading=\"lazy\" decoding=\"async\" src=\"https:\/\/elmetropolitano.com.gt\/es\/wp-content\/uploads\/2021\/11\/cintillo-arrin-cual-1.jpg\" alt=\"\"  srcset=\"https:\/\/elmetropolitano.com.gt\/es\/wp-content\/uploads\/2021\/11\/cintillo-arrin-cual-1.jpg 750w, https:\/\/elmetropolitano.com.gt\/es\/wp-content\/uploads\/2021\/11\/cintillo-arrin-cual-1-300x36.jpg 300w, https:\/\/elmetropolitano.com.gt\/es\/wp-content\/uploads\/2021\/11\/cintillo-arrin-cual-1-600x72.jpg 600w\" sizes=\"(max-width: 750px) 100vw, 750px\" width=\"750\" height=\"90\"   \/><\/a><\/div><\/div>\n\n\n\n<p>Este encuentro de alto nivel contar\u00e1 con la participaci\u00f3n de cuatro Ceos de las principales l\u00edneas a\u00e9reas de Am\u00e9rica Latina quienes, junto a expertos, reguladores, autoridades, as\u00ed como otros destacados miembros y proveedores de la cadena de valor de la aviaci\u00f3n, formar\u00e1n parte de una<\/p>\n\n\n\n<p>interesante agenda que busca poner de relieve la importancia de seguir trabajando de manera conjunta para implementar pol\u00edticas que impulsen la conectividad a\u00e9rea, el turismo, el comercio y la inversi\u00f3n, con temas como:<\/p>\n\n\n\n<p>-Retos y oportunidades del transporte a\u00e9reo en Guatemala<\/p>\n\n\n\n<p>-\u00bfQu\u00e9 necesita Guatemala para transformar su infraestructura aeroportuaria?<\/p>\n\n\n\n<p>-Regulaci\u00f3n efectiva para potenciar la aviaci\u00f3n en Guatemala<\/p>\n\n\n\n<p>-El turismo y la aviaci\u00f3n: potenciadores del desarrollo en los pa\u00edses<\/p>\n\n\n\n<p>-Conectividad y competitividad para el desarrollo de Guatemala<\/p>\n\n\n\n<p>-Necesidades operacionales para potenciar la aviaci\u00f3n en Guatemala<\/p>\n\n\n\n<p>El registro para el D\u00eda de la Aviaci\u00f3n, as\u00ed como toda la informaci\u00f3n relevante para que pueda formar parte de este importante evento de IATA se encuentra disponible aqu\u00ed.<\/p>\n\n\n\n<p><a href=\"https:\/\/www.facebook.com\/hashtag\/metroredes?__eep__=6&amp;__cft__[0]=AZXZ0JYtvKoIXfT0jBSQfUsuZaLDfDdhzXRO5p5vi8S6Mk_FUK7_bdJWMMAB_aXOgLodRSBoqPNVzhQrshugiOLISqviHVwwjQPeoIfFEweyOkKdUHZm3W6lni1KjesNy0hc5XOwZZxnjM0wZL_n5wytlWV5N-NMqAQ3sPXzppRWm_EymZ_OVbkn3KASwyEAyEU&amp;__tn__=*NK-R\">#metroredes<\/a><a href=\"https:\/\/www.facebook.com\/hashtag\/iata?__eep__=6&amp;__cft__[0]=AZXZ0JYtvKoIXfT0jBSQfUsuZaLDfDdhzXRO5p5vi8S6Mk_FUK7_bdJWMMAB_aXOgLodRSBoqPNVzhQrshugiOLISqviHVwwjQPeoIfFEweyOkKdUHZm3W6lni1KjesNy0hc5XOwZZxnjM0wZL_n5wytlWV5N-NMqAQ3sPXzppRWm_EymZ_OVbkn3KASwyEAyEU&amp;__tn__=*NK-R\">#IATA<\/a><a href=\"https:\/\/www.facebook.com\/hashtag\/aviscion?__eep__=6&amp;__cft__[0]=AZXZ0JYtvKoIXfT0jBSQfUsuZaLDfDdhzXRO5p5vi8S6Mk_FUK7_bdJWMMAB_aXOgLodRSBoqPNVzhQrshugiOLISqviHVwwjQPeoIfFEweyOkKdUHZm3W6lni1KjesNy0hc5XOwZZxnjM0wZL_n5wytlWV5N-NMqAQ3sPXzppRWm_EymZ_OVbkn3KASwyEAyEU&amp;__tn__=*NK-R\">#Aviscion<\/a><\/p>\n\n\n\n<p><a href=\"http:\/\/wwww.elmetropolitano.com.gt\/?fbclid=IwZXh0bgNhZW0CMTAAAR1mQQen5Si0EQoPiHkJM3YNi6f7ulEijdRlIbNRyv4aOaM4TLiOoOuv61A_aem_eykvKppQRvYGGyfwJ45J6g\" rel=\"noreferrer noopener\" target=\"_blank\">Wwww.elmetropolitano.com.gt<\/a><\/p>\n\n\n\n<p><a href=\"https:\/\/l.facebook.com\/l.php?u=http%3A%2F%2FWww.metroredes.com%2F%3Ffbclid%3DIwZXh0bgNhZW0CMTAAAR0CNVJbwiKeAfGmZ2xvbydwK_W0g8XZ5Y6qrYMouH_VqwLz5ipOMD7SvL0_aem_h2US4nb68LzK0k-YaVgTTg&amp;h=AT2LqxMNlT9mF04H1cZ_MitNaYK5ZXpM1hmreFcaDjcPlTxXK44GoZxU7u9f64g-badT_jBBJnbkuEZ_A4o1U_WjSfiVCMeC6R4KzKd6XHWgqez-fVBtiWmwB-xCb-KJk8Zz&amp;__tn__=-UK-R&amp;c[0]=AT1Ib3mHUJaKBDOKVcbTpZTAizZgSoywZdv1MNLBjPpYUClBwHxMLqGpI-a5vCd1iKsmNwTebbe_v3OkU0x1g82LIlQ0t-UduFDxGUJIIfFNNHfS9EaxhBEhcvgRtBbpS8_4NSU8eYpt14DhVADB3mR7a2ybPLJpcDRNHcvL_FcuKSmHHJB3M1vHZ4AV6gwUh63uzZhtcSgJ2og1YHOnSYHxybo\" target=\"_blank\" rel=\"noreferrer noopener\">Www.metroredes.com<\/a><\/p>\n\n\n\n<figure class=\"wp-block-gallery has-nested-images columns-default is-cropped wp-block-gallery-1 is-layout-flex wp-block-gallery-is-layout-flex\">\n<figure class=\"wp-block-image size-large\"><img loading=\"lazy\" decoding=\"async\" width=\"781\" height=\"481\" data-id=\"91564\" src=\"https:\/\/elmetropolitano.com.gt\/es\/wp-content\/uploads\/2024\/11\/465622740_1067684765357606_3559172140743077375_n-1.jpg\" alt=\"\" class=\"wp-image-91564\" srcset=\"https:\/\/elmetropolitano.com.gt\/es\/wp-content\/uploads\/2024\/11\/465622740_1067684765357606_3559172140743077375_n-1.jpg 781w, https:\/\/elmetropolitano.com.gt\/es\/wp-content\/uploads\/2024\/11\/465622740_1067684765357606_3559172140743077375_n-1-300x185.jpg 300w, https:\/\/elmetropolitano.com.gt\/es\/wp-content\/uploads\/2024\/11\/465622740_1067684765357606_3559172140743077375_n-1-768x473.jpg 768w\" sizes=\"auto, (max-width: 781px) 100vw, 781px\" \/><\/figure>\n<\/figure>\n","protected":false},"excerpt":{"rendered":"<p>La Asociaci\u00f3n de Transporte A\u00e9reo Internacional (IATA, por sus siglas en ingl\u00e9s) realizar\u00e1 por primera vez un D\u00eda de la Aviaci\u00f3n (Aviation Day) en Guatemala el pr\u00f3ximo lunes 18 de noviembre en el Hotel Real InterContinental de Ciudad de Guatemala. El evento busca crear un marco de encuentro y di\u00e1logo constructivo entre la industria del <a class=\"read-more\" href=\"https:\/\/elmetropolitano.com.gt\/es\/guatemala-acogera-por-primera-vez-un-dia-de-la-aviacion-organizado-por-iata\/\">Leer m\u00e1s<\/a><\/p>\n","protected":false},"author":1,"featured_media":91563,"comment_status":"open","ping_status":"closed","sticky":false,"template":"","format":"standard","meta":{"footnotes":""},"categories":[2],"tags":[12],"class_list":["post-91562","post","type-post","status-publish","format-standard","has-post-thumbnail","hentry","category-nacionales","tag-nacionales"],"_links":{"self":[{"href":"https:\/\/elmetropolitano.com.gt\/es\/wp-json\/wp\/v2\/posts\/91562","targetHints":{"allow":["GET"]}}],"collection":[{"href":"https:\/\/elmetropolitano.com.gt\/es\/wp-json\/wp\/v2\/posts"}],"about":[{"href":"https:\/\/elmetropolitano.com.gt\/es\/wp-json\/wp\/v2\/types\/post"}],"author":[{"embeddable":true,"href":"https:\/\/elmetropolitano.com.gt\/es\/wp-json\/wp\/v2\/users\/1"}],"replies":[{"embeddable":true,"href":"https:\/\/elmetropolitano.com.gt\/es\/wp-json\/wp\/v2\/comments?post=91562"}],"version-history":[{"count":1,"href":"https:\/\/elmetropolitano.com.gt\/es\/wp-json\/wp\/v2\/posts\/91562\/revisions"}],"predecessor-version":[{"id":91565,"href":"https:\/\/elmetropolitano.com.gt\/es\/wp-json\/wp\/v2\/posts\/91562\/revisions\/91565"}],"wp:featuredmedia":[{"embeddable":true,"href":"https:\/\/elmetropolitano.com.gt\/es\/wp-json\/wp\/v2\/media\/91563"}],"wp:attachment":[{"href":"https:\/\/elmetropolitano.com.gt\/es\/wp-json\/wp\/v2\/media?parent=91562"}],"wp:term":[{"taxonomy":"category","embeddable":true,"href":"https:\/\/elmetropolitano.com.gt\/es\/wp-json\/wp\/v2\/categories?post=91562"},{"taxonomy":"post_tag","embeddable":true,"href":"https:\/\/elmetropolitano.com.gt\/es\/wp-json\/wp\/v2\/tags?post=91562"}],"curies":[{"name":"wp","href":"https:\/\/api.w.org\/{rel}","templated":true}]}}