{"id":91577,"date":"2024-11-04T18:23:48","date_gmt":"2024-11-05T00:23:48","guid":{"rendered":"https:\/\/elmetropolitano.com.gt\/es\/?p=91577"},"modified":"2024-11-04T18:23:49","modified_gmt":"2024-11-05T00:23:49","slug":"gobierno-presenta-caso-de-corrupcion-red-q-que-vincula-a-tres-exfuncionarios-encabezados-por-giammattei","status":"publish","type":"post","link":"https:\/\/elmetropolitano.com.gt\/es\/gobierno-presenta-caso-de-corrupcion-red-q-que-vincula-a-tres-exfuncionarios-encabezados-por-giammattei\/","title":{"rendered":"Gobierno presenta caso de corrupci\u00f3n \u201cRed Q\u201d, que vincula a tres exfuncionarios encabezados por Giammattei"},"content":{"rendered":"\n<p>El Gobierno de Guatemala, a trav\u00e9s de la Secretar\u00eda de Planificaci\u00f3n y Programaci\u00f3n de la Presidencia (Segeplan) present\u00f3 este lunes el caso de corrupci\u00f3n \u201cRed Q\u201d, que vincula a tres exfuncionarios de la administraci\u00f3n anterior entre ellos el expresidente Alejandro Giammattei.<\/p>\n\n\n\n<p>En conferencia de prensa en el Palscio Naciobal el titular de Segeplan, Carlos Mendoza, inform\u00f3 <a><\/a>que \u201cestamos presentando una denuncia penal tras auditor\u00edas internas que hemos realizado, al cual hemos denominado \u201cRed Q\u201d, en el que se detect\u00f3 una plaza fantasma que se habr\u00eda creado para tener influencia en el Instituto Nacional de Electrificaci\u00f3n (INDE)\u201d<\/p><div class=\"elmet-contenido\" id=\"elmet-2665939794\"><div class=\"elmet-adlabel\">Anuncios<\/div><div style=\"margin-top: 20px;margin-right: 20px;margin-bottom: 20px;margin-left: 20px;\" id=\"elmet-2001594693\"><a href=\"https:\/\/www.facebook.com\/arrincuanantigua\/\" aria-label=\"cintillo-arrin-cual\"><img loading=\"lazy\" decoding=\"async\" src=\"https:\/\/elmetropolitano.com.gt\/es\/wp-content\/uploads\/2021\/11\/cintillo-arrin-cual-1.jpg\" alt=\"\"  srcset=\"https:\/\/elmetropolitano.com.gt\/es\/wp-content\/uploads\/2021\/11\/cintillo-arrin-cual-1.jpg 750w, https:\/\/elmetropolitano.com.gt\/es\/wp-content\/uploads\/2021\/11\/cintillo-arrin-cual-1-300x36.jpg 300w, https:\/\/elmetropolitano.com.gt\/es\/wp-content\/uploads\/2021\/11\/cintillo-arrin-cual-1-600x72.jpg 600w\" sizes=\"(max-width: 750px) 100vw, 750px\" width=\"750\" height=\"90\"   \/><\/a><\/div><\/div>\n\n\n\n<p>Esta contrataci\u00f3n fue para Melvin Ernesto Quijivix Vega en una plaza creada con el visto bueno del expresidente Alejandro Giammattei, luego del cierre del Centro de Gobierno.<\/p>\n\n\n\n<p>La contrataci\u00f3n<\/p>\n\n\n\n<p>El titular de la Segeplan inform\u00f3 que este caso empez\u00f3 desde el cierre del Centro de Gobierno el 1 de enero del 2021.<\/p>\n\n\n\n<p>\u201cSeis d\u00edas despu\u00e9s de disolverse el Centro de Gobierno la entonces secretaria Keila Gramajo estaba tratando de incorporarlo a Segeplan. El 7 de enero del 2021 inici\u00f3 el proceso crear una plaza 022, como directivo temporal de Segeplan con honorarios mensuales de 20 mil 625 quetzales .<\/p>\n\n\n\n<p>La creaci\u00f3n de la plaza requer\u00eda de una modificaci\u00f3n presupuestaria, pues esto no hab\u00eda sido contemplado en el planificaci\u00f3n institucional de la Segeplan\u201d explic\u00f3 a los periodistas Mendoza<\/p>\n\n\n\n<p>Con fecha 25 de enero del 2021, la Oficina Nacional de Servicio Civil (ONSEC), mediante Dictamen DPR-DC\/2021-002, resolvi\u00f3 como Improcedente la creaci\u00f3n de esta plaza en virtud que no se cumple con las condiciones t\u00e9cnicas ni legales necesarias, seg\u00fan los argumentos antes citados.<\/p>\n\n\n\n<p>El actual titular de Segeplan agreg\u00f3 que \u201cPosteriormente, la entonces secretaria de Segeplan, Gramajo, el 15 de febrero del 2021, insiste con la ONSEC y con el Ministerio de Finanzas P\u00fablicas en la creaci\u00f3n de la plaza 022, con una solicitud que cuenta con el visto bueno del entonces presidente Alejandro Giammattei\u201d<\/p>\n\n\n\n<p>Su labor dentro de la Segeplan no se pudo comprobar. Su funci\u00f3n fue representar a la Segeplan en el Consejo Directivo del INDE.<\/p>\n\n\n\n<p>La Segeplan como mandato legal tiene presencia en m\u00e1s de 40 juntas directivas, comisiones y mesas de trabajo, entre estas el Consejo Directivo del INDE.<\/p>\n\n\n\n<p>La investigaci\u00f3n<\/p>\n\n\n\n<p>Con fecha 17 de enero del 2024, dos d\u00edas despu\u00e9s de la toma de posesi\u00f3n de Carlos Antonio Mendoza Alvarado como actual Secretario de la Segeplan, Melvin Ernesto Quijivix Vega fue destituido en ambas instituciones y para notificarle de esto, se tuvo que hacer busc\u00e1ndolo en la entidad denominada \u201cAdministrador del Mercado Mayoritario\u201d, en zona 10, en virtud de que no fue posible encontrarlo en la sede de SEGEPLAN, ya que \u00e9l, no laboraba en esa la secretar\u00eda.<\/p>\n\n\n\n<p>Mendoza puntualiz\u00f3 que ue \u201clas auditor\u00edas internas inician cuando Quijivix exige el pago de su indemnizaci\u00f3n y no pudo presentar documentaci\u00f3n de su trabajo\u201d<\/p>\n\n\n\n<p>El 29 de octubre de 2024 ingres\u00f3 a SEGEPLAN la demanda laboral de Quijivix por abuso de autoridad, tr\u00e1fico de Influencias, peculado por sustracci\u00f3n e incumplimiento de deberes.<\/p>\n\n\n\n<p>Melvin Quijivix cobr\u00f3 824 mil 258 quetzales en salarios y prestaciones por un servicio que nunca prest\u00f3 en Segeplan. Mientras, como representante de Segeplan ante el INDE cobr\u00f3 un mill\u00f3n 722 mil quetzales en concepto de dietas y gastos de representaci\u00f3n.<\/p>\n\n\n\n<p>Adem\u00e1s, se present\u00f3 una demanda contra el expresidente Alejandro Giammattei, por los delitos de abuso de autoridad, tr\u00e1fico de influencias e incumplimiento de deberes. En tanto que contra la exsecretaria de Segeplan Keila Gramajo, por los delitos de abuso de autoridad, tr\u00e1fico de influencias, peculado por sustracci\u00f3n, nombramientos ilegales, fraude, incumplimiento de deberes.<\/p>\n\n\n\n<p>Dentro del INDE<\/p>\n\n\n\n<p>Jorge Garc\u00eda, auditor del INDE, detalla c\u00f3mo lleg\u00f3 Quijivix a presidir la junta directiva y los gastos que se registraron en el INDE luego de la llegada del se\u00f1alado:<\/p>\n\n\n\n<p>\u201cMelvin Quijivix, comenz\u00f3 como asesor el 8 de enero del 2021, siendo miembro del Consejo Directivo. En enero de 2022 un\u00e1nimemente Quijivix llega a la presidencia del INDE.<\/p>\n\n\n\n<p>Cuando toma control en 2022, el presupuesto del INDE se dispara, en especial en el tema de las consultor\u00edas pagadas por el INDE.\u201d Indic\u00f3<\/p>\n\n\n\n<p>Una de las empresas contratadas para la consultor\u00eda fue MINE. S.A, en la que Quijivix, fung\u00eda como gerente general, aun cuando ya era miembro del Consejo Directivo del INDE.<\/p>\n\n\n\n<p>La sede fiscal de la empresa es la actual residencia de Melvin Ernesto Quijivix Vega. Asimismo, comparte contador, abogado corporativo y testaferros con otras entidades identificadas como parte de la estructura criminal.<\/p>\n\n\n\n<p>El INDE compra consultor\u00edas a la empresa MINE. S.A. en 2022-2023, por un total de 1.5 millones de quetzales.<\/p>\n\n\n\n<p>Empresa de familiares<\/p>\n\n\n\n<p>Otra de las empresas contratada para consultor\u00edas fue Panime Company S.A, que fue constituida con fecha 16 de agosto del 2022. Tres meses despu\u00e9s, el 8 de noviembre del 2022, le son adjudicadas al mismo tiempo dos contrataciones por parte del INDE:<\/p>\n\n\n\n<p>La primera por 490 mil quetzales<\/p>\n\n\n\n<p>La segunda por 250 mil quetzales<\/p>\n\n\n\n<p>Las fechas de adjudicaci\u00f3n reportadas en Guatecompras no corresponden a los expedientes administrativos, dado que ambas adjudicaciones se dieron con fecha 8 de noviembre, y los pagos, con fechas 8 y 15 de diciembre, un mes despu\u00e9s de que fueron adjudicadas.<\/p>\n\n\n\n<p>Posteriormente, durante el a\u00f1o 2023, le son adjudicados nuevamente cinco eventos.<\/p>\n\n\n\n<p>El Consejo Directivo del INDE hizo un llamado a Melvin Quijivix, seg\u00fan el Acta 124-2022, por contratar a 211 personas en el rengl\u00f3n 029, promoviendo el desorden injustificado en el proceso de contrataci\u00f3n de personal, cuando la instituci\u00f3n contaba con m\u00e1s de 500 plazas disponibles en el rengl\u00f3n 011.<\/p>\n\n\n\n<p>Una de esas contrataciones 029 fue su esposa Nina Patricia Rom\u00e1n Rojas. El 16 de enero del 2023, Rom\u00e1n Rojas es contratada bajo el rengl\u00f3n presupuestario 029 por un plazo de 10 meses, durante el tiempo en que Melvin Ernesto Quijivix Vega fue presidente del INDE.<\/p>\n\n\n\n<p>Tres meses despu\u00e9s de su contrataci\u00f3n, Nina Patricia Rom\u00e1n Rojas y Melvin Ernesto Quijivix Vega se casaron.<\/p>\n\n\n\n<p>Rom\u00e1n Rojas es hija de Julio Isa\u00edas Rom\u00e1n L\u00f3pez, quien, junto con Julio Rub\u00e9n Rom\u00e1n Rosales y Julio Estuardo Rom\u00e1n Rosales. (Hermanos de Nina Patricia Rom\u00e1n Rojas) que son accionistas y representante legal de la entidad Corporaci\u00f3n Educativa en Inform\u00e1tica, Sociedad An\u00f3nima.<\/p>\n\n\n\n<p>La entidad Corporaci\u00f3n Educativa en Inform\u00e1tica \u201cAprende\u201d, Sociedad An\u00f3nima, recibi\u00f3 tres adjudicaciones por un mill\u00f3n 88 mil 500 mientras Quijivix ya era el presidente del INDE.<\/p>\n\n\n\n<p>En total, Melvin Ernesto Quijivix Vega, entre el a\u00f1o 2022 y 2023, contrat\u00f3 16 consultor\u00edas a empresas de las cuales \u00e9l era accionista, due\u00f1o o era de alguno de sus familiares por un monto de 8.6 millones de quetzales.<\/p>\n\n\n\n<p>Texto: Brenda Larios<\/p>\n\n\n\n<p><a href=\"https:\/\/www.facebook.com\/hashtag\/corrupcion?__eep__=6&amp;__cft__[0]=AZWV7TrOlrGokpzOyI40wvFBvRqC4mcT99nSDuLZcSNHqF9liIK_KxFaZ_XzrBpqhbhYCn-xHJjGQ_hccMryku1LaZKPnSImio0mFNopBymwjgSobWTDMF1OAAod2y_5jM1yqQwug1kpeTulNe4H30k_vLLS8Ac8-R-60E8535FMeUgIwVOcH3opBo1jyvnhHaI&amp;__tn__=*NK-R\">#Corrupcion<\/a><a href=\"https:\/\/www.facebook.com\/hashtag\/inde?__eep__=6&amp;__cft__[0]=AZWV7TrOlrGokpzOyI40wvFBvRqC4mcT99nSDuLZcSNHqF9liIK_KxFaZ_XzrBpqhbhYCn-xHJjGQ_hccMryku1LaZKPnSImio0mFNopBymwjgSobWTDMF1OAAod2y_5jM1yqQwug1kpeTulNe4H30k_vLLS8Ac8-R-60E8535FMeUgIwVOcH3opBo1jyvnhHaI&amp;__tn__=*NK-R\">#Inde<\/a><a href=\"https:\/\/www.facebook.com\/hashtag\/metroredes?__eep__=6&amp;__cft__[0]=AZWV7TrOlrGokpzOyI40wvFBvRqC4mcT99nSDuLZcSNHqF9liIK_KxFaZ_XzrBpqhbhYCn-xHJjGQ_hccMryku1LaZKPnSImio0mFNopBymwjgSobWTDMF1OAAod2y_5jM1yqQwug1kpeTulNe4H30k_vLLS8Ac8-R-60E8535FMeUgIwVOcH3opBo1jyvnhHaI&amp;__tn__=*NK-R\">#metroredes<\/a><a href=\"https:\/\/www.facebook.com\/hashtag\/alejandrogiammattei?__eep__=6&amp;__cft__[0]=AZWV7TrOlrGokpzOyI40wvFBvRqC4mcT99nSDuLZcSNHqF9liIK_KxFaZ_XzrBpqhbhYCn-xHJjGQ_hccMryku1LaZKPnSImio0mFNopBymwjgSobWTDMF1OAAod2y_5jM1yqQwug1kpeTulNe4H30k_vLLS8Ac8-R-60E8535FMeUgIwVOcH3opBo1jyvnhHaI&amp;__tn__=*NK-R\">#AlejandroGiammattei<\/a><a href=\"https:\/\/www.facebook.com\/hashtag\/agn?__eep__=6&amp;__cft__[0]=AZWV7TrOlrGokpzOyI40wvFBvRqC4mcT99nSDuLZcSNHqF9liIK_KxFaZ_XzrBpqhbhYCn-xHJjGQ_hccMryku1LaZKPnSImio0mFNopBymwjgSobWTDMF1OAAod2y_5jM1yqQwug1kpeTulNe4H30k_vLLS8Ac8-R-60E8535FMeUgIwVOcH3opBo1jyvnhHaI&amp;__tn__=*NK-R\">#agn<\/a><a href=\"https:\/\/www.facebook.com\/hashtag\/mpfuerteyfirme?__eep__=6&amp;__cft__[0]=AZWV7TrOlrGokpzOyI40wvFBvRqC4mcT99nSDuLZcSNHqF9liIK_KxFaZ_XzrBpqhbhYCn-xHJjGQ_hccMryku1LaZKPnSImio0mFNopBymwjgSobWTDMF1OAAod2y_5jM1yqQwug1kpeTulNe4H30k_vLLS8Ac8-R-60E8535FMeUgIwVOcH3opBo1jyvnhHaI&amp;__tn__=*NK-R\">#MPfuerteYfirme<\/a><a href=\"https:\/\/www.facebook.com\/hashtag\/segeplan?__eep__=6&amp;__cft__[0]=AZWV7TrOlrGokpzOyI40wvFBvRqC4mcT99nSDuLZcSNHqF9liIK_KxFaZ_XzrBpqhbhYCn-xHJjGQ_hccMryku1LaZKPnSImio0mFNopBymwjgSobWTDMF1OAAod2y_5jM1yqQwug1kpeTulNe4H30k_vLLS8Ac8-R-60E8535FMeUgIwVOcH3opBo1jyvnhHaI&amp;__tn__=*NK-R\">#segeplan<\/a><\/p>\n\n\n\n<figure class=\"wp-block-gallery has-nested-images columns-default is-cropped wp-block-gallery-1 is-layout-flex wp-block-gallery-is-layout-flex\">\n<figure class=\"wp-block-image size-large\"><img loading=\"lazy\" decoding=\"async\" width=\"680\" height=\"387\" data-id=\"91579\" src=\"https:\/\/elmetropolitano.com.gt\/es\/wp-content\/uploads\/2024\/11\/465582808_1067714472021302_2903149708974711564_n.jpg\" alt=\"\" class=\"wp-image-91579\" srcset=\"https:\/\/elmetropolitano.com.gt\/es\/wp-content\/uploads\/2024\/11\/465582808_1067714472021302_2903149708974711564_n.jpg 680w, https:\/\/elmetropolitano.com.gt\/es\/wp-content\/uploads\/2024\/11\/465582808_1067714472021302_2903149708974711564_n-300x171.jpg 300w\" sizes=\"auto, (max-width: 680px) 100vw, 680px\" \/><\/figure>\n\n\n\n<figure class=\"wp-block-image size-large\"><img loading=\"lazy\" decoding=\"async\" width=\"1024\" height=\"576\" data-id=\"91582\" src=\"https:\/\/elmetropolitano.com.gt\/es\/wp-content\/uploads\/2024\/11\/465697798_1067714678687948_2764439793225958094_n-1024x576.jpg\" alt=\"\" class=\"wp-image-91582\" srcset=\"https:\/\/elmetropolitano.com.gt\/es\/wp-content\/uploads\/2024\/11\/465697798_1067714678687948_2764439793225958094_n-1024x576.jpg 1024w, https:\/\/elmetropolitano.com.gt\/es\/wp-content\/uploads\/2024\/11\/465697798_1067714678687948_2764439793225958094_n-300x169.jpg 300w, https:\/\/elmetropolitano.com.gt\/es\/wp-content\/uploads\/2024\/11\/465697798_1067714678687948_2764439793225958094_n-768x432.jpg 768w, https:\/\/elmetropolitano.com.gt\/es\/wp-content\/uploads\/2024\/11\/465697798_1067714678687948_2764439793225958094_n.jpg 1280w\" sizes=\"auto, (max-width: 1024px) 100vw, 1024px\" \/><\/figure>\n\n\n\n<figure class=\"wp-block-image size-large\"><img loading=\"lazy\" decoding=\"async\" width=\"683\" height=\"1024\" data-id=\"91580\" src=\"https:\/\/elmetropolitano.com.gt\/es\/wp-content\/uploads\/2024\/11\/465775803_1067714648687951_8187218019724620954_n-683x1024.jpg\" alt=\"\" class=\"wp-image-91580\" srcset=\"https:\/\/elmetropolitano.com.gt\/es\/wp-content\/uploads\/2024\/11\/465775803_1067714648687951_8187218019724620954_n-683x1024.jpg 683w, https:\/\/elmetropolitano.com.gt\/es\/wp-content\/uploads\/2024\/11\/465775803_1067714648687951_8187218019724620954_n-200x300.jpg 200w, https:\/\/elmetropolitano.com.gt\/es\/wp-content\/uploads\/2024\/11\/465775803_1067714648687951_8187218019724620954_n.jpg 761w\" sizes=\"auto, (max-width: 683px) 100vw, 683px\" \/><\/figure>\n\n\n\n<figure class=\"wp-block-image size-large\"><img loading=\"lazy\" decoding=\"async\" width=\"1024\" height=\"512\" data-id=\"91581\" src=\"https:\/\/elmetropolitano.com.gt\/es\/wp-content\/uploads\/2024\/11\/465782978_1067714642021285_8666369758827196227_n-1-1024x512.jpg\" alt=\"\" class=\"wp-image-91581\" srcset=\"https:\/\/elmetropolitano.com.gt\/es\/wp-content\/uploads\/2024\/11\/465782978_1067714642021285_8666369758827196227_n-1-1024x512.jpg 1024w, https:\/\/elmetropolitano.com.gt\/es\/wp-content\/uploads\/2024\/11\/465782978_1067714642021285_8666369758827196227_n-1-300x150.jpg 300w, https:\/\/elmetropolitano.com.gt\/es\/wp-content\/uploads\/2024\/11\/465782978_1067714642021285_8666369758827196227_n-1-768x384.jpg 768w, https:\/\/elmetropolitano.com.gt\/es\/wp-content\/uploads\/2024\/11\/465782978_1067714642021285_8666369758827196227_n-1.jpg 1140w\" sizes=\"auto, (max-width: 1024px) 100vw, 1024px\" \/><\/figure>\n<\/figure>\n","protected":false},"excerpt":{"rendered":"<p>El Gobierno de Guatemala, a trav\u00e9s de la Secretar\u00eda de Planificaci\u00f3n y Programaci\u00f3n de la Presidencia (Segeplan) present\u00f3 este lunes el caso de corrupci\u00f3n \u201cRed Q\u201d, que vincula a tres exfuncionarios de la administraci\u00f3n anterior entre ellos el expresidente Alejandro Giammattei. En conferencia de prensa en el Palscio Naciobal el titular de Segeplan, Carlos Mendoza, <a class=\"read-more\" href=\"https:\/\/elmetropolitano.com.gt\/es\/gobierno-presenta-caso-de-corrupcion-red-q-que-vincula-a-tres-exfuncionarios-encabezados-por-giammattei\/\">Leer m\u00e1s<\/a><\/p>\n","protected":false},"author":1,"featured_media":91578,"comment_status":"open","ping_status":"closed","sticky":false,"template":"","format":"standard","meta":{"footnotes":""},"categories":[2],"tags":[12],"class_list":["post-91577","post","type-post","status-publish","format-standard","has-post-thumbnail","hentry","category-nacionales","tag-nacionales"],"_links":{"self":[{"href":"https:\/\/elmetropolitano.com.gt\/es\/wp-json\/wp\/v2\/posts\/91577","targetHints":{"allow":["GET"]}}],"collection":[{"href":"https:\/\/elmetropolitano.com.gt\/es\/wp-json\/wp\/v2\/posts"}],"about":[{"href":"https:\/\/elmetropolitano.com.gt\/es\/wp-json\/wp\/v2\/types\/post"}],"author":[{"embeddable":true,"href":"https:\/\/elmetropolitano.com.gt\/es\/wp-json\/wp\/v2\/users\/1"}],"replies":[{"embeddable":true,"href":"https:\/\/elmetropolitano.com.gt\/es\/wp-json\/wp\/v2\/comments?post=91577"}],"version-history":[{"count":1,"href":"https:\/\/elmetropolitano.com.gt\/es\/wp-json\/wp\/v2\/posts\/91577\/revisions"}],"predecessor-version":[{"id":91583,"href":"https:\/\/elmetropolitano.com.gt\/es\/wp-json\/wp\/v2\/posts\/91577\/revisions\/91583"}],"wp:featuredmedia":[{"embeddable":true,"href":"https:\/\/elmetropolitano.com.gt\/es\/wp-json\/wp\/v2\/media\/91578"}],"wp:attachment":[{"href":"https:\/\/elmetropolitano.com.gt\/es\/wp-json\/wp\/v2\/media?parent=91577"}],"wp:term":[{"taxonomy":"category","embeddable":true,"href":"https:\/\/elmetropolitano.com.gt\/es\/wp-json\/wp\/v2\/categories?post=91577"},{"taxonomy":"post_tag","embeddable":true,"href":"https:\/\/elmetropolitano.com.gt\/es\/wp-json\/wp\/v2\/tags?post=91577"}],"curies":[{"name":"wp","href":"https:\/\/api.w.org\/{rel}","templated":true}]}}