{"id":91595,"date":"2024-11-05T09:30:40","date_gmt":"2024-11-05T15:30:40","guid":{"rendered":"https:\/\/elmetropolitano.com.gt\/es\/?p=91595"},"modified":"2024-11-05T09:30:41","modified_gmt":"2024-11-05T15:30:41","slug":"apg-exige-cesen-intimidaciones-contra-periodista-diego-espana-del-diario-la-hora","status":"publish","type":"post","link":"https:\/\/elmetropolitano.com.gt\/es\/apg-exige-cesen-intimidaciones-contra-periodista-diego-espana-del-diario-la-hora\/","title":{"rendered":"APG exige cesen intimidaciones contra periodista Diego Espa\u00f1a del Diario la Hora"},"content":{"rendered":"\n<p>La Asociaci\u00f3n de Periodistas de Guatemala (APG) exige que cesen las intimidaciones, por parte del Departamento de Investigaciones Criminol\u00f3gicas -DEIC-, contra el periodista Diego Espa\u00f1a, quienes llegaron a la sala de redacci\u00f3n del Diario La Hora, para solicitar sin motivo alguno, informaci\u00f3n sensible del comunicador, lo cual es una violaci\u00f3n al art\u00edculo 35 constitucional seg\u00fan lo expresa en un comunicado de prensa<\/p>\n\n\n\n<p>Los dos agentes polic\u00edacos, seg\u00fan la denuncia p\u00fablica, se acercaron a las oficinas del vespertino para hablar con Espa\u00f1a, qui\u00e9n los atendi\u00f3 en compa\u00f1\u00eda de personeros del medio digital.<\/p><div class=\"elmet-contenido\" id=\"elmet-3575278396\"><div class=\"elmet-adlabel\">Anuncios<\/div><div style=\"margin-top: 20px;margin-right: 20px;margin-bottom: 20px;margin-left: 20px;\" id=\"elmet-1084226075\"><a href=\"https:\/\/www.facebook.com\/arrincuanantigua\/\" aria-label=\"cintillo-arrin-cual\"><img loading=\"lazy\" decoding=\"async\" src=\"https:\/\/elmetropolitano.com.gt\/es\/wp-content\/uploads\/2021\/11\/cintillo-arrin-cual-1.jpg\" alt=\"\"  srcset=\"https:\/\/elmetropolitano.com.gt\/es\/wp-content\/uploads\/2021\/11\/cintillo-arrin-cual-1.jpg 750w, https:\/\/elmetropolitano.com.gt\/es\/wp-content\/uploads\/2021\/11\/cintillo-arrin-cual-1-300x36.jpg 300w, https:\/\/elmetropolitano.com.gt\/es\/wp-content\/uploads\/2021\/11\/cintillo-arrin-cual-1-600x72.jpg 600w\" sizes=\"(max-width: 750px) 100vw, 750px\" width=\"750\" height=\"90\"   \/><\/a><\/div><\/div>\n\n\n\n<p>Los investigadores solicitaron informaci\u00f3n personal al periodista, lo cual es una clara muestra de que fueron enviados para intimidarlo, porque no lograron justificar el porqu\u00e9 de la visita y se limitaron a decir que los datos les van a servir para notificar a Espa\u00f1a cualquier diligencia que se tenga programada.<\/p>\n\n\n\n<p>Se desconoce si esta acci\u00f3n polic\u00edaca es parte de alguna investigaci\u00f3n solicitada por el Ministerio P\u00fablico -MP-, por lo que la m\u00e1xima entidad de prensa le exige al ministro de Gobernaci\u00f3n, Francisco Jim\u00e9nez que d\u00e9 una explicaci\u00f3n p\u00fablica de lo sucedido y que indique del porqu\u00e9 de la perfilaci\u00f3n del periodista.<\/p>\n\n\n\n<p>Esta situaci\u00f3n demuestra que hacer periodismo en Guatemala implica enfrentar desaf\u00edos de toda \u00edndole.<\/p>\n\n\n\n<p>En los \u00faltimos ocho a\u00f1os, los comunicadores nos hemos enfrentado a gobernantes poco tolerantes, quienes no respetan la libertad de prensa y por eso han tratado de criminalizar a los reporteros que dejan al descubierto los hechos de corrupci\u00f3n del gobierno de turno. Los periodistas no somos delincuentes, solo fiscalizamos el quehacer p\u00fablico.<\/p>\n\n\n\n<p>La libertad de prensa es un pilar esencial de cualquier democracia y por eso debemos defenderla. La criminalizaci\u00f3n puede ser usada como una herramienta para intimidar y silenciar voces cr\u00edticas, lo cual va en contra de los principios democr\u00e1ticos y debilita las instituciones, porque socava los derechos fundamentales de libertad de expresi\u00f3n e informaci\u00f3n.<\/p>\n\n\n\n<p>Es importante que el Procurador de los Derechos Humanos -PDH, Jos\u00e9 Alejandro C\u00f3rdova Herrera asuma con seriedad el cargo para el cual fue designado y es imperativo que emita una condena p\u00fablica ante este tipo de hechos y actos que violan la Libertad de Prensa, para que cesen las agresiones contra la prensa, un derecho constitucional amparado en la Constituci\u00f3n Pol\u00edtica de la Rep\u00fablica.<\/p>\n\n\n\n<p>Los periodistas, como cualquier otro ciudadano, se encuentran amparados por la Constituci\u00f3n Pol\u00edtica de la Rep\u00fablica para ejercer libremente su profesi\u00f3n y por lo tanto no se deben permitir presiones o intimidaciones de ning\u00fan sector de la poblaci\u00f3n por la pr\u00e1ctica de este derecho humano, mucho menos departe de actores que conocen el mandato de la Carta Magna.<\/p>\n\n\n\n<p>Ante tal situaci\u00f3n, la APG hace un llamado para que las organizaciones internacionales defensoras de la libertad de prensa, el relator de prensa de la Organizaci\u00f3n de Naciones Unidas (ONU), la Comisi\u00f3n Interamericana de Derechos Humanos (CIDH), la Sociedad Interamericana de Prensa (SIP) y Reporteros Sin Fronteras, entre otras, se mantengan alertas ante este tipo de actos que violan derechos humanos y sobre todo preceptos constitucionales.<\/p>\n\n\n\n<p>La APG reitera en el comunicado de prensa el compromiso de defender la libertad expresi\u00f3n y de prensa y que de acuerdo a los estatutos de la entidad ordenan velar por el respeto de la Libre Emisi\u00f3n del Pensamiento, un derecho ciudadano que no puede ser restringido por persona alguna o autoridad. El art\u00edculo 35 constitucional da los derechos y obligaciones para ejercer el periodismo en Guatemala.<\/p>\n\n\n\n<p><a href=\"https:\/\/www.facebook.com\/hashtag\/apg?__eep__=6&amp;__cft__[0]=AZVAZIwoK02E7jajnkXw_JRCzO9GIPTnUb4W5aBZfpMWVAD8MH-E_Nr80Gn9oTeicTyZwpVHKgNIWXgCsn4Pwsi7Pp9i7BTDJRxaepliHGZZXqygiuF8RJFuNkeSFixSb3Ltd9GfscQrAzATqy5u33sj0wvqwEzBzise2aqJn4lFviqmPS53mq1b-SlPXuqBUL8&amp;__tn__=*NK-R\">#APG<\/a><a href=\"https:\/\/www.facebook.com\/hashtag\/lahora?__eep__=6&amp;__cft__[0]=AZVAZIwoK02E7jajnkXw_JRCzO9GIPTnUb4W5aBZfpMWVAD8MH-E_Nr80Gn9oTeicTyZwpVHKgNIWXgCsn4Pwsi7Pp9i7BTDJRxaepliHGZZXqygiuF8RJFuNkeSFixSb3Ltd9GfscQrAzATqy5u33sj0wvqwEzBzise2aqJn4lFviqmPS53mq1b-SlPXuqBUL8&amp;__tn__=*NK-R\">#LaHora<\/a><a href=\"https:\/\/www.facebook.com\/hashtag\/metroredes?__eep__=6&amp;__cft__[0]=AZVAZIwoK02E7jajnkXw_JRCzO9GIPTnUb4W5aBZfpMWVAD8MH-E_Nr80Gn9oTeicTyZwpVHKgNIWXgCsn4Pwsi7Pp9i7BTDJRxaepliHGZZXqygiuF8RJFuNkeSFixSb3Ltd9GfscQrAzATqy5u33sj0wvqwEzBzise2aqJn4lFviqmPS53mq1b-SlPXuqBUL8&amp;__tn__=*NK-R\">#Metroredes<\/a><a href=\"https:\/\/www.facebook.com\/hashtag\/libertaddeprenda?__eep__=6&amp;__cft__[0]=AZVAZIwoK02E7jajnkXw_JRCzO9GIPTnUb4W5aBZfpMWVAD8MH-E_Nr80Gn9oTeicTyZwpVHKgNIWXgCsn4Pwsi7Pp9i7BTDJRxaepliHGZZXqygiuF8RJFuNkeSFixSb3Ltd9GfscQrAzATqy5u33sj0wvqwEzBzise2aqJn4lFviqmPS53mq1b-SlPXuqBUL8&amp;__tn__=*NK-R\">#LibertadDePrenda<\/a><\/p>\n\n\n\n<p>Fotos La Hora Digital<\/p>\n\n\n\n<figure class=\"wp-block-gallery has-nested-images columns-default is-cropped wp-block-gallery-1 is-layout-flex wp-block-gallery-is-layout-flex\">\n<figure class=\"wp-block-image size-large\"><img loading=\"lazy\" decoding=\"async\" width=\"1024\" height=\"1003\" data-id=\"91597\" src=\"https:\/\/elmetropolitano.com.gt\/es\/wp-content\/uploads\/2024\/11\/465745200_1067980858661330_7284415571166124083_n-1024x1003.jpg\" alt=\"\" class=\"wp-image-91597\" srcset=\"https:\/\/elmetropolitano.com.gt\/es\/wp-content\/uploads\/2024\/11\/465745200_1067980858661330_7284415571166124083_n-1024x1003.jpg 1024w, https:\/\/elmetropolitano.com.gt\/es\/wp-content\/uploads\/2024\/11\/465745200_1067980858661330_7284415571166124083_n-300x294.jpg 300w, https:\/\/elmetropolitano.com.gt\/es\/wp-content\/uploads\/2024\/11\/465745200_1067980858661330_7284415571166124083_n-768x752.jpg 768w, https:\/\/elmetropolitano.com.gt\/es\/wp-content\/uploads\/2024\/11\/465745200_1067980858661330_7284415571166124083_n.jpg 1230w\" sizes=\"auto, (max-width: 1024px) 100vw, 1024px\" \/><\/figure>\n\n\n\n<figure class=\"wp-block-image size-large\"><img loading=\"lazy\" decoding=\"async\" width=\"669\" height=\"1024\" data-id=\"91598\" src=\"https:\/\/elmetropolitano.com.gt\/es\/wp-content\/uploads\/2024\/11\/465753662_1067980878661328_5213327702194347115_n-669x1024.jpg\" alt=\"\" class=\"wp-image-91598\" srcset=\"https:\/\/elmetropolitano.com.gt\/es\/wp-content\/uploads\/2024\/11\/465753662_1067980878661328_5213327702194347115_n-669x1024.jpg 669w, https:\/\/elmetropolitano.com.gt\/es\/wp-content\/uploads\/2024\/11\/465753662_1067980878661328_5213327702194347115_n-196x300.jpg 196w, https:\/\/elmetropolitano.com.gt\/es\/wp-content\/uploads\/2024\/11\/465753662_1067980878661328_5213327702194347115_n-768x1176.jpg 768w, https:\/\/elmetropolitano.com.gt\/es\/wp-content\/uploads\/2024\/11\/465753662_1067980878661328_5213327702194347115_n-1003x1536.jpg 1003w, https:\/\/elmetropolitano.com.gt\/es\/wp-content\/uploads\/2024\/11\/465753662_1067980878661328_5213327702194347115_n-85x130.jpg 85w, https:\/\/elmetropolitano.com.gt\/es\/wp-content\/uploads\/2024\/11\/465753662_1067980878661328_5213327702194347115_n.jpg 1045w\" sizes=\"auto, (max-width: 669px) 100vw, 669px\" \/><\/figure>\n<\/figure>\n","protected":false},"excerpt":{"rendered":"<p>La Asociaci\u00f3n de Periodistas de Guatemala (APG) exige que cesen las intimidaciones, por parte del Departamento de Investigaciones Criminol\u00f3gicas -DEIC-, contra el periodista Diego Espa\u00f1a, quienes llegaron a la sala de redacci\u00f3n del Diario La Hora, para solicitar sin motivo alguno, informaci\u00f3n sensible del comunicador, lo cual es una violaci\u00f3n al art\u00edculo 35 constitucional seg\u00fan <a class=\"read-more\" href=\"https:\/\/elmetropolitano.com.gt\/es\/apg-exige-cesen-intimidaciones-contra-periodista-diego-espana-del-diario-la-hora\/\">Leer m\u00e1s<\/a><\/p>\n","protected":false},"author":1,"featured_media":91596,"comment_status":"open","ping_status":"closed","sticky":false,"template":"","format":"standard","meta":{"footnotes":""},"categories":[2],"tags":[12],"class_list":["post-91595","post","type-post","status-publish","format-standard","has-post-thumbnail","hentry","category-nacionales","tag-nacionales"],"_links":{"self":[{"href":"https:\/\/elmetropolitano.com.gt\/es\/wp-json\/wp\/v2\/posts\/91595","targetHints":{"allow":["GET"]}}],"collection":[{"href":"https:\/\/elmetropolitano.com.gt\/es\/wp-json\/wp\/v2\/posts"}],"about":[{"href":"https:\/\/elmetropolitano.com.gt\/es\/wp-json\/wp\/v2\/types\/post"}],"author":[{"embeddable":true,"href":"https:\/\/elmetropolitano.com.gt\/es\/wp-json\/wp\/v2\/users\/1"}],"replies":[{"embeddable":true,"href":"https:\/\/elmetropolitano.com.gt\/es\/wp-json\/wp\/v2\/comments?post=91595"}],"version-history":[{"count":1,"href":"https:\/\/elmetropolitano.com.gt\/es\/wp-json\/wp\/v2\/posts\/91595\/revisions"}],"predecessor-version":[{"id":91599,"href":"https:\/\/elmetropolitano.com.gt\/es\/wp-json\/wp\/v2\/posts\/91595\/revisions\/91599"}],"wp:featuredmedia":[{"embeddable":true,"href":"https:\/\/elmetropolitano.com.gt\/es\/wp-json\/wp\/v2\/media\/91596"}],"wp:attachment":[{"href":"https:\/\/elmetropolitano.com.gt\/es\/wp-json\/wp\/v2\/media?parent=91595"}],"wp:term":[{"taxonomy":"category","embeddable":true,"href":"https:\/\/elmetropolitano.com.gt\/es\/wp-json\/wp\/v2\/categories?post=91595"},{"taxonomy":"post_tag","embeddable":true,"href":"https:\/\/elmetropolitano.com.gt\/es\/wp-json\/wp\/v2\/tags?post=91595"}],"curies":[{"name":"wp","href":"https:\/\/api.w.org\/{rel}","templated":true}]}}