{"id":91606,"date":"2024-11-05T10:10:27","date_gmt":"2024-11-05T16:10:27","guid":{"rendered":"https:\/\/elmetropolitano.com.gt\/es\/?p=91606"},"modified":"2024-11-05T10:10:27","modified_gmt":"2024-11-05T16:10:27","slug":"guatemala-fortalece-la-cooperacion-turistica-con-turkiye-en-rueda-de-negocios","status":"publish","type":"post","link":"https:\/\/elmetropolitano.com.gt\/es\/guatemala-fortalece-la-cooperacion-turistica-con-turkiye-en-rueda-de-negocios\/","title":{"rendered":"Guatemala fortalece la cooperaci\u00f3n tur\u00edstica con T\u00fcrkiye en rueda de negocios"},"content":{"rendered":"\n<p>Guatemala recibi\u00f3 por primera vez a una delegaci\u00f3n de agencias mayoristas de turismo provenientes de T\u00fcrkiye, acompa\u00f1ada de representantes de la aerol\u00ednea Turkish Airlines.<\/p>\n\n\n\n<p>El ministerio de Relaciones Exteriores, a trav\u00e9s de un comunicado oficial inform\u00f3:<\/p><div class=\"elmet-contenido\" id=\"elmet-982045175\"><div class=\"elmet-adlabel\">Anuncios<\/div><div style=\"margin-top: 20px;margin-right: 20px;margin-bottom: 20px;margin-left: 20px;\" id=\"elmet-1089311053\"><a href=\"https:\/\/www.facebook.com\/arrincuanantigua\/\" aria-label=\"cintillo-arrin-cual\"><img loading=\"lazy\" decoding=\"async\" src=\"https:\/\/elmetropolitano.com.gt\/es\/wp-content\/uploads\/2021\/11\/cintillo-arrin-cual-1.jpg\" alt=\"\"  srcset=\"https:\/\/elmetropolitano.com.gt\/es\/wp-content\/uploads\/2021\/11\/cintillo-arrin-cual-1.jpg 750w, https:\/\/elmetropolitano.com.gt\/es\/wp-content\/uploads\/2021\/11\/cintillo-arrin-cual-1-300x36.jpg 300w, https:\/\/elmetropolitano.com.gt\/es\/wp-content\/uploads\/2021\/11\/cintillo-arrin-cual-1-600x72.jpg 600w\" sizes=\"(max-width: 750px) 100vw, 750px\" width=\"750\" height=\"90\"   \/><\/a><\/div><\/div>\n\n\n\n<p>Este <a><\/a>grupo particip\u00f3 en un viaje de familiarizaci\u00f3n que les permiti\u00f3 explorar los principales destinos tur\u00edsticos del pa\u00eds, entre ellos el sitio arqueol\u00f3gico de Tikal, el Lago de Atitl\u00e1n y la Antigua Guatemala, lugares emblem\u00e1ticos que destacan la riqueza natural y cultural de Guatemala.<\/p>\n\n\n\n<p>La cooperaci\u00f3n en el sector tur\u00edstico es un pilar estrat\u00e9gico para ambos pa\u00edses, ya que fomenta la creaci\u00f3n de lazos econ\u00f3micos y culturales que benefician a nuestras econom\u00edas y enriquecen el intercambio cultural entre nuestras naciones.<\/p>\n\n\n\n<p>Coordinaci\u00f3n Interinstitucional<\/p>\n\n\n\n<p>Esta visita responde a una iniciativa impulsada por el Ministerio de Relaciones Exteriores de Guatemala, a trav\u00e9s de su Embajada en T\u00fcrkiye, en colaboraci\u00f3n con el Instituto Guatemalteco de Turismo (INGUAT) y Turkish Airlines.<\/p>\n\n\n\n<p>La actividad tuvo como objetivo promover un acercamiento entre los sectores tur\u00edsticos de ambos pa\u00edses y fortalecer la conectividad a\u00e9rea que facilite el flujo de turistas entre Guatemala y T\u00fcrkiye.<\/p>\n\n\n\n<p>Este esfuerzo conjunto refleja el compromiso de autoridades turcas y guatemaltecas, junto al sector privado, de seguir trabajando para abrir nuevas oportunidades de promoci\u00f3n tur\u00edstica y potenciar las relaciones bilaterales en el \u00e1mbito econ\u00f3mico y cultural.<\/p>\n\n\n\n<p>Rueda de Negocios<\/p>\n\n\n\n<p>Como parte del programa, se llev\u00f3 a cabo una rueda de negocios que cont\u00f3 con la presencia del Embajador de Guatemala en T\u00fcrkiye, Eduardo Hern\u00e1ndez, y de la embajadora turca en Guatemala, Beliz Celasin.<\/p>\n\n\n\n<p>Este encuentro reuni\u00f3 a agencias mayoristas de turismo de ambos pa\u00edses, con el prop\u00f3sito de impulsar la promoci\u00f3n y el intercambio de experiencias sobre las oportunidades tur\u00edsticas y culturales que Guatemala puede ofrecer a los viajeros procedentes de T\u00fcrkiye, al tiempo que fortalece los v\u00ednculos de cooperaci\u00f3n mutua.<\/p>\n\n\n\n<p>Las relaciones<\/p>\n\n\n\n<p>De acuerdo con la informaci\u00f3n, en octubre del 2023 se cumpli\u00f3 el centenario de la proclamaci\u00f3n de la Rep\u00fablica de T\u00fcrkiye.<\/p>\n\n\n\n<p>Los intercambios comerciales entre Guatemala y T\u00fcrkiye contin\u00faan fortaleci\u00e9ndose. Esto como parte de la estrecha relaci\u00f3n diplom\u00e1tica. Los principales productos de exportaci\u00f3n son:<\/p>\n\n\n\n<p>Cardamomo<\/p>\n\n\n\n<p>Caf\u00e9<\/p>\n\n\n\n<p>Az\u00facar<\/p>\n\n\n\n<p>Productos de la industria agropecuaria<\/p>\n\n\n\n<p>Caucho natural (hule) Bulbos, ra\u00edces y plantas ornamentales<\/p>\n\n\n\n<p>Uno de estos casos es la Fundaci\u00f3n Pro-Pet\u00e9n, una empresa guatemalteca que ha recibido apoyo del Gobierno.<\/p>\n\n\n\n<p>Esa compa\u00f1\u00eda la integran 120 productores de cacao que elaboran productos de chocolate y sus derivados obtuvo un importante cierre de negocios con una empresa de Turqu\u00eda<\/p>\n\n\n\n<p>Texto: Brenda Larios<\/p>\n\n\n\n<p><a href=\"https:\/\/www.facebook.com\/hashtag\/turismo?__eep__=6&amp;__cft__[0]=AZVGhrYlLPp66_haZA6XnYh7wvXqPQOPxMs8vn5DMXJ41nHZ_yzRpVxOvU1xvfVBfjULP3JdadPQRu6Ebb95VIqbEJlt4LgniDk1U2ICqQQuSoLVe6Tvl1zGofufwtp7JtFhb9hh8S1ANsfUs0XqTkaFvyzDcQ_ZOZZPTL1dDikJNgRrkscU8sN2_6wkQcmsW8g&amp;__tn__=*NK-R\">#Turismo<\/a><a href=\"https:\/\/www.facebook.com\/hashtag\/turkiye?__eep__=6&amp;__cft__[0]=AZVGhrYlLPp66_haZA6XnYh7wvXqPQOPxMs8vn5DMXJ41nHZ_yzRpVxOvU1xvfVBfjULP3JdadPQRu6Ebb95VIqbEJlt4LgniDk1U2ICqQQuSoLVe6Tvl1zGofufwtp7JtFhb9hh8S1ANsfUs0XqTkaFvyzDcQ_ZOZZPTL1dDikJNgRrkscU8sN2_6wkQcmsW8g&amp;__tn__=*NK-R\">#turkiye<\/a><a href=\"https:\/\/www.facebook.com\/hashtag\/metroredes?__eep__=6&amp;__cft__[0]=AZVGhrYlLPp66_haZA6XnYh7wvXqPQOPxMs8vn5DMXJ41nHZ_yzRpVxOvU1xvfVBfjULP3JdadPQRu6Ebb95VIqbEJlt4LgniDk1U2ICqQQuSoLVe6Tvl1zGofufwtp7JtFhb9hh8S1ANsfUs0XqTkaFvyzDcQ_ZOZZPTL1dDikJNgRrkscU8sN2_6wkQcmsW8g&amp;__tn__=*NK-R\">#metroredes<\/a><\/p>\n\n\n\n<figure class=\"wp-block-gallery has-nested-images columns-default is-cropped wp-block-gallery-1 is-layout-flex wp-block-gallery-is-layout-flex\">\n<figure class=\"wp-block-image size-large\"><img loading=\"lazy\" decoding=\"async\" width=\"552\" height=\"311\" data-id=\"91608\" src=\"https:\/\/elmetropolitano.com.gt\/es\/wp-content\/uploads\/2024\/11\/465733170_1068073325318750_1472889522476640819_n.jpg\" alt=\"\" class=\"wp-image-91608\" srcset=\"https:\/\/elmetropolitano.com.gt\/es\/wp-content\/uploads\/2024\/11\/465733170_1068073325318750_1472889522476640819_n.jpg 552w, https:\/\/elmetropolitano.com.gt\/es\/wp-content\/uploads\/2024\/11\/465733170_1068073325318750_1472889522476640819_n-300x169.jpg 300w\" sizes=\"auto, (max-width: 552px) 100vw, 552px\" \/><\/figure>\n\n\n\n<figure class=\"wp-block-image size-large\"><img loading=\"lazy\" decoding=\"async\" width=\"552\" height=\"311\" data-id=\"91610\" src=\"https:\/\/elmetropolitano.com.gt\/es\/wp-content\/uploads\/2024\/11\/465792025_1068073378652078_296936848723736518_n.jpg\" alt=\"\" class=\"wp-image-91610\" srcset=\"https:\/\/elmetropolitano.com.gt\/es\/wp-content\/uploads\/2024\/11\/465792025_1068073378652078_296936848723736518_n.jpg 552w, https:\/\/elmetropolitano.com.gt\/es\/wp-content\/uploads\/2024\/11\/465792025_1068073378652078_296936848723736518_n-300x169.jpg 300w\" sizes=\"auto, (max-width: 552px) 100vw, 552px\" \/><\/figure>\n\n\n\n<figure class=\"wp-block-image size-large\"><img loading=\"lazy\" decoding=\"async\" width=\"1024\" height=\"577\" data-id=\"91611\" src=\"https:\/\/elmetropolitano.com.gt\/es\/wp-content\/uploads\/2024\/11\/465799786_1068077671984982_3615884173793337552_n-1024x577.jpg\" alt=\"\" class=\"wp-image-91611\" srcset=\"https:\/\/elmetropolitano.com.gt\/es\/wp-content\/uploads\/2024\/11\/465799786_1068077671984982_3615884173793337552_n-1024x577.jpg 1024w, https:\/\/elmetropolitano.com.gt\/es\/wp-content\/uploads\/2024\/11\/465799786_1068077671984982_3615884173793337552_n-300x169.jpg 300w, https:\/\/elmetropolitano.com.gt\/es\/wp-content\/uploads\/2024\/11\/465799786_1068077671984982_3615884173793337552_n-768x432.jpg 768w, https:\/\/elmetropolitano.com.gt\/es\/wp-content\/uploads\/2024\/11\/465799786_1068077671984982_3615884173793337552_n-1536x865.jpg 1536w, https:\/\/elmetropolitano.com.gt\/es\/wp-content\/uploads\/2024\/11\/465799786_1068077671984982_3615884173793337552_n.jpg 2048w\" sizes=\"auto, (max-width: 1024px) 100vw, 1024px\" \/><\/figure>\n\n\n\n<figure class=\"wp-block-image size-large\"><img loading=\"lazy\" decoding=\"async\" width=\"552\" height=\"311\" data-id=\"91609\" src=\"https:\/\/elmetropolitano.com.gt\/es\/wp-content\/uploads\/2024\/11\/465818431_1068073365318746_7312534270411163115_n.jpg\" alt=\"\" class=\"wp-image-91609\" srcset=\"https:\/\/elmetropolitano.com.gt\/es\/wp-content\/uploads\/2024\/11\/465818431_1068073365318746_7312534270411163115_n.jpg 552w, https:\/\/elmetropolitano.com.gt\/es\/wp-content\/uploads\/2024\/11\/465818431_1068073365318746_7312534270411163115_n-300x169.jpg 300w\" sizes=\"auto, (max-width: 552px) 100vw, 552px\" \/><\/figure>\n<\/figure>\n","protected":false},"excerpt":{"rendered":"<p>Guatemala recibi\u00f3 por primera vez a una delegaci\u00f3n de agencias mayoristas de turismo provenientes de T\u00fcrkiye, acompa\u00f1ada de representantes de la aerol\u00ednea Turkish Airlines. El ministerio de Relaciones Exteriores, a trav\u00e9s de un comunicado oficial inform\u00f3: Este grupo particip\u00f3 en un viaje de familiarizaci\u00f3n que les permiti\u00f3 explorar los principales destinos tur\u00edsticos del pa\u00eds, entre <a class=\"read-more\" href=\"https:\/\/elmetropolitano.com.gt\/es\/guatemala-fortalece-la-cooperacion-turistica-con-turkiye-en-rueda-de-negocios\/\">Leer m\u00e1s<\/a><\/p>\n","protected":false},"author":1,"featured_media":91607,"comment_status":"open","ping_status":"closed","sticky":false,"template":"","format":"standard","meta":{"footnotes":""},"categories":[31],"tags":[32],"class_list":["post-91606","post","type-post","status-publish","format-standard","has-post-thumbnail","hentry","category-metroimpulso","tag-metroimpulso"],"_links":{"self":[{"href":"https:\/\/elmetropolitano.com.gt\/es\/wp-json\/wp\/v2\/posts\/91606","targetHints":{"allow":["GET"]}}],"collection":[{"href":"https:\/\/elmetropolitano.com.gt\/es\/wp-json\/wp\/v2\/posts"}],"about":[{"href":"https:\/\/elmetropolitano.com.gt\/es\/wp-json\/wp\/v2\/types\/post"}],"author":[{"embeddable":true,"href":"https:\/\/elmetropolitano.com.gt\/es\/wp-json\/wp\/v2\/users\/1"}],"replies":[{"embeddable":true,"href":"https:\/\/elmetropolitano.com.gt\/es\/wp-json\/wp\/v2\/comments?post=91606"}],"version-history":[{"count":1,"href":"https:\/\/elmetropolitano.com.gt\/es\/wp-json\/wp\/v2\/posts\/91606\/revisions"}],"predecessor-version":[{"id":91612,"href":"https:\/\/elmetropolitano.com.gt\/es\/wp-json\/wp\/v2\/posts\/91606\/revisions\/91612"}],"wp:featuredmedia":[{"embeddable":true,"href":"https:\/\/elmetropolitano.com.gt\/es\/wp-json\/wp\/v2\/media\/91607"}],"wp:attachment":[{"href":"https:\/\/elmetropolitano.com.gt\/es\/wp-json\/wp\/v2\/media?parent=91606"}],"wp:term":[{"taxonomy":"category","embeddable":true,"href":"https:\/\/elmetropolitano.com.gt\/es\/wp-json\/wp\/v2\/categories?post=91606"},{"taxonomy":"post_tag","embeddable":true,"href":"https:\/\/elmetropolitano.com.gt\/es\/wp-json\/wp\/v2\/tags?post=91606"}],"curies":[{"name":"wp","href":"https:\/\/api.w.org\/{rel}","templated":true}]}}