{"id":91623,"date":"2024-11-05T12:05:22","date_gmt":"2024-11-05T18:05:22","guid":{"rendered":"https:\/\/elmetropolitano.com.gt\/es\/?p=91623"},"modified":"2024-11-05T12:05:22","modified_gmt":"2024-11-05T18:05:22","slug":"la-magia-de-la-navidad-llega-a-plaza-del-parque-coban","status":"publish","type":"post","link":"https:\/\/elmetropolitano.com.gt\/es\/la-magia-de-la-navidad-llega-a-plaza-del-parque-coban\/","title":{"rendered":"La magia de la Navidad llega a Plaza del Parque, Cob\u00e1n"},"content":{"rendered":"\n<p>La magia de la \u00e9poca m\u00e1s linda del a\u00f1o llega a Plaza del Parque, Cob\u00e1n, por lo que durante noviembre todos podr\u00e1n disfrutar con familia y amigos de las diferentes actividades que el centro comercial ha preparado.<\/p>\n\n\n\n<p>La <a><\/a>apertura navide\u00f1a se realizar\u00e1 el s\u00e1bado 16 de noviembre a partir de las 4:00 pm, con el encantador show de Frozen una aventura congelada, en la que chicos y grandes podr\u00e1n cantar y bailar junto a los personajes de esta m\u00e1gica pel\u00edcula de Disney.<\/p><div class=\"elmet-contenido\" id=\"elmet-1697929996\"><div class=\"elmet-adlabel\">Anuncios<\/div><div style=\"margin-top: 20px;margin-right: 20px;margin-bottom: 20px;margin-left: 20px;\" id=\"elmet-2742037625\"><a href=\"https:\/\/www.facebook.com\/arrincuanantigua\/\" aria-label=\"cintillo-arrin-cual\"><img loading=\"lazy\" decoding=\"async\" src=\"https:\/\/elmetropolitano.com.gt\/es\/wp-content\/uploads\/2021\/11\/cintillo-arrin-cual-1.jpg\" alt=\"\"  srcset=\"https:\/\/elmetropolitano.com.gt\/es\/wp-content\/uploads\/2021\/11\/cintillo-arrin-cual-1.jpg 750w, https:\/\/elmetropolitano.com.gt\/es\/wp-content\/uploads\/2021\/11\/cintillo-arrin-cual-1-300x36.jpg 300w, https:\/\/elmetropolitano.com.gt\/es\/wp-content\/uploads\/2021\/11\/cintillo-arrin-cual-1-600x72.jpg 600w\" sizes=\"(max-width: 750px) 100vw, 750px\" width=\"750\" height=\"90\"   \/><\/a><\/div><\/div>\n\n\n\n<p>Luego de la aventura musical, se dar\u00e1 inicio el conteo que encender\u00e1 las luces del \u00e1rbol navide\u00f1o y la noche cerrar\u00e1 con broche de oro con un deslumbrante show de luces que iluminar\u00e1n el cielo.<\/p>\n\n\n\n<p>El s\u00e1bado 23 de noviembre desde las 3:00 pm, todos los ni\u00f1os podr\u00e1n hacer volar su imaginaci\u00f3n en el taller de Slime Nevado, en el que podr\u00e1n personalizarlo con texturas, colores y adornos de la temporada navide\u00f1a.<\/p>\n\n\n\n<p>\u201cEsperamos que nos puedan acompa\u00f1ar y vivan la magia de la navidad con nosotros, en cada una de las actividades que hemos preparado con mucho cari\u00f1o\u201d, expres\u00f3 Rafael Molina Coordinador de Mercadeo de Plaza del Parque<\/p>\n\n\n\n<p><a href=\"https:\/\/www.facebook.com\/hashtag\/plazadelparque?__eep__=6&amp;__cft__[0]=AZV68wtL-e72BkkYYgKhxteampfKVbGI74eCTpa43rEV1f9exU4UWeDMtIy5WB9EphJ5LTFCTnvazbxoiSAzbbsRwo7mL4kKHYuJWVUykMadAlVN_2LCndBQ95OuvN_dcmUJdpLJucK9EczMoxSxAP89FRHppkLX998XWTVoLP2dhLsKMgv_hQXbLvH3IvgB5Jc&amp;__tn__=*NK-R\">#Plazadelparque<\/a><a href=\"https:\/\/www.facebook.com\/hashtag\/metroredes?__eep__=6&amp;__cft__[0]=AZV68wtL-e72BkkYYgKhxteampfKVbGI74eCTpa43rEV1f9exU4UWeDMtIy5WB9EphJ5LTFCTnvazbxoiSAzbbsRwo7mL4kKHYuJWVUykMadAlVN_2LCndBQ95OuvN_dcmUJdpLJucK9EczMoxSxAP89FRHppkLX998XWTVoLP2dhLsKMgv_hQXbLvH3IvgB5Jc&amp;__tn__=*NK-R\">#Metroredes<\/a><a href=\"https:\/\/www.facebook.com\/hashtag\/coban?__eep__=6&amp;__cft__[0]=AZV68wtL-e72BkkYYgKhxteampfKVbGI74eCTpa43rEV1f9exU4UWeDMtIy5WB9EphJ5LTFCTnvazbxoiSAzbbsRwo7mL4kKHYuJWVUykMadAlVN_2LCndBQ95OuvN_dcmUJdpLJucK9EczMoxSxAP89FRHppkLX998XWTVoLP2dhLsKMgv_hQXbLvH3IvgB5Jc&amp;__tn__=*NK-R\">#Coban<\/a><\/p>\n\n\n\n<figure class=\"wp-block-gallery has-nested-images columns-default is-cropped wp-block-gallery-1 is-layout-flex wp-block-gallery-is-layout-flex\">\n<figure class=\"wp-block-image size-large\"><img loading=\"lazy\" decoding=\"async\" width=\"1024\" height=\"1024\" data-id=\"91626\" src=\"https:\/\/elmetropolitano.com.gt\/es\/wp-content\/uploads\/2024\/11\/465605822_1068269001965849_4054432394025895188_n-1-1024x1024.jpg\" alt=\"\" class=\"wp-image-91626\" srcset=\"https:\/\/elmetropolitano.com.gt\/es\/wp-content\/uploads\/2024\/11\/465605822_1068269001965849_4054432394025895188_n-1-1024x1024.jpg 1024w, https:\/\/elmetropolitano.com.gt\/es\/wp-content\/uploads\/2024\/11\/465605822_1068269001965849_4054432394025895188_n-1-300x300.jpg 300w, https:\/\/elmetropolitano.com.gt\/es\/wp-content\/uploads\/2024\/11\/465605822_1068269001965849_4054432394025895188_n-1-150x150.jpg 150w, https:\/\/elmetropolitano.com.gt\/es\/wp-content\/uploads\/2024\/11\/465605822_1068269001965849_4054432394025895188_n-1-768x768.jpg 768w, https:\/\/elmetropolitano.com.gt\/es\/wp-content\/uploads\/2024\/11\/465605822_1068269001965849_4054432394025895188_n-1.jpg 1200w\" sizes=\"auto, (max-width: 1024px) 100vw, 1024px\" \/><\/figure>\n\n\n\n<figure class=\"wp-block-image size-large\"><img loading=\"lazy\" decoding=\"async\" width=\"1024\" height=\"1024\" data-id=\"91625\" src=\"https:\/\/elmetropolitano.com.gt\/es\/wp-content\/uploads\/2024\/11\/465720006_1068268995299183_2085193124292682485_n-1024x1024.jpg\" alt=\"\" class=\"wp-image-91625\" srcset=\"https:\/\/elmetropolitano.com.gt\/es\/wp-content\/uploads\/2024\/11\/465720006_1068268995299183_2085193124292682485_n-1024x1024.jpg 1024w, https:\/\/elmetropolitano.com.gt\/es\/wp-content\/uploads\/2024\/11\/465720006_1068268995299183_2085193124292682485_n-300x300.jpg 300w, https:\/\/elmetropolitano.com.gt\/es\/wp-content\/uploads\/2024\/11\/465720006_1068268995299183_2085193124292682485_n-150x150.jpg 150w, https:\/\/elmetropolitano.com.gt\/es\/wp-content\/uploads\/2024\/11\/465720006_1068268995299183_2085193124292682485_n-768x768.jpg 768w, https:\/\/elmetropolitano.com.gt\/es\/wp-content\/uploads\/2024\/11\/465720006_1068268995299183_2085193124292682485_n.jpg 1200w\" sizes=\"auto, (max-width: 1024px) 100vw, 1024px\" \/><\/figure>\n<\/figure>\n","protected":false},"excerpt":{"rendered":"<p>La magia de la \u00e9poca m\u00e1s linda del a\u00f1o llega a Plaza del Parque, Cob\u00e1n, por lo que durante noviembre todos podr\u00e1n disfrutar con familia y amigos de las diferentes actividades que el centro comercial ha preparado. La apertura navide\u00f1a se realizar\u00e1 el s\u00e1bado 16 de noviembre a partir de las 4:00 pm, con el <a class=\"read-more\" href=\"https:\/\/elmetropolitano.com.gt\/es\/la-magia-de-la-navidad-llega-a-plaza-del-parque-coban\/\">Leer m\u00e1s<\/a><\/p>\n","protected":false},"author":1,"featured_media":91624,"comment_status":"open","ping_status":"closed","sticky":false,"template":"","format":"standard","meta":{"footnotes":""},"categories":[31],"tags":[32],"class_list":["post-91623","post","type-post","status-publish","format-standard","has-post-thumbnail","hentry","category-metroimpulso","tag-metroimpulso"],"_links":{"self":[{"href":"https:\/\/elmetropolitano.com.gt\/es\/wp-json\/wp\/v2\/posts\/91623","targetHints":{"allow":["GET"]}}],"collection":[{"href":"https:\/\/elmetropolitano.com.gt\/es\/wp-json\/wp\/v2\/posts"}],"about":[{"href":"https:\/\/elmetropolitano.com.gt\/es\/wp-json\/wp\/v2\/types\/post"}],"author":[{"embeddable":true,"href":"https:\/\/elmetropolitano.com.gt\/es\/wp-json\/wp\/v2\/users\/1"}],"replies":[{"embeddable":true,"href":"https:\/\/elmetropolitano.com.gt\/es\/wp-json\/wp\/v2\/comments?post=91623"}],"version-history":[{"count":1,"href":"https:\/\/elmetropolitano.com.gt\/es\/wp-json\/wp\/v2\/posts\/91623\/revisions"}],"predecessor-version":[{"id":91627,"href":"https:\/\/elmetropolitano.com.gt\/es\/wp-json\/wp\/v2\/posts\/91623\/revisions\/91627"}],"wp:featuredmedia":[{"embeddable":true,"href":"https:\/\/elmetropolitano.com.gt\/es\/wp-json\/wp\/v2\/media\/91624"}],"wp:attachment":[{"href":"https:\/\/elmetropolitano.com.gt\/es\/wp-json\/wp\/v2\/media?parent=91623"}],"wp:term":[{"taxonomy":"category","embeddable":true,"href":"https:\/\/elmetropolitano.com.gt\/es\/wp-json\/wp\/v2\/categories?post=91623"},{"taxonomy":"post_tag","embeddable":true,"href":"https:\/\/elmetropolitano.com.gt\/es\/wp-json\/wp\/v2\/tags?post=91623"}],"curies":[{"name":"wp","href":"https:\/\/api.w.org\/{rel}","templated":true}]}}