{"id":91628,"date":"2024-11-05T15:47:33","date_gmt":"2024-11-05T21:47:33","guid":{"rendered":"https:\/\/elmetropolitano.com.gt\/es\/?p=91628"},"modified":"2024-11-05T15:47:33","modified_gmt":"2024-11-05T21:47:33","slug":"muestra-de-teatro-departamental-norma-padilla-se-presenta-en-teatro-municipal-de-xela","status":"publish","type":"post","link":"https:\/\/elmetropolitano.com.gt\/es\/muestra-de-teatro-departamental-norma-padilla-se-presenta-en-teatro-municipal-de-xela\/","title":{"rendered":"Muestra de Teatro Departamental Norma Padilla se presenta en teatro municipal de Xela"},"content":{"rendered":"\n<p>El Departamento de Apoyo a la Creaci\u00f3n Art\u00edstica (Crea), del Ministerio de Cultura y Deportes (MCD), lleva a cabo la Muestra de Teatro Departamental Norma Padilla en el departamento de Quetzaltenango.<\/p>\n\n\n\n<p>A decir de Brenda Lara, a cargo de Crea, luego de 30 a\u00f1os desde la \u00faltima vez que se present\u00f3 la muestra, se vuelve abrir un espacio de participaci\u00f3n en el arte para los guatemaltecos, a trav\u00e9s <a><\/a>del fomento y desarrollo del teatro en Guatemala.<\/p><div class=\"elmet-contenido\" id=\"elmet-2781897671\"><div class=\"elmet-adlabel\">Anuncios<\/div><div style=\"margin-top: 20px;margin-right: 20px;margin-bottom: 20px;margin-left: 20px;\" id=\"elmet-910049449\"><a href=\"https:\/\/www.facebook.com\/arrincuanantigua\/\" aria-label=\"cintillo-arrin-cual\"><img loading=\"lazy\" decoding=\"async\" src=\"https:\/\/elmetropolitano.com.gt\/es\/wp-content\/uploads\/2021\/11\/cintillo-arrin-cual-1.jpg\" alt=\"\"  srcset=\"https:\/\/elmetropolitano.com.gt\/es\/wp-content\/uploads\/2021\/11\/cintillo-arrin-cual-1.jpg 750w, https:\/\/elmetropolitano.com.gt\/es\/wp-content\/uploads\/2021\/11\/cintillo-arrin-cual-1-300x36.jpg 300w, https:\/\/elmetropolitano.com.gt\/es\/wp-content\/uploads\/2021\/11\/cintillo-arrin-cual-1-600x72.jpg 600w\" sizes=\"(max-width: 750px) 100vw, 750px\" width=\"750\" height=\"90\"   \/><\/a><\/div><\/div>\n\n\n\n<p>Asimismo, explic\u00f3 que la ciudad de Quetzaltenango es la sede de la muestra de teatro, que culminar\u00e1 el s\u00e1bado 9 de noviembre. El evento re\u00fane a grupos de teatro de 13 departamentos del pa\u00eds, como una contribuci\u00f3n a la descentralizaci\u00f3n del arte.<\/p>\n\n\n\n<p>Impartir\u00e1n talleres a los grupos seleccionados<\/p>\n\n\n\n<p>Lara asegur\u00f3 que los 13 grupos participantes tuvieron una semana de formaci\u00f3n constante, a trav\u00e9s de talleres impartidos por artistas que cuentan con una amplia trayectoria, que no solo tienen experiencia teatral sino tambi\u00e9n en docencia y como talleristas.<\/p>\n\n\n\n<p>Tambi\u00e9n, durante la semana de presentaciones se reconocer\u00e1 el trabajo de los grupos y artistas en cuatro aspectos:<\/p>\n\n\n\n<p>-mejor montaje (premio Norma Padilla)<\/p>\n\n\n\n<p>-mejor actriz<\/p>\n\n\n\n<p>-mejor actor<\/p>\n\n\n\n<p>-mejor direcci\u00f3n teatral<\/p>\n\n\n\n<p>Los ciudadanos de Quetzaltenango pueden disfrutar de la presentaci\u00f3n de los 13 grupos seleccionados en el Teatro Municipal de Quetzaltenango, de 18:00 a 20:00 horas. Adem\u00e1s, del mi\u00e9rcoles 6 al viernes 8 de noviembre, se ofrecer\u00e1n seis talleres gratuitos con temas relacionados con el teatro, como signos teatrales y actuaci\u00f3n (en uno de los talleres se contar\u00e1 con la participaci\u00f3n de la reconocida actriz mexicana Mar\u00eda Rojo).<\/p>\n\n\n\n<p>Texto: Estuardo Mart\u00ednez<\/p>\n\n\n\n<p><a href=\"https:\/\/www.facebook.com\/hashtag\/teatro?__eep__=6&amp;__cft__[0]=AZUJLqq3SZP3YEs2hRrLzBi-XRVamydC5oBhwijFWiPxON5Majw_osBzRI3JY6oEh5vQumpVa-k88J-Q8opI0WTCDxFIh4rmjGqOlDi0op-yaAslZgQr_NHx3ehxkIOvE1EgX348b-R7EDaKYQjCtXKQk-LpVpWr7_JTZCVfzgiN4V52jJfhxDzLFoaLihPf5as&amp;__tn__=*NK-R\">#Teatro<\/a><a href=\"https:\/\/www.facebook.com\/hashtag\/xela?__eep__=6&amp;__cft__[0]=AZUJLqq3SZP3YEs2hRrLzBi-XRVamydC5oBhwijFWiPxON5Majw_osBzRI3JY6oEh5vQumpVa-k88J-Q8opI0WTCDxFIh4rmjGqOlDi0op-yaAslZgQr_NHx3ehxkIOvE1EgX348b-R7EDaKYQjCtXKQk-LpVpWr7_JTZCVfzgiN4V52jJfhxDzLFoaLihPf5as&amp;__tn__=*NK-R\">#xela<\/a><a href=\"https:\/\/www.facebook.com\/hashtag\/teatromunicipaldequetzaltenango?__eep__=6&amp;__cft__[0]=AZUJLqq3SZP3YEs2hRrLzBi-XRVamydC5oBhwijFWiPxON5Majw_osBzRI3JY6oEh5vQumpVa-k88J-Q8opI0WTCDxFIh4rmjGqOlDi0op-yaAslZgQr_NHx3ehxkIOvE1EgX348b-R7EDaKYQjCtXKQk-LpVpWr7_JTZCVfzgiN4V52jJfhxDzLFoaLihPf5as&amp;__tn__=*NK-R\">#TeatroMunicipalDeQuetzaltenango<\/a><\/p>\n\n\n\n<figure class=\"wp-block-gallery has-nested-images columns-default is-cropped wp-block-gallery-1 is-layout-flex wp-block-gallery-is-layout-flex\">\n<figure class=\"wp-block-image size-large\"><img loading=\"lazy\" decoding=\"async\" width=\"1024\" height=\"461\" data-id=\"91630\" src=\"https:\/\/elmetropolitano.com.gt\/es\/wp-content\/uploads\/2024\/11\/465708391_1068329745293108_4195502859339432992_n-1024x461.jpg\" alt=\"\" class=\"wp-image-91630\" srcset=\"https:\/\/elmetropolitano.com.gt\/es\/wp-content\/uploads\/2024\/11\/465708391_1068329745293108_4195502859339432992_n-1024x461.jpg 1024w, https:\/\/elmetropolitano.com.gt\/es\/wp-content\/uploads\/2024\/11\/465708391_1068329745293108_4195502859339432992_n-300x135.jpg 300w, https:\/\/elmetropolitano.com.gt\/es\/wp-content\/uploads\/2024\/11\/465708391_1068329745293108_4195502859339432992_n-768x346.jpg 768w, https:\/\/elmetropolitano.com.gt\/es\/wp-content\/uploads\/2024\/11\/465708391_1068329745293108_4195502859339432992_n.jpg 1421w\" sizes=\"auto, (max-width: 1024px) 100vw, 1024px\" \/><\/figure>\n\n\n\n<figure class=\"wp-block-image size-large\"><img loading=\"lazy\" decoding=\"async\" width=\"1024\" height=\"495\" data-id=\"91631\" src=\"https:\/\/elmetropolitano.com.gt\/es\/wp-content\/uploads\/2024\/11\/465719990_1068330408626375_8629293166273734814_n-1024x495.jpg\" alt=\"\" class=\"wp-image-91631\" srcset=\"https:\/\/elmetropolitano.com.gt\/es\/wp-content\/uploads\/2024\/11\/465719990_1068330408626375_8629293166273734814_n-1024x495.jpg 1024w, https:\/\/elmetropolitano.com.gt\/es\/wp-content\/uploads\/2024\/11\/465719990_1068330408626375_8629293166273734814_n-300x145.jpg 300w, https:\/\/elmetropolitano.com.gt\/es\/wp-content\/uploads\/2024\/11\/465719990_1068330408626375_8629293166273734814_n-768x371.jpg 768w, https:\/\/elmetropolitano.com.gt\/es\/wp-content\/uploads\/2024\/11\/465719990_1068330408626375_8629293166273734814_n-1536x743.jpg 1536w, https:\/\/elmetropolitano.com.gt\/es\/wp-content\/uploads\/2024\/11\/465719990_1068330408626375_8629293166273734814_n.jpg 2048w\" sizes=\"auto, (max-width: 1024px) 100vw, 1024px\" \/><\/figure>\n<\/figure>\n","protected":false},"excerpt":{"rendered":"<p>El Departamento de Apoyo a la Creaci\u00f3n Art\u00edstica (Crea), del Ministerio de Cultura y Deportes (MCD), lleva a cabo la Muestra de Teatro Departamental Norma Padilla en el departamento de Quetzaltenango. A decir de Brenda Lara, a cargo de Crea, luego de 30 a\u00f1os desde la \u00faltima vez que se present\u00f3 la muestra, se vuelve <a class=\"read-more\" href=\"https:\/\/elmetropolitano.com.gt\/es\/muestra-de-teatro-departamental-norma-padilla-se-presenta-en-teatro-municipal-de-xela\/\">Leer m\u00e1s<\/a><\/p>\n","protected":false},"author":1,"featured_media":91629,"comment_status":"open","ping_status":"closed","sticky":false,"template":"","format":"standard","meta":{"footnotes":""},"categories":[29],"tags":[30],"class_list":["post-91628","post","type-post","status-publish","format-standard","has-post-thumbnail","hentry","category-culturales","tag-culturales"],"_links":{"self":[{"href":"https:\/\/elmetropolitano.com.gt\/es\/wp-json\/wp\/v2\/posts\/91628","targetHints":{"allow":["GET"]}}],"collection":[{"href":"https:\/\/elmetropolitano.com.gt\/es\/wp-json\/wp\/v2\/posts"}],"about":[{"href":"https:\/\/elmetropolitano.com.gt\/es\/wp-json\/wp\/v2\/types\/post"}],"author":[{"embeddable":true,"href":"https:\/\/elmetropolitano.com.gt\/es\/wp-json\/wp\/v2\/users\/1"}],"replies":[{"embeddable":true,"href":"https:\/\/elmetropolitano.com.gt\/es\/wp-json\/wp\/v2\/comments?post=91628"}],"version-history":[{"count":1,"href":"https:\/\/elmetropolitano.com.gt\/es\/wp-json\/wp\/v2\/posts\/91628\/revisions"}],"predecessor-version":[{"id":91632,"href":"https:\/\/elmetropolitano.com.gt\/es\/wp-json\/wp\/v2\/posts\/91628\/revisions\/91632"}],"wp:featuredmedia":[{"embeddable":true,"href":"https:\/\/elmetropolitano.com.gt\/es\/wp-json\/wp\/v2\/media\/91629"}],"wp:attachment":[{"href":"https:\/\/elmetropolitano.com.gt\/es\/wp-json\/wp\/v2\/media?parent=91628"}],"wp:term":[{"taxonomy":"category","embeddable":true,"href":"https:\/\/elmetropolitano.com.gt\/es\/wp-json\/wp\/v2\/categories?post=91628"},{"taxonomy":"post_tag","embeddable":true,"href":"https:\/\/elmetropolitano.com.gt\/es\/wp-json\/wp\/v2\/tags?post=91628"}],"curies":[{"name":"wp","href":"https:\/\/api.w.org\/{rel}","templated":true}]}}