{"id":91647,"date":"2024-11-05T18:32:21","date_gmt":"2024-11-06T00:32:21","guid":{"rendered":"https:\/\/elmetropolitano.com.gt\/es\/?p=91647"},"modified":"2024-11-05T18:32:22","modified_gmt":"2024-11-06T00:32:22","slug":"presidente-arevalo-inaugura-nuevas-instalaciones-de-carcel-de-maxima-seguridad-renovacion-l","status":"publish","type":"post","link":"https:\/\/elmetropolitano.com.gt\/es\/presidente-arevalo-inaugura-nuevas-instalaciones-de-carcel-de-maxima-seguridad-renovacion-l\/","title":{"rendered":"Presidente Ar\u00e9valo inaugura nuevas instalaciones de C\u00e1rcel de M\u00e1xima Seguridad Renovaci\u00f3n l"},"content":{"rendered":"\n<p>Con el prop\u00f3sito de combatir la delincuencia desde sus ra\u00edces, el presidente Bernardo Ar\u00e9valo inaugur\u00f3 en Escuintoa el nuevo Centro de Detenci\u00f3n de M\u00e1xima Seguridad Renovaci\u00f3n I, dise\u00f1ado para transformar las condiciones carcelarias y promover la seguridad p\u00fablica en Guatemala.<\/p>\n\n\n\n<p>Durante el evento, Ar\u00e9valo enfatiz\u00f3 en que el pa\u00eds necesita instalaciones penitenciarias que realmente sirvan a <a><\/a>la justicia y no como refugios de criminalidad.<\/p><div class=\"elmet-contenido\" id=\"elmet-517962481\"><div class=\"elmet-adlabel\">Anuncios<\/div><div style=\"margin-top: 20px;margin-right: 20px;margin-bottom: 20px;margin-left: 20px;\" id=\"elmet-1658935297\"><a href=\"https:\/\/www.facebook.com\/arrincuanantigua\/\" aria-label=\"cintillo-arrin-cual\"><img loading=\"lazy\" decoding=\"async\" src=\"https:\/\/elmetropolitano.com.gt\/es\/wp-content\/uploads\/2021\/11\/cintillo-arrin-cual-1.jpg\" alt=\"\"  srcset=\"https:\/\/elmetropolitano.com.gt\/es\/wp-content\/uploads\/2021\/11\/cintillo-arrin-cual-1.jpg 750w, https:\/\/elmetropolitano.com.gt\/es\/wp-content\/uploads\/2021\/11\/cintillo-arrin-cual-1-300x36.jpg 300w, https:\/\/elmetropolitano.com.gt\/es\/wp-content\/uploads\/2021\/11\/cintillo-arrin-cual-1-600x72.jpg 600w\" sizes=\"(max-width: 750px) 100vw, 750px\" width=\"750\" height=\"90\"   \/><\/a><\/div><\/div>\n\n\n\n<p>El mandatario expres\u00f3 que, aunque el camino es largo, este avance es un paso firme hacia un sistema penitenciario eficiente, porque el pueblo de Guatemala demanda seguridad<\/p>\n\n\n\n<p>De El Infiernito a una c\u00e1rcel controlada<\/p>\n\n\n\n<p>El antiguo centro penitenciario conocido como El Infiernito era un lugar donde la criminalidad y la corrupci\u00f3n prosperaban bajo el amparo de un sistema d\u00e9bil. Extorsiones, tr\u00e1fico de drogas y otros delitos se organizaban desde dentro, lo que convert\u00eda a la prisi\u00f3n en un cuartel para actividades il\u00edcitas.<\/p>\n\n\n\n<p>En ese centro carcelario, los reos disfrutaban de privilegios y lujos, mientras que otros soportaban condiciones de vida precarias. Sin embargo, hoy Renovaci\u00f3n I opera bajo un r\u00e9gimen uniforme, eliminando beneficios y ajustando el trato a los reclusos seg\u00fan sus delitos y no su influencia en la c\u00e1rcel.<\/p>\n\n\n\n<p>Implementaci\u00f3n de tecnolog\u00eda y control total<\/p>\n\n\n\n<p>La nueva infraestructura cuenta con tecnolog\u00eda avanzada para fortalecer la vigilancia y el control. Adem\u00e1s, se implement\u00f3 un sistema de c\u00e1maras de circuito cerrado que permite monitorear cada rinc\u00f3n de la prisi\u00f3n. Tambi\u00e9n se instalaron dispositivos de rayos X para interceptar el ingreso de armas o sustancias il\u00edcitas. Ahora tenemos el control, afirm\u00f3 el Presidente.<\/p>\n\n\n\n<p>Asimismo, el gobernante destac\u00f3 que el acceso a las instalaciones est\u00e1 bajo supervisi\u00f3n directa de la administraci\u00f3n penitenciaria, lo cual asegura que los reclusos no tengan poder sobre las puertas ni sobre las operaciones internas.<\/p>\n\n\n\n<p>Condiciones dignas para los guardias penitenciarios<\/p>\n\n\n\n<p>Uno de los puntos clave en la renovaci\u00f3n de esta prisi\u00f3n fue la mejora en las condiciones laborales de los guardias penitenciarios.<\/p>\n\n\n\n<p>Anteriormente, estos servidores p\u00fablicos se encontraban expuestos a un entorno riesgoso, conviviendo estrechamente con los privados de libertad y trabajando en condiciones insalubres. Ahora, las \u00e1reas administrativas est\u00e1n separadas de las de detenci\u00f3n, lo que reduce su exposici\u00f3n a esos riesgos.<\/p>\n\n\n\n<p>Asimismo, se han adecuado espacios dignos para su descanso, lo cual refuerza el compromiso del Gobierno de ofrecer una mejor calidad de vida a quienes velan por la seguridad en los centros de detenci\u00f3n.<\/p>\n\n\n\n<p>El presidente Ar\u00e9valo asegur\u00f3 que esta iniciativa forma parte de una estrategia amplia para asegurar la paz en Guatemala sin recurrir a pr\u00e1cticas autoritarias:<\/p>\n\n\n\n<p>Las c\u00e1rceles ser\u00e1n espacios que contribuyan a la tranquilidad de las familias guatemaltecas.<\/p>\n\n\n\n<p>Igualmente, se\u00f1al\u00f3 que este es solo el comienzo de un esfuerzo por construir un pa\u00eds m\u00e1s seguro y pr\u00f3spero.<\/p>\n\n\n\n<p>Texto: Lincy Rodr\u00edguez<\/p>\n\n\n\n<p><a href=\"https:\/\/www.facebook.com\/hashtag\/renovacioni?__eep__=6&amp;__cft__[0]=AZVs_OsyA-CrCH4PxVv_quj6pQ41kMWoPBMx_b8o2ofi0hQP85XJYtIyOpqfjHfpdldyoNkmaLKzlOvRbojQEemHDXNwC9pnJX-imLn5FLtGqpvwrAD6DpkjU_uvAbwwAQqx0EjEKDyc0r_Gl6bnnp3LOfWYX5Qy9PTujeMC15krL3COj3B4AC5b2bTJj6FgAYA&amp;__tn__=*NK-R\">#RenovacionI<\/a><a href=\"https:\/\/www.facebook.com\/hashtag\/metroredes?__eep__=6&amp;__cft__[0]=AZVs_OsyA-CrCH4PxVv_quj6pQ41kMWoPBMx_b8o2ofi0hQP85XJYtIyOpqfjHfpdldyoNkmaLKzlOvRbojQEemHDXNwC9pnJX-imLn5FLtGqpvwrAD6DpkjU_uvAbwwAQqx0EjEKDyc0r_Gl6bnnp3LOfWYX5Qy9PTujeMC15krL3COj3B4AC5b2bTJj6FgAYA&amp;__tn__=*NK-R\">#metroredes<\/a><a href=\"https:\/\/www.facebook.com\/hashtag\/escuintla?__eep__=6&amp;__cft__[0]=AZVs_OsyA-CrCH4PxVv_quj6pQ41kMWoPBMx_b8o2ofi0hQP85XJYtIyOpqfjHfpdldyoNkmaLKzlOvRbojQEemHDXNwC9pnJX-imLn5FLtGqpvwrAD6DpkjU_uvAbwwAQqx0EjEKDyc0r_Gl6bnnp3LOfWYX5Qy9PTujeMC15krL3COj3B4AC5b2bTJj6FgAYA&amp;__tn__=*NK-R\">#Escuintla<\/a><a href=\"https:\/\/www.facebook.com\/hashtag\/carceles?__eep__=6&amp;__cft__[0]=AZVs_OsyA-CrCH4PxVv_quj6pQ41kMWoPBMx_b8o2ofi0hQP85XJYtIyOpqfjHfpdldyoNkmaLKzlOvRbojQEemHDXNwC9pnJX-imLn5FLtGqpvwrAD6DpkjU_uvAbwwAQqx0EjEKDyc0r_Gl6bnnp3LOfWYX5Qy9PTujeMC15krL3COj3B4AC5b2bTJj6FgAYA&amp;__tn__=*NK-R\">#Carceles<\/a><a href=\"https:\/\/www.facebook.com\/hashtag\/sistemapenitenciario?__eep__=6&amp;__cft__[0]=AZVs_OsyA-CrCH4PxVv_quj6pQ41kMWoPBMx_b8o2ofi0hQP85XJYtIyOpqfjHfpdldyoNkmaLKzlOvRbojQEemHDXNwC9pnJX-imLn5FLtGqpvwrAD6DpkjU_uvAbwwAQqx0EjEKDyc0r_Gl6bnnp3LOfWYX5Qy9PTujeMC15krL3COj3B4AC5b2bTJj6FgAYA&amp;__tn__=*NK-R\">#SistemaPenitenciario<\/a> <a href=\"https:\/\/l.facebook.com\/l.php?u=http%3A%2F%2FWww.elescuintleco.com.gt%2F%3Ffbclid%3DIwZXh0bgNhZW0CMTAAAR01yGo5SrxsyfzegTGauCpWqyo9Uu2EKZfbYQ3qSSZn8at4KYO133PicCo_aem_ofr-V7TG9iQnODXCpRH8hg&amp;h=AT1xvg766uTeuQzdVDCL1sKoHwzXh3X2GdAQe1RUyN92HllIsUoYyU_9vcU3AFVrqjmh3KlJTuqczh63g1p2RfpECTeVm6O9yCIsSWH3g_bNLc6pwTgiuY8VJ3q7Oba2aKHg&amp;__tn__=-UK-R&amp;c[0]=AT0c8U-COPB7C6kpyjw7QBpiqnKFK6qH2L5tPFil2MYhneHVSUnoO4sZVYh_zL_ycu7rUrAi7aMOCOA6CXkGdZ9fq44xIWKtUuOU-s82Brc_d1Tu4VgKNmdz9sglg4vnI-lXMF4HzWl86a1zsXr6LB1cRiph2OAAhf05V48Gh4_2D3zSzUW6BREmVCt-i2-PCJ49r3DKdd8wUaUYyM0pMLq7c_E\" target=\"_blank\" rel=\"noreferrer noopener\">Www.elescuintleco.com.gt<\/a><a href=\"https:\/\/l.facebook.com\/l.php?u=http%3A%2F%2FWww.elmetropolitano.com.gt%2F%3Ffbclid%3DIwZXh0bgNhZW0CMTAAAR3WR_7muAR-TlD-9Xf-PE2YU3k7PF30AyvPiEmFTz2DTO1J6I2C7oJsmwQ_aem_Feh7vtRyh08pXvBRvZto8Q&amp;h=AT16jaVknSEIDdY5pyH8odG27GhqhPjCsagRlZ-x8FqlLX9-Ebm7DfwehpYdt-SU0Br1DUNc626m-ZY8uSkDHPX45lNv1lMCOYJ-LHjr7lgBQohM25vS3JPaVb26g35TV73E&amp;__tn__=-UK-R&amp;c[0]=AT0c8U-COPB7C6kpyjw7QBpiqnKFK6qH2L5tPFil2MYhneHVSUnoO4sZVYh_zL_ycu7rUrAi7aMOCOA6CXkGdZ9fq44xIWKtUuOU-s82Brc_d1Tu4VgKNmdz9sglg4vnI-lXMF4HzWl86a1zsXr6LB1cRiph2OAAhf05V48Gh4_2D3zSzUW6BREmVCt-i2-PCJ49r3DKdd8wUaUYyM0pMLq7c_E\" target=\"_blank\" rel=\"noreferrer noopener\">Www.elmetropolitano.com.gt<\/a><\/p>\n\n\n\n<figure class=\"wp-block-gallery has-nested-images columns-default is-cropped wp-block-gallery-1 is-layout-flex wp-block-gallery-is-layout-flex\">\n<figure class=\"wp-block-image size-large\"><img loading=\"lazy\" decoding=\"async\" width=\"466\" height=\"310\" data-id=\"91650\" src=\"https:\/\/elmetropolitano.com.gt\/es\/wp-content\/uploads\/2024\/11\/465597198_1068428415283241_368236960770947990_n.jpg\" alt=\"\" class=\"wp-image-91650\" srcset=\"https:\/\/elmetropolitano.com.gt\/es\/wp-content\/uploads\/2024\/11\/465597198_1068428415283241_368236960770947990_n.jpg 466w, https:\/\/elmetropolitano.com.gt\/es\/wp-content\/uploads\/2024\/11\/465597198_1068428415283241_368236960770947990_n-300x200.jpg 300w\" sizes=\"auto, (max-width: 466px) 100vw, 466px\" \/><\/figure>\n\n\n\n<figure class=\"wp-block-image size-large\"><img loading=\"lazy\" decoding=\"async\" width=\"466\" height=\"310\" data-id=\"91651\" src=\"https:\/\/elmetropolitano.com.gt\/es\/wp-content\/uploads\/2024\/11\/465646802_1068428261949923_5459541312144816093_n.jpg\" alt=\"\" class=\"wp-image-91651\" srcset=\"https:\/\/elmetropolitano.com.gt\/es\/wp-content\/uploads\/2024\/11\/465646802_1068428261949923_5459541312144816093_n.jpg 466w, https:\/\/elmetropolitano.com.gt\/es\/wp-content\/uploads\/2024\/11\/465646802_1068428261949923_5459541312144816093_n-300x200.jpg 300w\" sizes=\"auto, (max-width: 466px) 100vw, 466px\" \/><\/figure>\n\n\n\n<figure class=\"wp-block-image size-large\"><img loading=\"lazy\" decoding=\"async\" width=\"1024\" height=\"683\" data-id=\"91653\" src=\"https:\/\/elmetropolitano.com.gt\/es\/wp-content\/uploads\/2024\/11\/465674337_1068428905283192_2344398781231045076_n-1024x683.jpg\" alt=\"\" class=\"wp-image-91653\" srcset=\"https:\/\/elmetropolitano.com.gt\/es\/wp-content\/uploads\/2024\/11\/465674337_1068428905283192_2344398781231045076_n-1024x683.jpg 1024w, https:\/\/elmetropolitano.com.gt\/es\/wp-content\/uploads\/2024\/11\/465674337_1068428905283192_2344398781231045076_n-300x200.jpg 300w, https:\/\/elmetropolitano.com.gt\/es\/wp-content\/uploads\/2024\/11\/465674337_1068428905283192_2344398781231045076_n-768x512.jpg 768w, https:\/\/elmetropolitano.com.gt\/es\/wp-content\/uploads\/2024\/11\/465674337_1068428905283192_2344398781231045076_n.jpg 1200w\" sizes=\"auto, (max-width: 1024px) 100vw, 1024px\" \/><\/figure>\n\n\n\n<figure class=\"wp-block-image size-large\"><img loading=\"lazy\" decoding=\"async\" width=\"1024\" height=\"683\" data-id=\"91657\" src=\"https:\/\/elmetropolitano.com.gt\/es\/wp-content\/uploads\/2024\/11\/465713820_1068428875283195_4246941118208664444_n-1024x683.jpg\" alt=\"\" class=\"wp-image-91657\" srcset=\"https:\/\/elmetropolitano.com.gt\/es\/wp-content\/uploads\/2024\/11\/465713820_1068428875283195_4246941118208664444_n-1024x683.jpg 1024w, https:\/\/elmetropolitano.com.gt\/es\/wp-content\/uploads\/2024\/11\/465713820_1068428875283195_4246941118208664444_n-300x200.jpg 300w, https:\/\/elmetropolitano.com.gt\/es\/wp-content\/uploads\/2024\/11\/465713820_1068428875283195_4246941118208664444_n-768x512.jpg 768w, https:\/\/elmetropolitano.com.gt\/es\/wp-content\/uploads\/2024\/11\/465713820_1068428875283195_4246941118208664444_n.jpg 1200w\" sizes=\"auto, (max-width: 1024px) 100vw, 1024px\" \/><\/figure>\n\n\n\n<figure class=\"wp-block-image size-large\"><img loading=\"lazy\" decoding=\"async\" width=\"960\" height=\"640\" data-id=\"91652\" src=\"https:\/\/elmetropolitano.com.gt\/es\/wp-content\/uploads\/2024\/11\/465713972_1068428341949915_8582008362260844678_n.jpg\" alt=\"\" class=\"wp-image-91652\" srcset=\"https:\/\/elmetropolitano.com.gt\/es\/wp-content\/uploads\/2024\/11\/465713972_1068428341949915_8582008362260844678_n.jpg 960w, https:\/\/elmetropolitano.com.gt\/es\/wp-content\/uploads\/2024\/11\/465713972_1068428341949915_8582008362260844678_n-300x200.jpg 300w, https:\/\/elmetropolitano.com.gt\/es\/wp-content\/uploads\/2024\/11\/465713972_1068428341949915_8582008362260844678_n-768x512.jpg 768w\" sizes=\"auto, (max-width: 960px) 100vw, 960px\" \/><\/figure>\n\n\n\n<figure class=\"wp-block-image size-large\"><img loading=\"lazy\" decoding=\"async\" width=\"960\" height=\"640\" data-id=\"91656\" src=\"https:\/\/elmetropolitano.com.gt\/es\/wp-content\/uploads\/2024\/11\/465715063_1068428291949920_8429410922342919112_n.jpg\" alt=\"\" class=\"wp-image-91656\" srcset=\"https:\/\/elmetropolitano.com.gt\/es\/wp-content\/uploads\/2024\/11\/465715063_1068428291949920_8429410922342919112_n.jpg 960w, https:\/\/elmetropolitano.com.gt\/es\/wp-content\/uploads\/2024\/11\/465715063_1068428291949920_8429410922342919112_n-300x200.jpg 300w, https:\/\/elmetropolitano.com.gt\/es\/wp-content\/uploads\/2024\/11\/465715063_1068428291949920_8429410922342919112_n-768x512.jpg 768w\" sizes=\"auto, (max-width: 960px) 100vw, 960px\" \/><\/figure>\n\n\n\n<figure class=\"wp-block-image size-large\"><img loading=\"lazy\" decoding=\"async\" width=\"466\" height=\"310\" data-id=\"91654\" src=\"https:\/\/elmetropolitano.com.gt\/es\/wp-content\/uploads\/2024\/11\/465715279_1068428228616593_4074721463465111511_n.jpg\" alt=\"\" class=\"wp-image-91654\" srcset=\"https:\/\/elmetropolitano.com.gt\/es\/wp-content\/uploads\/2024\/11\/465715279_1068428228616593_4074721463465111511_n.jpg 466w, https:\/\/elmetropolitano.com.gt\/es\/wp-content\/uploads\/2024\/11\/465715279_1068428228616593_4074721463465111511_n-300x200.jpg 300w\" sizes=\"auto, (max-width: 466px) 100vw, 466px\" \/><\/figure>\n\n\n\n<figure class=\"wp-block-image size-large\"><img loading=\"lazy\" decoding=\"async\" width=\"466\" height=\"310\" data-id=\"91649\" src=\"https:\/\/elmetropolitano.com.gt\/es\/wp-content\/uploads\/2024\/11\/465734243_1068428355283247_2832577611585662693_n.jpg\" alt=\"\" class=\"wp-image-91649\" srcset=\"https:\/\/elmetropolitano.com.gt\/es\/wp-content\/uploads\/2024\/11\/465734243_1068428355283247_2832577611585662693_n.jpg 466w, https:\/\/elmetropolitano.com.gt\/es\/wp-content\/uploads\/2024\/11\/465734243_1068428355283247_2832577611585662693_n-300x200.jpg 300w\" sizes=\"auto, (max-width: 466px) 100vw, 466px\" \/><\/figure>\n<\/figure>\n","protected":false},"excerpt":{"rendered":"<p>Con el prop\u00f3sito de combatir la delincuencia desde sus ra\u00edces, el presidente Bernardo Ar\u00e9valo inaugur\u00f3 en Escuintoa el nuevo Centro de Detenci\u00f3n de M\u00e1xima Seguridad Renovaci\u00f3n I, dise\u00f1ado para transformar las condiciones carcelarias y promover la seguridad p\u00fablica en Guatemala. Durante el evento, Ar\u00e9valo enfatiz\u00f3 en que el pa\u00eds necesita instalaciones penitenciarias que realmente sirvan <a class=\"read-more\" href=\"https:\/\/elmetropolitano.com.gt\/es\/presidente-arevalo-inaugura-nuevas-instalaciones-de-carcel-de-maxima-seguridad-renovacion-l\/\">Leer m\u00e1s<\/a><\/p>\n","protected":false},"author":1,"featured_media":91648,"comment_status":"open","ping_status":"closed","sticky":false,"template":"","format":"standard","meta":{"footnotes":""},"categories":[2],"tags":[12],"class_list":["post-91647","post","type-post","status-publish","format-standard","has-post-thumbnail","hentry","category-nacionales","tag-nacionales"],"_links":{"self":[{"href":"https:\/\/elmetropolitano.com.gt\/es\/wp-json\/wp\/v2\/posts\/91647","targetHints":{"allow":["GET"]}}],"collection":[{"href":"https:\/\/elmetropolitano.com.gt\/es\/wp-json\/wp\/v2\/posts"}],"about":[{"href":"https:\/\/elmetropolitano.com.gt\/es\/wp-json\/wp\/v2\/types\/post"}],"author":[{"embeddable":true,"href":"https:\/\/elmetropolitano.com.gt\/es\/wp-json\/wp\/v2\/users\/1"}],"replies":[{"embeddable":true,"href":"https:\/\/elmetropolitano.com.gt\/es\/wp-json\/wp\/v2\/comments?post=91647"}],"version-history":[{"count":1,"href":"https:\/\/elmetropolitano.com.gt\/es\/wp-json\/wp\/v2\/posts\/91647\/revisions"}],"predecessor-version":[{"id":91658,"href":"https:\/\/elmetropolitano.com.gt\/es\/wp-json\/wp\/v2\/posts\/91647\/revisions\/91658"}],"wp:featuredmedia":[{"embeddable":true,"href":"https:\/\/elmetropolitano.com.gt\/es\/wp-json\/wp\/v2\/media\/91648"}],"wp:attachment":[{"href":"https:\/\/elmetropolitano.com.gt\/es\/wp-json\/wp\/v2\/media?parent=91647"}],"wp:term":[{"taxonomy":"category","embeddable":true,"href":"https:\/\/elmetropolitano.com.gt\/es\/wp-json\/wp\/v2\/categories?post=91647"},{"taxonomy":"post_tag","embeddable":true,"href":"https:\/\/elmetropolitano.com.gt\/es\/wp-json\/wp\/v2\/tags?post=91647"}],"curies":[{"name":"wp","href":"https:\/\/api.w.org\/{rel}","templated":true}]}}