{"id":91722,"date":"2024-11-07T08:28:25","date_gmt":"2024-11-07T14:28:25","guid":{"rendered":"https:\/\/elmetropolitano.com.gt\/es\/?p=91722"},"modified":"2024-11-07T08:28:25","modified_gmt":"2024-11-07T14:28:25","slug":"la-falta-de-profundidad-en-los-puertos-es-un-problema-expresa-antonio-lemus-presidente-de-epq","status":"publish","type":"post","link":"https:\/\/elmetropolitano.com.gt\/es\/la-falta-de-profundidad-en-los-puertos-es-un-problema-expresa-antonio-lemus-presidente-de-epq\/","title":{"rendered":"\u201cLa falta de profundidad en los puertos es un problema\u201d expresa Antonio Lemus presidente de EPQ"},"content":{"rendered":"\n<p>Jos\u00e9 Antonio Lemus, presidente de la Junta Directiva de la Empresa Portuaria Quetzal (EPQ), se refiri\u00f3 a las bondades de la iniciativa 6410, ley de dragados y rescate de la capacidad portuaria mar\u00edtima nacional, que garantizar\u00e1 la seguridad y eficiencia en las operaciones portuarias en todo el pa\u00eds; su mayor aporte se refleja en facilitar el comercio nacional e internacional.<\/p>\n\n\n\n<p>El <a><\/a>proyecto de decreto est\u00e1 pendiente a que el Pleno del Congreso la conozca en tercer debate, aprobaci\u00f3n por art\u00edculos y redacci\u00f3n final.<\/p><div class=\"elmet-contenido\" id=\"elmet-1376957817\"><div class=\"elmet-adlabel\">Anuncios<\/div><div style=\"margin-top: 20px;margin-right: 20px;margin-bottom: 20px;margin-left: 20px;\" id=\"elmet-4280505234\"><a href=\"https:\/\/www.facebook.com\/arrincuanantigua\/\" aria-label=\"cintillo-arrin-cual\"><img loading=\"lazy\" decoding=\"async\" src=\"https:\/\/elmetropolitano.com.gt\/es\/wp-content\/uploads\/2021\/11\/cintillo-arrin-cual-1.jpg\" alt=\"\"  srcset=\"https:\/\/elmetropolitano.com.gt\/es\/wp-content\/uploads\/2021\/11\/cintillo-arrin-cual-1.jpg 750w, https:\/\/elmetropolitano.com.gt\/es\/wp-content\/uploads\/2021\/11\/cintillo-arrin-cual-1-300x36.jpg 300w, https:\/\/elmetropolitano.com.gt\/es\/wp-content\/uploads\/2021\/11\/cintillo-arrin-cual-1-600x72.jpg 600w\" sizes=\"(max-width: 750px) 100vw, 750px\" width=\"750\" height=\"90\"   \/><\/a><\/div><\/div>\n\n\n\n<p>\u201cLa falta de profundidad en los puertos es un problema para nosotros. Cuando los buques vienen muy cargados se produce demora en la atenci\u00f3n porque debe esperar a que suba la madera para poder ingresarlos a descargar\u201d, manifest\u00f3 Lemus, quien mostr\u00f3 plena confianza en que la X Legislatura retomar\u00e1 su discusi\u00f3n.<\/p>\n\n\n\n<p>\u201cLa diversidad de problemas que tiene el Puerto Quetzal, el dragado es uno y es una necesidad real para agilizar y ser eficiente en los procesos\u201d, agreg\u00f3 el presidente de la EPQ.<\/p>\n\n\n\n<p>De acuerdo con Lemus, la falta de dragado de los r\u00edos viene afectando los puertos del pa\u00eds, pues se han visto saturados de arena. \u201cPueden existir otras soluciones, pero hay que exponer y analizar el tema\u201d, a\u00f1adi\u00f3.<\/p>\n\n\n\n<p>La iniciativa modifica la Ley de Contrataciones del Estado, al permitir por \u00fanica vez a la EPQ contratar a la empresa para que realice el dragado, con los t\u00e9rminos de probidad y transparencia.<\/p>\n\n\n\n<p>La iniciativa 6410 declara de inter\u00e9s nacional, de orden p\u00fablico y de beneficio social, el dragado y el mantenimiento por dragado de la infraestructura portuaria mar\u00edtima, para salvaguardar y fortalecer la capacidad portuaria nacional, garantizando la navegaci\u00f3n segura y eficiente de las embarcaciones, as\u00ed como la accesibilidad de las infraestructuras portuarias para el comercio nacional e internacional.<\/p>\n\n\n\n<p>Tambi\u00e9n deber\u00e1n realizarse procesos de mantenimiento de los dragados en los puertos mar\u00edtimos, de acuerdo con el estado de batimetr\u00eda, las necesidades de profundidad de navegaci\u00f3n y las recomendaciones t\u00e9cnicas emitidas por cada autoridad portuaria mar\u00edtima, con el fin de garantizar la seguridad y eficiencia en las operaciones portuarias.<\/p>\n\n\n\n<p>La autoridad portuaria correspondiente deber\u00e1 elaborar un programa anual de mantenimiento de dragados, el cual ser\u00e1 ejecutado de manera oportuna y eficiente, asegurando la disponibilidad de los recursos necesarios para llevar a cabo las labores de dragado de manera regular y peri\u00f3dica. EI programa anual de dragado deber\u00eda ser publicado cada a\u00f1o en el mes de julio.<\/p>\n\n\n\n<p>Este mi\u00e9rcoles, la Instancia de Jefes de Bloque ten\u00eda previsto escuchar a las autoridades de la EPQ, pero, por falta de qu\u00f3rum no pudo llevarse a cabo y la misma ser\u00e1 reprogramada para los pr\u00f3ximos d\u00edas.<\/p>\n\n\n\n<p>Texto Oscar Felipe Q. Y Karla Herrera<\/p>\n\n\n\n<p>Foto Anyelo Garc\u00eda<\/p>\n\n\n\n<p><a href=\"https:\/\/www.facebook.com\/hashtag\/empresaportuariaquetzal?__eep__=6&amp;__cft__[0]=AZX8HJIMgaZe-joofxbNuCKrs9rV4gB45K9CfJbwSLFz8Vh6ndePB0wRDmekM4uNIphRqCxAxIh5Rx7NO0RX-jaP2Hc55Rrc4SAdJ7PghuUuw2BsJ7X83_uscw8rQYo95H8-qjxcYPvNt8AJSzrplMokIPIsFfqozvH6MaBmBa_sz1io9bEv5cmEtDG_Abgmoko&amp;__tn__=*NK-R\">#EmpresaPortuariaQuetzal<\/a><a href=\"https:\/\/www.facebook.com\/hashtag\/metroredes?__eep__=6&amp;__cft__[0]=AZX8HJIMgaZe-joofxbNuCKrs9rV4gB45K9CfJbwSLFz8Vh6ndePB0wRDmekM4uNIphRqCxAxIh5Rx7NO0RX-jaP2Hc55Rrc4SAdJ7PghuUuw2BsJ7X83_uscw8rQYo95H8-qjxcYPvNt8AJSzrplMokIPIsFfqozvH6MaBmBa_sz1io9bEv5cmEtDG_Abgmoko&amp;__tn__=*NK-R\">#metroredes<\/a><a href=\"https:\/\/www.facebook.com\/hashtag\/congresodelarepublica?__eep__=6&amp;__cft__[0]=AZX8HJIMgaZe-joofxbNuCKrs9rV4gB45K9CfJbwSLFz8Vh6ndePB0wRDmekM4uNIphRqCxAxIh5Rx7NO0RX-jaP2Hc55Rrc4SAdJ7PghuUuw2BsJ7X83_uscw8rQYo95H8-qjxcYPvNt8AJSzrplMokIPIsFfqozvH6MaBmBa_sz1io9bEv5cmEtDG_Abgmoko&amp;__tn__=*NK-R\">#CongresoDeLaRepublica<\/a><\/p>\n\n\n\n<p><a href=\"https:\/\/l.facebook.com\/l.php?u=http%3A%2F%2FWww.elescuintleco.com.gt%2F%3Ffbclid%3DIwZXh0bgNhZW0CMTAAAR2x6gsnW4Vs7Ss-CzIZZdMHNYWArufBe8FMkBo02yBJmNSarF2edKfw3bI_aem_Ae21DQdcwaKanht_Qci2VA&amp;h=AT1meoJwJ5ZgN_KXvLGXVK7ZiRwUXvP7h6FrLIkTy3boHsswh6v7TJiepFJmIAKaSLGCAwduH3xwA2lyVcZhznM7w2em45t01vqcItRzKjp_hO0eyCCht94rTxMBs5L85Sv0u_rld0r6Yj2olKB2&amp;__tn__=-UK-R&amp;c[0]=AT1U32Vp24MVeRv9Xajc1hgtestLzO9fRqH23FwyH1NW4HbTB_rdwGUe8PJkViCXVodZxYDboaR8hsze9Ub94G2cL_gUfZMDDlyzIM6bbMvc2d-O_sj6-SkVobXSY6Un4TuHGsiJe3tShLsYbwiIjzsomWYKK1oGGlm51ncckur_jLrM50fwoDkMe1Eb9R_OYNGeeiQZmrl66Y3ANmsZaUmHeDE\" rel=\"noreferrer noopener\" target=\"_blank\">Www.elescuintleco.com.gt<\/a><\/p>\n\n\n\n<p><a href=\"https:\/\/l.facebook.com\/l.php?u=http%3A%2F%2FWww.metroredes.com%2F%3Ffbclid%3DIwZXh0bgNhZW0CMTAAAR2BZ3gAJsaDx-RQ0qtfD29JreZlqWg2EfZL1C1Cpvx7pJxOpjZF_YQabL4_aem_cyekD39friWmddD-b1zxPQ&amp;h=AT2XdBizPaPKQDSmjbME9lDtmDJCgrTCanbZiyL8-3iXucX9n3_a1awGwlDLmjlEeYFxtEkpgu2XSlAUr7fOWeaV43bZknEjXr1e81DOIjz1dF_T5oOWL6fWM7lUWsyOwEexg37eOaGbkdWOKG1B&amp;__tn__=-UK-R&amp;c[0]=AT1U32Vp24MVeRv9Xajc1hgtestLzO9fRqH23FwyH1NW4HbTB_rdwGUe8PJkViCXVodZxYDboaR8hsze9Ub94G2cL_gUfZMDDlyzIM6bbMvc2d-O_sj6-SkVobXSY6Un4TuHGsiJe3tShLsYbwiIjzsomWYKK1oGGlm51ncckur_jLrM50fwoDkMe1Eb9R_OYNGeeiQZmrl66Y3ANmsZaUmHeDE\" rel=\"noreferrer noopener\" target=\"_blank\">Www.metroredes.com<\/a><\/p>\n","protected":false},"excerpt":{"rendered":"<p>Jos\u00e9 Antonio Lemus, presidente de la Junta Directiva de la Empresa Portuaria Quetzal (EPQ), se refiri\u00f3 a las bondades de la iniciativa 6410, ley de dragados y rescate de la capacidad portuaria mar\u00edtima nacional, que garantizar\u00e1 la seguridad y eficiencia en las operaciones portuarias en todo el pa\u00eds; su mayor aporte se refleja en facilitar <a class=\"read-more\" href=\"https:\/\/elmetropolitano.com.gt\/es\/la-falta-de-profundidad-en-los-puertos-es-un-problema-expresa-antonio-lemus-presidente-de-epq\/\">Leer m\u00e1s<\/a><\/p>\n","protected":false},"author":1,"featured_media":91723,"comment_status":"open","ping_status":"closed","sticky":false,"template":"","format":"standard","meta":{"footnotes":""},"categories":[2],"tags":[12],"class_list":["post-91722","post","type-post","status-publish","format-standard","has-post-thumbnail","hentry","category-nacionales","tag-nacionales"],"_links":{"self":[{"href":"https:\/\/elmetropolitano.com.gt\/es\/wp-json\/wp\/v2\/posts\/91722","targetHints":{"allow":["GET"]}}],"collection":[{"href":"https:\/\/elmetropolitano.com.gt\/es\/wp-json\/wp\/v2\/posts"}],"about":[{"href":"https:\/\/elmetropolitano.com.gt\/es\/wp-json\/wp\/v2\/types\/post"}],"author":[{"embeddable":true,"href":"https:\/\/elmetropolitano.com.gt\/es\/wp-json\/wp\/v2\/users\/1"}],"replies":[{"embeddable":true,"href":"https:\/\/elmetropolitano.com.gt\/es\/wp-json\/wp\/v2\/comments?post=91722"}],"version-history":[{"count":1,"href":"https:\/\/elmetropolitano.com.gt\/es\/wp-json\/wp\/v2\/posts\/91722\/revisions"}],"predecessor-version":[{"id":91724,"href":"https:\/\/elmetropolitano.com.gt\/es\/wp-json\/wp\/v2\/posts\/91722\/revisions\/91724"}],"wp:featuredmedia":[{"embeddable":true,"href":"https:\/\/elmetropolitano.com.gt\/es\/wp-json\/wp\/v2\/media\/91723"}],"wp:attachment":[{"href":"https:\/\/elmetropolitano.com.gt\/es\/wp-json\/wp\/v2\/media?parent=91722"}],"wp:term":[{"taxonomy":"category","embeddable":true,"href":"https:\/\/elmetropolitano.com.gt\/es\/wp-json\/wp\/v2\/categories?post=91722"},{"taxonomy":"post_tag","embeddable":true,"href":"https:\/\/elmetropolitano.com.gt\/es\/wp-json\/wp\/v2\/tags?post=91722"}],"curies":[{"name":"wp","href":"https:\/\/api.w.org\/{rel}","templated":true}]}}