{"id":91748,"date":"2024-11-07T15:37:04","date_gmt":"2024-11-07T21:37:04","guid":{"rendered":"https:\/\/elmetropolitano.com.gt\/es\/?p=91748"},"modified":"2024-11-07T15:37:05","modified_gmt":"2024-11-07T21:37:05","slug":"definen-acciones-conjuntas-para-combatir-el-gusano-barrenador","status":"publish","type":"post","link":"https:\/\/elmetropolitano.com.gt\/es\/definen-acciones-conjuntas-para-combatir-el-gusano-barrenador\/","title":{"rendered":"Definen acciones conjuntas para combatir el gusano barrenador"},"content":{"rendered":"\n<p>El m\u00e9dico veterinario Byron Thomae Estrada explic\u00f3 que son siete casos reportados de bovinos afectados por el gusano barrenador en el departamento de Izabal, los cuales se encuentran controlados por el personal del Ministerio de Agricultura, Ganader\u00eda y Alimentaci\u00f3n (MAGA).<\/p>\n\n\n\n<p>A decir de Thomae, quien tambi\u00e9n es coordinador del Programa de Sanidad Bovina (Prosabo) del MAGA, desde hace 30 a\u00f1os se inici\u00f3 una campa\u00f1a desde <a><\/a>Guatemala para toda Centroam\u00e9rica hasta Panam\u00e1 y lament\u00f3 que nuevamente en algunos pa\u00edses de la regi\u00f3n, a excepci\u00f3n de El Salvador, se volvieran a infestar con la mosca (Cochliomyia hominivorax) que provoca el gusano barrenador.<\/p><div class=\"elmet-contenido\" id=\"elmet-3898663641\"><div class=\"elmet-adlabel\">Anuncios<\/div><div style=\"margin-top: 20px;margin-right: 20px;margin-bottom: 20px;margin-left: 20px;\" id=\"elmet-1203914365\"><a href=\"https:\/\/www.facebook.com\/arrincuanantigua\/\" aria-label=\"cintillo-arrin-cual\"><img loading=\"lazy\" decoding=\"async\" src=\"https:\/\/elmetropolitano.com.gt\/es\/wp-content\/uploads\/2021\/11\/cintillo-arrin-cual-1.jpg\" alt=\"\"  srcset=\"https:\/\/elmetropolitano.com.gt\/es\/wp-content\/uploads\/2021\/11\/cintillo-arrin-cual-1.jpg 750w, https:\/\/elmetropolitano.com.gt\/es\/wp-content\/uploads\/2021\/11\/cintillo-arrin-cual-1-300x36.jpg 300w, https:\/\/elmetropolitano.com.gt\/es\/wp-content\/uploads\/2021\/11\/cintillo-arrin-cual-1-600x72.jpg 600w\" sizes=\"(max-width: 750px) 100vw, 750px\" width=\"750\" height=\"90\"   \/><\/a><\/div><\/div>\n\n\n\n<p>El MAGA, a trav\u00e9s de una hoja de ruta, contin\u00faa la articulaci\u00f3n de acciones interinstitucionales para evitar la propagaci\u00f3n del gusano barrenador del ganado para coordinar el estado de emergencia de sanidad animal en todo el territorio nacional.<\/p>\n\n\n\n<p>Primer caso en Izabal<\/p>\n\n\n\n<p>El pasado 25 de octubre se detect\u00f3 el primer caso en el departamento de Izabal, y a la fecha se han registrado 7 casos en bovinos infectados en ese mismo departamento, los cuales mantienen controlados con personal de campo del MAGA.<\/p>\n\n\n\n<p>Mantenemos una vigilancia activa en todos los departamentos y en especial los fronterizos con Honduras y El Salvador, con un monitoreo constante para detectar casos y as\u00ed evitar que se sigan expandiendo.<\/p>\n\n\n\n<p>El gusano barrenador es un parasito externo que puede permanecer como m\u00e1ximo seis d\u00edas en los animales de sangre caliente, luego cae al suelo y empieza otro ciclo, mientras en el animal la herida cicatriza y no hay ning\u00fan riesgo ni siquiera da\u00f1o neurol\u00f3gico, dijo Thomae Estrada.<\/p>\n\n\n\n<p>Medidas preventivas<\/p>\n\n\n\n<p>Asimismo, solicit\u00f3 a ganaderos y propietarios de animales de sangre caliente como bovinos, cabras, ovejas, caballos, cerdos, aves, gatos, perros, entre otros, que es importante revisar las heridas que presenten, ya que la mosca busca que exista sangre fresca para infectar la herida con sus huevecillos.<\/p>\n\n\n\n<p>No tenemos ning\u00fan caso registrado en humanos, sin embargo, es importante que en los lugares en donde se han detectado casos del gusano barrenador, la poblaci\u00f3n que tenga una herida con sangre deber\u00e1 mantener los principios de higiene y proteg\u00e9rsela para no ser infectado por la mosca.<\/p>\n\n\n\n<p>Aunque esta enfermedad no produce ning\u00fan tipo de s\u00edntoma en los humanos, explic\u00f3, en el caso de los animales, al no tratar la herida infectada provoca una inflamaci\u00f3n en el ombligo debido a la entrada de otras bacterias que provocar\u00e1n infecciones.<\/p>\n\n\n\n<p>Mantienen comunicaci\u00f3n interinstitucional<\/p>\n\n\n\n<p>Esta parasitosis es considerada una zoonosis (enfermedad infecciosa que se transmite de animales a humanos), por ello, el Ministerio de Salud P\u00fablica y Asistencia Social est\u00e1 previendo por l\u00f3gica que una persona pudiera resultar infectada y como medida de prevenci\u00f3n contar con sus respectivos protocolos para poder tratar a un posible infectado y evitar los casos en humanos.<\/p>\n\n\n\n<p>Tambi\u00e9n, el veterinario del MAGA solicit\u00f3 a la poblaci\u00f3n reportar cualquier posible caso al WhatsApp 3570-7727 que se encuentra disponible las 24 horas del d\u00eda o en las coordinaciones departamentales del MAGA. Texto: Estuardo Mart\u00ednez<\/p>\n\n\n\n<p><a href=\"https:\/\/www.facebook.com\/hashtag\/gusanobarrenador?__eep__=6&amp;__cft__[0]=AZWNHTk37KHv99kTJPeiR6w68Kz-yJic7iNMyrAHnlV2kRKJftYe0gTR-9u5Qi_zm-sAzZfRYTDrreFOYoBt_15l73THdciBuirc5ia5J_XAzuDPJS7lJk29NwufKnWlQxHCoJ4v-7V03075cNuy2qFVcnN1erIoA4fDUTMxph9VPVMQ-egi6Ar14B9JNDe5Pb4&amp;__tn__=*NK-R\">#gusanobarrenador<\/a><a href=\"https:\/\/www.facebook.com\/hashtag\/maga?__eep__=6&amp;__cft__[0]=AZWNHTk37KHv99kTJPeiR6w68Kz-yJic7iNMyrAHnlV2kRKJftYe0gTR-9u5Qi_zm-sAzZfRYTDrreFOYoBt_15l73THdciBuirc5ia5J_XAzuDPJS7lJk29NwufKnWlQxHCoJ4v-7V03075cNuy2qFVcnN1erIoA4fDUTMxph9VPVMQ-egi6Ar14B9JNDe5Pb4&amp;__tn__=*NK-R\">#Maga<\/a><a href=\"https:\/\/www.facebook.com\/hashtag\/elagrochapin?__eep__=6&amp;__cft__[0]=AZWNHTk37KHv99kTJPeiR6w68Kz-yJic7iNMyrAHnlV2kRKJftYe0gTR-9u5Qi_zm-sAzZfRYTDrreFOYoBt_15l73THdciBuirc5ia5J_XAzuDPJS7lJk29NwufKnWlQxHCoJ4v-7V03075cNuy2qFVcnN1erIoA4fDUTMxph9VPVMQ-egi6Ar14B9JNDe5Pb4&amp;__tn__=*NK-R\">#Elagrochapin<\/a><a href=\"https:\/\/www.facebook.com\/hashtag\/elmetropolitano?__eep__=6&amp;__cft__[0]=AZWNHTk37KHv99kTJPeiR6w68Kz-yJic7iNMyrAHnlV2kRKJftYe0gTR-9u5Qi_zm-sAzZfRYTDrreFOYoBt_15l73THdciBuirc5ia5J_XAzuDPJS7lJk29NwufKnWlQxHCoJ4v-7V03075cNuy2qFVcnN1erIoA4fDUTMxph9VPVMQ-egi6Ar14B9JNDe5Pb4&amp;__tn__=*NK-R\">#Elmetropolitano<\/a><\/p>\n\n\n\n<p><a href=\"https:\/\/l.facebook.com\/l.php?u=http%3A%2F%2FWww.metroredes.com%2F%3Ffbclid%3DIwZXh0bgNhZW0CMTAAAR2EtoJVyqypsqzf_LV1L5Zo6b_AoUXqCN1qOXPYlqBp4PHI1g0G8crgM2U_aem_-QjM4YpoTD84__wdDVYEEg&amp;h=AT3dmWNnWzNZsNlgt-cBdx85E2wk0op5jPOpa-719XVjobZRtBkRyf8HRhO4dy3EkdvVNG1ORHSO76-_LE3zq41OYS0HKuTKF21Mh8bPv29gr669hNDqSAftfS62FHYe0T4HWf2jMicsMyUZwXuB&amp;__tn__=-UK-R&amp;c[0]=AT1yOHSdVFk68myexL87IWI_WIkbIB8mdQ9-0frByx_0tpTw4VC_vBpng7EM2mF7mOfK1WX5CxwabVtJlKmKqBelvFcQdft2L0KM5vHdvxFSibJ2Hfim0Z4YRgitNL87PEhmRBm3_0qmw9M3dpRWnXx6K8eB_zUMngBVrVFNHJ6zI_UWe_Pklkf58rvejCk1A3IxYWzXiJr4QLbTWeFG8lA9qcc\" rel=\"noreferrer noopener\" target=\"_blank\">Www.metroredes.com<\/a><\/p>\n\n\n\n<p><a href=\"http:\/\/www.elmetropolitano.com.gt\/?fbclid=IwZXh0bgNhZW0CMTAAAR1wuu5GJhPCJZ2E8kFuo30yf27wPmSWxoDs4ksgxNdAPa_Dxy5un2xlvT4_aem_KsJ19GUUj_7yWPTTtb91Aw\" rel=\"noreferrer noopener\" target=\"_blank\">Www.elmetropolitano.com.gt<\/a><\/p>\n\n\n\n<p><a href=\"https:\/\/l.facebook.com\/l.php?u=http%3A%2F%2FWww.elescuintleco.com%2F%3Ffbclid%3DIwZXh0bgNhZW0CMTAAAR1wuu5GJhPCJZ2E8kFuo30yf27wPmSWxoDs4ksgxNdAPa_Dxy5un2xlvT4_aem_KsJ19GUUj_7yWPTTtb91Aw&amp;h=AT2kI-DXInBu3HtbKHrmhoYbSHimooOUc2Q1YXL135B_s3M6wiLns7__xH9KRCxnl5u_vtZ7YnIO3EJ2L3V9oUJYh_kClpOSWRZH8W4EtTt2VJEEYVDmlmsdrGXLFupL3jSAZePYx5ZaDhWFpV-X&amp;__tn__=-UK-R&amp;c[0]=AT1yOHSdVFk68myexL87IWI_WIkbIB8mdQ9-0frByx_0tpTw4VC_vBpng7EM2mF7mOfK1WX5CxwabVtJlKmKqBelvFcQdft2L0KM5vHdvxFSibJ2Hfim0Z4YRgitNL87PEhmRBm3_0qmw9M3dpRWnXx6K8eB_zUMngBVrVFNHJ6zI_UWe_Pklkf58rvejCk1A3IxYWzXiJr4QLbTWeFG8lA9qcc\" rel=\"noreferrer noopener\" target=\"_blank\">Www.elescuintleco.com<\/a><\/p>\n","protected":false},"excerpt":{"rendered":"<p>El m\u00e9dico veterinario Byron Thomae Estrada explic\u00f3 que son siete casos reportados de bovinos afectados por el gusano barrenador en el departamento de Izabal, los cuales se encuentran controlados por el personal del Ministerio de Agricultura, Ganader\u00eda y Alimentaci\u00f3n (MAGA). A decir de Thomae, quien tambi\u00e9n es coordinador del Programa de Sanidad Bovina (Prosabo) del <a class=\"read-more\" href=\"https:\/\/elmetropolitano.com.gt\/es\/definen-acciones-conjuntas-para-combatir-el-gusano-barrenador\/\">Leer m\u00e1s<\/a><\/p>\n","protected":false},"author":1,"featured_media":91749,"comment_status":"open","ping_status":"closed","sticky":false,"template":"","format":"standard","meta":{"footnotes":""},"categories":[2],"tags":[12],"class_list":["post-91748","post","type-post","status-publish","format-standard","has-post-thumbnail","hentry","category-nacionales","tag-nacionales"],"_links":{"self":[{"href":"https:\/\/elmetropolitano.com.gt\/es\/wp-json\/wp\/v2\/posts\/91748","targetHints":{"allow":["GET"]}}],"collection":[{"href":"https:\/\/elmetropolitano.com.gt\/es\/wp-json\/wp\/v2\/posts"}],"about":[{"href":"https:\/\/elmetropolitano.com.gt\/es\/wp-json\/wp\/v2\/types\/post"}],"author":[{"embeddable":true,"href":"https:\/\/elmetropolitano.com.gt\/es\/wp-json\/wp\/v2\/users\/1"}],"replies":[{"embeddable":true,"href":"https:\/\/elmetropolitano.com.gt\/es\/wp-json\/wp\/v2\/comments?post=91748"}],"version-history":[{"count":1,"href":"https:\/\/elmetropolitano.com.gt\/es\/wp-json\/wp\/v2\/posts\/91748\/revisions"}],"predecessor-version":[{"id":91750,"href":"https:\/\/elmetropolitano.com.gt\/es\/wp-json\/wp\/v2\/posts\/91748\/revisions\/91750"}],"wp:featuredmedia":[{"embeddable":true,"href":"https:\/\/elmetropolitano.com.gt\/es\/wp-json\/wp\/v2\/media\/91749"}],"wp:attachment":[{"href":"https:\/\/elmetropolitano.com.gt\/es\/wp-json\/wp\/v2\/media?parent=91748"}],"wp:term":[{"taxonomy":"category","embeddable":true,"href":"https:\/\/elmetropolitano.com.gt\/es\/wp-json\/wp\/v2\/categories?post=91748"},{"taxonomy":"post_tag","embeddable":true,"href":"https:\/\/elmetropolitano.com.gt\/es\/wp-json\/wp\/v2\/tags?post=91748"}],"curies":[{"name":"wp","href":"https:\/\/api.w.org\/{rel}","templated":true}]}}