{"id":91810,"date":"2024-11-08T10:43:52","date_gmt":"2024-11-08T16:43:52","guid":{"rendered":"https:\/\/elmetropolitano.com.gt\/es\/?p=91810"},"modified":"2024-11-08T10:43:53","modified_gmt":"2024-11-08T16:43:53","slug":"holcim-lanza-oficialmente-su-marca-en-guatemala-con-un-enfoque-en-soluciones-innovadoras-y-sostenibles-para-el-sector-de-la-construccion","status":"publish","type":"post","link":"https:\/\/elmetropolitano.com.gt\/es\/holcim-lanza-oficialmente-su-marca-en-guatemala-con-un-enfoque-en-soluciones-innovadoras-y-sostenibles-para-el-sector-de-la-construccion\/","title":{"rendered":"Holcim lanza oficialmente su marca en Guatemala con un enfoque en soluciones innovadoras y sostenibles para el sector de la construcci\u00f3n"},"content":{"rendered":"\n<p>Holcim, l\u00edder mundial en soluciones innovadoras y sostenibles para la construcci\u00f3n, present\u00f3 oficialmente su marca en Guatemala, reafirmando su compromiso con el desarrollo sostenible del pa\u00eds y con proyectos que mejoren la calidad de vida de sus habitantes.<\/p>\n\n\n\n<p>Este lanzamiento representa un paso significativo en el prop\u00f3sito global de Holcim de \u201cconstruir progreso para las personas y el planeta\u201d y refuerza su liderazgo en la transici\u00f3n hacia un futuro circular y sostenible.<\/p><div class=\"elmet-contenido\" id=\"elmet-46118983\"><div class=\"elmet-adlabel\">Anuncios<\/div><div style=\"margin-top: 20px;margin-right: 20px;margin-bottom: 20px;margin-left: 20px;\" id=\"elmet-4119220871\"><a href=\"https:\/\/www.facebook.com\/arrincuanantigua\/\" aria-label=\"cintillo-arrin-cual\"><img loading=\"lazy\" decoding=\"async\" src=\"https:\/\/elmetropolitano.com.gt\/es\/wp-content\/uploads\/2021\/11\/cintillo-arrin-cual-1.jpg\" alt=\"\"  srcset=\"https:\/\/elmetropolitano.com.gt\/es\/wp-content\/uploads\/2021\/11\/cintillo-arrin-cual-1.jpg 750w, https:\/\/elmetropolitano.com.gt\/es\/wp-content\/uploads\/2021\/11\/cintillo-arrin-cual-1-300x36.jpg 300w, https:\/\/elmetropolitano.com.gt\/es\/wp-content\/uploads\/2021\/11\/cintillo-arrin-cual-1-600x72.jpg 600w\" sizes=\"(max-width: 750px) 100vw, 750px\" width=\"750\" height=\"90\"   \/><\/a><\/div><\/div>\n\n\n\n<p>Como parte de su estrategia de expansi\u00f3n en Guatemala, Holcim anunci\u00f3 la pr\u00f3xima introducci\u00f3n de un portafolio diversificado de productos y soluciones dise\u00f1ados para promover la innovaci\u00f3n y sostenibilidad en el sector de la construcci\u00f3n, atendiendo las necesidades de un mercado en crecimiento y alineado con el desarrollo sostenible. De esta manera,&nbsp; la empresa busca consolidarse como un socio estrat\u00e9gico en proyectos de construcci\u00f3n en Guatemala<\/p>\n\n\n\n<p>El lanzamiento en Guatemala marca un hito en la historia de Holcim en Latinoam\u00e9rica reafirmando su compromiso con el crecimiento de la regi\u00f3n. Inspirada en el s\u00edmbolo del infinito, la identidad de Holcim refleja una propuesta integral con un firme compromiso hacia la construcci\u00f3n sostenible y una visi\u00f3n de econom\u00eda circular.<\/p>\n\n\n\n<p>Esta identidad representa la esencia de la compa\u00f1\u00eda, proyectando qui\u00e9n es hoy y hacia d\u00f3nde se dirige, con el objetivo de construir ciudades m\u00e1s verdes y desarrollar infraestructuras inteligentes que mejoren la calidad de vida de las personas en todo el mundo.<\/p>\n\n\n\n<p>Manuel Sirtori, CEO de Holcim Guatemala, destac\u00f3: \u201cHolcim llega a Guatemala con una visi\u00f3n de innovaci\u00f3n y sostenibilidad para transformar el sector de la construcci\u00f3n en el pa\u00eds.\u201d<\/p>\n\n\n\n<p>Agreg\u00f3 Sirtoni que \u201c Estamos orgullosos de lanzar nuestra marca y de la pr\u00f3xima introducci\u00f3n&nbsp; de nuestras soluciones al mercado guatemalteco. Nuestra experiencia global nos permite desarrollar un portafolio de alta calidad y establecer nuevos canales de servicio,&nbsp; de la mano de las ferreter\u00edas Disensa, que hoy cuenta con m\u00e1s de 2,000 tiendas en Latinoam\u00e9rica.\u201d<\/p>\n\n\n\n<p>Guatemala es un mercado estrat\u00e9gico para Holcim, tanto por su potencial de inversi\u00f3n como por las oportunidades de desarrollo de proyectos sostenibles que mejoren la calidad de vida de los guatemaltecos. Con este lanzamiento la compa\u00f1\u00eda reafirma su compromiso de contribuir activamente al crecimiento del pa\u00eds mediante la construcci\u00f3n de proyectos que impulsen su desarrollo econ\u00f3mico y social.<\/p>\n\n\n\n<p>Holcim es una empresa global de origen suizo que est\u00e1 presente en m\u00e1s de 60 pa\u00edses, y tiene una cartera de negocio diversificada en los segmentos de cemento, concreto premezclado, agregados y soluciones y productos con un balance equilibrado entre mercados maduros y en desarrollo, entre los que se incluyen Norteam\u00e9rica, Europa, Latinoam\u00e9rica, Asia, Medio Oriente y \u00c1frica. En 2023 reportaron 27.000 millones de francos suizos en ventas netas.<\/p>\n\n\n\n<p>En Latinoam\u00e9rica, Holcim tiene presencia en Argentina, Colombia, Costa Rica, Ecuador, El Salvador, Guatemala, Nicaragua, M\u00e9xico, Per\u00fa y Antillas Francesas.a trav\u00e9s de cuatro segmentos de negocio: Cemento, Concreto Premezclado, Agregados y Soluciones y Productos, y&nbsp; es la empresa detr\u00e1s de algunas de las marcas m\u00e1s confiables en el sector de la construcci\u00f3n, como Disensa, PASA, INDAR, Quimexur, Tensolite, Minerales y Agregados, Holcim Modular Solutions, Comacsa, Mixercon, Geocycle, entre otras.<\/p>\n\n\n\n<p>#construcion #Holcim #metroredes<\/p>\n\n\n\n<p>Www.elmetropolitano.com.gt<\/p>\n\n\n\n<p>Www.metroredes.com.gt<\/p>\n\n\n\n<figure class=\"wp-block-gallery has-nested-images columns-default is-cropped wp-block-gallery-1 is-layout-flex wp-block-gallery-is-layout-flex\">\n<figure class=\"wp-block-image size-large\"><img loading=\"lazy\" decoding=\"async\" width=\"1024\" height=\"683\" data-id=\"91812\" src=\"https:\/\/elmetropolitano.com.gt\/es\/wp-content\/uploads\/2024\/11\/465907774_1070665128392903_3847344126060907015_n-1024x683.jpg\" alt=\"\" class=\"wp-image-91812\" srcset=\"https:\/\/elmetropolitano.com.gt\/es\/wp-content\/uploads\/2024\/11\/465907774_1070665128392903_3847344126060907015_n-1024x683.jpg 1024w, https:\/\/elmetropolitano.com.gt\/es\/wp-content\/uploads\/2024\/11\/465907774_1070665128392903_3847344126060907015_n-300x200.jpg 300w, https:\/\/elmetropolitano.com.gt\/es\/wp-content\/uploads\/2024\/11\/465907774_1070665128392903_3847344126060907015_n-768x512.jpg 768w, https:\/\/elmetropolitano.com.gt\/es\/wp-content\/uploads\/2024\/11\/465907774_1070665128392903_3847344126060907015_n.jpg 1500w\" sizes=\"auto, (max-width: 1024px) 100vw, 1024px\" \/><\/figure>\n\n\n\n<figure class=\"wp-block-image size-large\"><img loading=\"lazy\" decoding=\"async\" width=\"1024\" height=\"683\" data-id=\"91813\" src=\"https:\/\/elmetropolitano.com.gt\/es\/wp-content\/uploads\/2024\/11\/466167880_1070665148392901_8470743361564318830_n-1024x683.jpg\" alt=\"\" class=\"wp-image-91813\" srcset=\"https:\/\/elmetropolitano.com.gt\/es\/wp-content\/uploads\/2024\/11\/466167880_1070665148392901_8470743361564318830_n-1024x683.jpg 1024w, https:\/\/elmetropolitano.com.gt\/es\/wp-content\/uploads\/2024\/11\/466167880_1070665148392901_8470743361564318830_n-300x200.jpg 300w, https:\/\/elmetropolitano.com.gt\/es\/wp-content\/uploads\/2024\/11\/466167880_1070665148392901_8470743361564318830_n-768x512.jpg 768w, https:\/\/elmetropolitano.com.gt\/es\/wp-content\/uploads\/2024\/11\/466167880_1070665148392901_8470743361564318830_n.jpg 1500w\" sizes=\"auto, (max-width: 1024px) 100vw, 1024px\" \/><\/figure>\n<\/figure>\n","protected":false},"excerpt":{"rendered":"<p>Holcim, l\u00edder mundial en soluciones innovadoras y sostenibles para la construcci\u00f3n, present\u00f3 oficialmente su marca en Guatemala, reafirmando su compromiso con el desarrollo sostenible del pa\u00eds y con proyectos que mejoren la calidad de vida de sus habitantes. Este lanzamiento representa un paso significativo en el prop\u00f3sito global de Holcim de \u201cconstruir progreso para las <a class=\"read-more\" href=\"https:\/\/elmetropolitano.com.gt\/es\/holcim-lanza-oficialmente-su-marca-en-guatemala-con-un-enfoque-en-soluciones-innovadoras-y-sostenibles-para-el-sector-de-la-construccion\/\">Leer m\u00e1s<\/a><\/p>\n","protected":false},"author":1,"featured_media":91811,"comment_status":"open","ping_status":"closed","sticky":false,"template":"","format":"standard","meta":{"footnotes":""},"categories":[31],"tags":[32],"class_list":["post-91810","post","type-post","status-publish","format-standard","has-post-thumbnail","hentry","category-metroimpulso","tag-metroimpulso"],"_links":{"self":[{"href":"https:\/\/elmetropolitano.com.gt\/es\/wp-json\/wp\/v2\/posts\/91810","targetHints":{"allow":["GET"]}}],"collection":[{"href":"https:\/\/elmetropolitano.com.gt\/es\/wp-json\/wp\/v2\/posts"}],"about":[{"href":"https:\/\/elmetropolitano.com.gt\/es\/wp-json\/wp\/v2\/types\/post"}],"author":[{"embeddable":true,"href":"https:\/\/elmetropolitano.com.gt\/es\/wp-json\/wp\/v2\/users\/1"}],"replies":[{"embeddable":true,"href":"https:\/\/elmetropolitano.com.gt\/es\/wp-json\/wp\/v2\/comments?post=91810"}],"version-history":[{"count":1,"href":"https:\/\/elmetropolitano.com.gt\/es\/wp-json\/wp\/v2\/posts\/91810\/revisions"}],"predecessor-version":[{"id":91814,"href":"https:\/\/elmetropolitano.com.gt\/es\/wp-json\/wp\/v2\/posts\/91810\/revisions\/91814"}],"wp:featuredmedia":[{"embeddable":true,"href":"https:\/\/elmetropolitano.com.gt\/es\/wp-json\/wp\/v2\/media\/91811"}],"wp:attachment":[{"href":"https:\/\/elmetropolitano.com.gt\/es\/wp-json\/wp\/v2\/media?parent=91810"}],"wp:term":[{"taxonomy":"category","embeddable":true,"href":"https:\/\/elmetropolitano.com.gt\/es\/wp-json\/wp\/v2\/categories?post=91810"},{"taxonomy":"post_tag","embeddable":true,"href":"https:\/\/elmetropolitano.com.gt\/es\/wp-json\/wp\/v2\/tags?post=91810"}],"curies":[{"name":"wp","href":"https:\/\/api.w.org\/{rel}","templated":true}]}}