{"id":91819,"date":"2024-11-08T13:16:09","date_gmt":"2024-11-08T19:16:09","guid":{"rendered":"https:\/\/elmetropolitano.com.gt\/es\/?p=91819"},"modified":"2024-11-08T13:16:10","modified_gmt":"2024-11-08T19:16:10","slug":"todos-convoca-a-asambleas-municipales-y-departamentales","status":"publish","type":"post","link":"https:\/\/elmetropolitano.com.gt\/es\/todos-convoca-a-asambleas-municipales-y-departamentales\/","title":{"rendered":"TODOS convoca a Asambleas Municipales y Departamentales"},"content":{"rendered":"\n<p>Desde el 20 de noviembre hasta el 30 de Marzo del Pr\u00f3ximo a\u00f1o el Partido Pol\u00edtico TODOS realizara asambleas municipales extraordinarias y departamentales ordinarias seg\u00fan la convocatoria efectuada este d\u00eda en el diario de Centro Am\u00e9rica por el Secretario General Emerson Gabriel Garc\u00eda Morales.<\/p>\n\n\n\n<p><a><\/a>Seg\u00fan la convocatoria del Partido que ante el Tribunal Supremo Electoral TSE tiene 30 mil afiliados, el prop\u00f3sito de las asambleas es completar los integrantes de los comit\u00e9s ejecutivos municipales y departamentales para que todo en orden y completar as\u00ed el periodo vigente restante seg\u00fan registros del TSE<\/p><div class=\"elmet-contenido\" id=\"elmet-2498125299\"><div class=\"elmet-adlabel\">Anuncios<\/div><div style=\"margin-top: 20px;margin-right: 20px;margin-bottom: 20px;margin-left: 20px;\" id=\"elmet-683457282\"><a href=\"https:\/\/www.facebook.com\/arrincuanantigua\/\" aria-label=\"cintillo-arrin-cual\"><img loading=\"lazy\" decoding=\"async\" src=\"https:\/\/elmetropolitano.com.gt\/es\/wp-content\/uploads\/2021\/11\/cintillo-arrin-cual-1.jpg\" alt=\"\"  srcset=\"https:\/\/elmetropolitano.com.gt\/es\/wp-content\/uploads\/2021\/11\/cintillo-arrin-cual-1.jpg 750w, https:\/\/elmetropolitano.com.gt\/es\/wp-content\/uploads\/2021\/11\/cintillo-arrin-cual-1-300x36.jpg 300w, https:\/\/elmetropolitano.com.gt\/es\/wp-content\/uploads\/2021\/11\/cintillo-arrin-cual-1-600x72.jpg 600w\" sizes=\"(max-width: 750px) 100vw, 750px\" width=\"750\" height=\"90\"   \/><\/a><\/div><\/div>\n\n\n\n<p>\u201cLo que se busca con estas asambleas es para que la organizaci\u00f3n estructural del partido en cada municipio y departamento este completa por algunos cargos que por diferentes motivos ya no est\u00e1n en los respectivos comit\u00e9s ejecutivos\u201d expreso Emerson Garc\u00eda<\/p>\n\n\n\n<p><a href=\"https:\/\/www.facebook.com\/hashtag\/politica?__eep__=6&amp;__cft__[0]=AZWOPe9dejtZYG3SbBc7xrPDLgBJsSaN3-giZY62yrWThQaMXFZAB65vS5aycKTOuUWP1C66wTVPhdc85bwg8bhf-NnewUrUo54QlhjYl-UTwLO5BGZ2hkCxm_R3Q7To-DEZbl-HDeZfipOnr0hnRUo5MptQsHNPJ23GdbB6xsck0PgAS8hg8OFfdCnZi2ddtvg&amp;__tn__=*NK-R\">#Politica<\/a><a href=\"https:\/\/www.facebook.com\/hashtag\/metroredes?__eep__=6&amp;__cft__[0]=AZWOPe9dejtZYG3SbBc7xrPDLgBJsSaN3-giZY62yrWThQaMXFZAB65vS5aycKTOuUWP1C66wTVPhdc85bwg8bhf-NnewUrUo54QlhjYl-UTwLO5BGZ2hkCxm_R3Q7To-DEZbl-HDeZfipOnr0hnRUo5MptQsHNPJ23GdbB6xsck0PgAS8hg8OFfdCnZi2ddtvg&amp;__tn__=*NK-R\">#Metroredes<\/a><a href=\"https:\/\/www.facebook.com\/hashtag\/partidotodos?__eep__=6&amp;__cft__[0]=AZWOPe9dejtZYG3SbBc7xrPDLgBJsSaN3-giZY62yrWThQaMXFZAB65vS5aycKTOuUWP1C66wTVPhdc85bwg8bhf-NnewUrUo54QlhjYl-UTwLO5BGZ2hkCxm_R3Q7To-DEZbl-HDeZfipOnr0hnRUo5MptQsHNPJ23GdbB6xsck0PgAS8hg8OFfdCnZi2ddtvg&amp;__tn__=*NK-R\">#PartidoTodos<\/a><a href=\"https:\/\/www.facebook.com\/hashtag\/tse?__eep__=6&amp;__cft__[0]=AZWOPe9dejtZYG3SbBc7xrPDLgBJsSaN3-giZY62yrWThQaMXFZAB65vS5aycKTOuUWP1C66wTVPhdc85bwg8bhf-NnewUrUo54QlhjYl-UTwLO5BGZ2hkCxm_R3Q7To-DEZbl-HDeZfipOnr0hnRUo5MptQsHNPJ23GdbB6xsck0PgAS8hg8OFfdCnZi2ddtvg&amp;__tn__=*NK-R\">#TSE<\/a><\/p>\n\n\n\n<p><\/p>\n","protected":false},"excerpt":{"rendered":"<p>Desde el 20 de noviembre hasta el 30 de Marzo del Pr\u00f3ximo a\u00f1o el Partido Pol\u00edtico TODOS realizara asambleas municipales extraordinarias y departamentales ordinarias seg\u00fan la convocatoria efectuada este d\u00eda en el diario de Centro Am\u00e9rica por el Secretario General Emerson Gabriel Garc\u00eda Morales. Seg\u00fan la convocatoria del Partido que ante el Tribunal Supremo Electoral <a class=\"read-more\" href=\"https:\/\/elmetropolitano.com.gt\/es\/todos-convoca-a-asambleas-municipales-y-departamentales\/\">Leer m\u00e1s<\/a><\/p>\n","protected":false},"author":1,"featured_media":91820,"comment_status":"open","ping_status":"closed","sticky":false,"template":"","format":"standard","meta":{"footnotes":""},"categories":[2],"tags":[12],"class_list":["post-91819","post","type-post","status-publish","format-standard","has-post-thumbnail","hentry","category-nacionales","tag-nacionales"],"_links":{"self":[{"href":"https:\/\/elmetropolitano.com.gt\/es\/wp-json\/wp\/v2\/posts\/91819","targetHints":{"allow":["GET"]}}],"collection":[{"href":"https:\/\/elmetropolitano.com.gt\/es\/wp-json\/wp\/v2\/posts"}],"about":[{"href":"https:\/\/elmetropolitano.com.gt\/es\/wp-json\/wp\/v2\/types\/post"}],"author":[{"embeddable":true,"href":"https:\/\/elmetropolitano.com.gt\/es\/wp-json\/wp\/v2\/users\/1"}],"replies":[{"embeddable":true,"href":"https:\/\/elmetropolitano.com.gt\/es\/wp-json\/wp\/v2\/comments?post=91819"}],"version-history":[{"count":1,"href":"https:\/\/elmetropolitano.com.gt\/es\/wp-json\/wp\/v2\/posts\/91819\/revisions"}],"predecessor-version":[{"id":91821,"href":"https:\/\/elmetropolitano.com.gt\/es\/wp-json\/wp\/v2\/posts\/91819\/revisions\/91821"}],"wp:featuredmedia":[{"embeddable":true,"href":"https:\/\/elmetropolitano.com.gt\/es\/wp-json\/wp\/v2\/media\/91820"}],"wp:attachment":[{"href":"https:\/\/elmetropolitano.com.gt\/es\/wp-json\/wp\/v2\/media?parent=91819"}],"wp:term":[{"taxonomy":"category","embeddable":true,"href":"https:\/\/elmetropolitano.com.gt\/es\/wp-json\/wp\/v2\/categories?post=91819"},{"taxonomy":"post_tag","embeddable":true,"href":"https:\/\/elmetropolitano.com.gt\/es\/wp-json\/wp\/v2\/tags?post=91819"}],"curies":[{"name":"wp","href":"https:\/\/api.w.org\/{rel}","templated":true}]}}