{"id":91828,"date":"2024-11-08T16:17:10","date_gmt":"2024-11-08T22:17:10","guid":{"rendered":"https:\/\/elmetropolitano.com.gt\/es\/?p=91828"},"modified":"2024-11-08T16:17:11","modified_gmt":"2024-11-08T22:17:11","slug":"intereses-corruptos-son-los-que-obstaculizan-la-labor-en-el-civ-por-eso-renuncio-dice-vice-ministro-alejandro-garcia","status":"publish","type":"post","link":"https:\/\/elmetropolitano.com.gt\/es\/intereses-corruptos-son-los-que-obstaculizan-la-labor-en-el-civ-por-eso-renuncio-dice-vice-ministro-alejandro-garcia\/","title":{"rendered":"Intereses corruptos son los que obstaculizan la labor en el CIV por eso renuncio dice vice ministro Alejandro Garc\u00eda"},"content":{"rendered":"\n<p>\u201cMi renuncia se debe a que pertenecer al ministerio de Infraestructura y Vivienda CIV podr\u00eda ser obst\u00e1culo del avance de los objetivos que la instituci\u00f3n y el gobierno se han propuesto, pero lamentablemente ha sido utilizada de manera inapropiada y se ha convertido en una caja chica de intereses corruptos\u201d, dijo el Viceministro Alejandro Garc\u00eda Rodr\u00edguez en un <a><\/a>comunicado dado a conocer en redes sociales.<\/p>\n\n\n\n<p>El ahora ex funcionario se\u00f1al\u00f3 que despu\u00e9s de una profunda reflexi\u00f3n decide hacerse a\u00fan lado despu\u00e9s de 5 meses de trabajo ininterrumpido, tiempo durante fue pr\u00e1cticamente estorbado por diputados del Congreso de la Rep\u00fablica con 82 citaciones, cargando de manera significativa su rendimiento, su estabilidad, su familia y su salud.<\/p><div class=\"elmet-contenido\" id=\"elmet-1564251392\"><div class=\"elmet-adlabel\">Anuncios<\/div><div style=\"margin-top: 20px;margin-right: 20px;margin-bottom: 20px;margin-left: 20px;\" id=\"elmet-921766947\"><a href=\"https:\/\/www.facebook.com\/arrincuanantigua\/\" aria-label=\"cintillo-arrin-cual\"><img loading=\"lazy\" decoding=\"async\" src=\"https:\/\/elmetropolitano.com.gt\/es\/wp-content\/uploads\/2021\/11\/cintillo-arrin-cual-1.jpg\" alt=\"\"  srcset=\"https:\/\/elmetropolitano.com.gt\/es\/wp-content\/uploads\/2021\/11\/cintillo-arrin-cual-1.jpg 750w, https:\/\/elmetropolitano.com.gt\/es\/wp-content\/uploads\/2021\/11\/cintillo-arrin-cual-1-300x36.jpg 300w, https:\/\/elmetropolitano.com.gt\/es\/wp-content\/uploads\/2021\/11\/cintillo-arrin-cual-1-600x72.jpg 600w\" sizes=\"(max-width: 750px) 100vw, 750px\" width=\"750\" height=\"90\"   \/><\/a><\/div><\/div>\n\n\n\n<p>A\u00f1ade que a pesar de los constantes intentos de manchar su imagen personal con rumores infundados y de los ataques sistem\u00e1ticos de aquellos que se resisten a perder los beneficios del ciclo de corrupci\u00f3n, se retira plenamente satisfecho con el trabajo realizado y agradece plenamente el esfuerzo del equipo que lo apoyo.<\/p>\n\n\n\n<p>El ex vice ministro expres\u00f3 adem\u00e1s que los recientes hechos, en particular el incidente vivido al salir del Congreso, lo llevaron a replantear seriamente su seguridad personal, aunque el sue\u00f1o de construir una Guatemala m\u00e1s justa sigue siendo su mayor inspiraci\u00f3n, pero debe anteponer la seguridad y el bienestar de su familia, especialmente la de sus hijos y no est\u00e1 dispuesto a convertirse en un m\u00e1rtir en este proceso.<\/p>\n\n\n\n<p>En el comunicado a\u00f1ade que la recuperaci\u00f3n de la institucionalidad es esencial para que el Estado funcione de manera eficiente y en beneficio de todos los guatemaltecos, en especial de aquellos que han sido hist\u00f3ricamente olvidados y desfavorecidos, dijo finalmente el ex funcionario.<\/p>\n\n\n\n<p>Texto: Mario Rolando Reyes<\/p>\n\n\n\n<p><a href=\"https:\/\/www.facebook.com\/hashtag\/metroredes?__eep__=6&amp;__cft__[0]=AZV9KUjdNemXcZ8452EVySA6yCvmdZwtlERqh_CNlKjAY6i4FuufhPhUMCieWt_hXUZqSMed5LsPb92pCYImPxyQ8wTrEXgGAW40HnXNyPab43tgil7LtjvzCXi9F4Fl1j6bIj-0t6tG-Ks9AU4K1NB8vtWs3XU9GiF8fnwEtqBnKYLbwi6wt_rOyiQlDo9jRug&amp;__tn__=*NK-R\">#metroredes<\/a><a href=\"https:\/\/www.facebook.com\/hashtag\/civ?__eep__=6&amp;__cft__[0]=AZV9KUjdNemXcZ8452EVySA6yCvmdZwtlERqh_CNlKjAY6i4FuufhPhUMCieWt_hXUZqSMed5LsPb92pCYImPxyQ8wTrEXgGAW40HnXNyPab43tgil7LtjvzCXi9F4Fl1j6bIj-0t6tG-Ks9AU4K1NB8vtWs3XU9GiF8fnwEtqBnKYLbwi6wt_rOyiQlDo9jRug&amp;__tn__=*NK-R\">#Civ<\/a>. <a href=\"https:\/\/www.facebook.com\/hashtag\/corrupcion?__eep__=6&amp;__cft__[0]=AZV9KUjdNemXcZ8452EVySA6yCvmdZwtlERqh_CNlKjAY6i4FuufhPhUMCieWt_hXUZqSMed5LsPb92pCYImPxyQ8wTrEXgGAW40HnXNyPab43tgil7LtjvzCXi9F4Fl1j6bIj-0t6tG-Ks9AU4K1NB8vtWs3XU9GiF8fnwEtqBnKYLbwi6wt_rOyiQlDo9jRug&amp;__tn__=*NK-R\">#Corrupcion<\/a><\/p>\n\n\n\n<figure class=\"wp-block-gallery has-nested-images columns-default is-cropped wp-block-gallery-1 is-layout-flex wp-block-gallery-is-layout-flex\">\n<figure class=\"wp-block-image size-large\"><img loading=\"lazy\" decoding=\"async\" width=\"1024\" height=\"868\" data-id=\"91830\" src=\"https:\/\/elmetropolitano.com.gt\/es\/wp-content\/uploads\/2024\/11\/465888646_1070877071705042_6234011306866579272_n-1-1024x868.jpg\" alt=\"\" class=\"wp-image-91830\" srcset=\"https:\/\/elmetropolitano.com.gt\/es\/wp-content\/uploads\/2024\/11\/465888646_1070877071705042_6234011306866579272_n-1-1024x868.jpg 1024w, https:\/\/elmetropolitano.com.gt\/es\/wp-content\/uploads\/2024\/11\/465888646_1070877071705042_6234011306866579272_n-1-300x254.jpg 300w, https:\/\/elmetropolitano.com.gt\/es\/wp-content\/uploads\/2024\/11\/465888646_1070877071705042_6234011306866579272_n-1-768x651.jpg 768w, https:\/\/elmetropolitano.com.gt\/es\/wp-content\/uploads\/2024\/11\/465888646_1070877071705042_6234011306866579272_n-1-1536x1303.jpg 1536w, https:\/\/elmetropolitano.com.gt\/es\/wp-content\/uploads\/2024\/11\/465888646_1070877071705042_6234011306866579272_n-1.jpg 1600w\" sizes=\"auto, (max-width: 1024px) 100vw, 1024px\" \/><\/figure>\n<\/figure>\n","protected":false},"excerpt":{"rendered":"<p>\u201cMi renuncia se debe a que pertenecer al ministerio de Infraestructura y Vivienda CIV podr\u00eda ser obst\u00e1culo del avance de los objetivos que la instituci\u00f3n y el gobierno se han propuesto, pero lamentablemente ha sido utilizada de manera inapropiada y se ha convertido en una caja chica de intereses corruptos\u201d, dijo el Viceministro Alejandro Garc\u00eda <a class=\"read-more\" href=\"https:\/\/elmetropolitano.com.gt\/es\/intereses-corruptos-son-los-que-obstaculizan-la-labor-en-el-civ-por-eso-renuncio-dice-vice-ministro-alejandro-garcia\/\">Leer m\u00e1s<\/a><\/p>\n","protected":false},"author":1,"featured_media":91829,"comment_status":"open","ping_status":"closed","sticky":false,"template":"","format":"standard","meta":{"footnotes":""},"categories":[2],"tags":[12],"class_list":["post-91828","post","type-post","status-publish","format-standard","has-post-thumbnail","hentry","category-nacionales","tag-nacionales"],"_links":{"self":[{"href":"https:\/\/elmetropolitano.com.gt\/es\/wp-json\/wp\/v2\/posts\/91828","targetHints":{"allow":["GET"]}}],"collection":[{"href":"https:\/\/elmetropolitano.com.gt\/es\/wp-json\/wp\/v2\/posts"}],"about":[{"href":"https:\/\/elmetropolitano.com.gt\/es\/wp-json\/wp\/v2\/types\/post"}],"author":[{"embeddable":true,"href":"https:\/\/elmetropolitano.com.gt\/es\/wp-json\/wp\/v2\/users\/1"}],"replies":[{"embeddable":true,"href":"https:\/\/elmetropolitano.com.gt\/es\/wp-json\/wp\/v2\/comments?post=91828"}],"version-history":[{"count":1,"href":"https:\/\/elmetropolitano.com.gt\/es\/wp-json\/wp\/v2\/posts\/91828\/revisions"}],"predecessor-version":[{"id":91831,"href":"https:\/\/elmetropolitano.com.gt\/es\/wp-json\/wp\/v2\/posts\/91828\/revisions\/91831"}],"wp:featuredmedia":[{"embeddable":true,"href":"https:\/\/elmetropolitano.com.gt\/es\/wp-json\/wp\/v2\/media\/91829"}],"wp:attachment":[{"href":"https:\/\/elmetropolitano.com.gt\/es\/wp-json\/wp\/v2\/media?parent=91828"}],"wp:term":[{"taxonomy":"category","embeddable":true,"href":"https:\/\/elmetropolitano.com.gt\/es\/wp-json\/wp\/v2\/categories?post=91828"},{"taxonomy":"post_tag","embeddable":true,"href":"https:\/\/elmetropolitano.com.gt\/es\/wp-json\/wp\/v2\/tags?post=91828"}],"curies":[{"name":"wp","href":"https:\/\/api.w.org\/{rel}","templated":true}]}}