{"id":91832,"date":"2024-11-08T16:19:10","date_gmt":"2024-11-08T22:19:10","guid":{"rendered":"https:\/\/elmetropolitano.com.gt\/es\/?p=91832"},"modified":"2024-11-08T16:19:11","modified_gmt":"2024-11-08T22:19:11","slug":"integro-se-posiciona-en-el-top10-de-las-mejores-empresas-para-jovenes-en-guatemala-en-el-ranking-employersforyouth","status":"publish","type":"post","link":"https:\/\/elmetropolitano.com.gt\/es\/integro-se-posiciona-en-el-top10-de-las-mejores-empresas-para-jovenes-en-guatemala-en-el-ranking-employersforyouth\/","title":{"rendered":"\u00cdNTEGRO se posiciona en el top10 de las mejores empresas para j\u00f3venes en Guatemala en el ranking EmployersforYouth"},"content":{"rendered":"\n<p>\u00cdNTEGRO ha sido reconocido en el prestigioso ranking EmployersforYouth (EFY) 2024, ocupando el 6\u00ba. lugar entre las mejores empresas para profesionales menores de 35 a\u00f1os en Guatemala. Este logro destaca el compromiso de la empresa con la creaci\u00f3n de un ambiente laboral inclusivo y motivador para el talento joven.<\/p>\n\n\n\n<p>El estudio EFY, elaborado por FirstJob, se ha <a><\/a>convertido en un referente en la regi\u00f3n para evaluar las mejores pr\u00e1cticas laborales destinadas a j\u00f3venes profesionales. En su quinto a\u00f1o consecutivo, el an\u00e1lisis incluy\u00f3 la participaci\u00f3n de m\u00e1s de 1600 j\u00f3venes de 16 empresas en Guatemala.<\/p><div class=\"elmet-contenido\" id=\"elmet-1670841203\"><div class=\"elmet-adlabel\">Anuncios<\/div><div style=\"margin-top: 20px;margin-right: 20px;margin-bottom: 20px;margin-left: 20px;\" id=\"elmet-2371302957\"><a href=\"https:\/\/www.facebook.com\/arrincuanantigua\/\" aria-label=\"cintillo-arrin-cual\"><img loading=\"lazy\" decoding=\"async\" src=\"https:\/\/elmetropolitano.com.gt\/es\/wp-content\/uploads\/2021\/11\/cintillo-arrin-cual-1.jpg\" alt=\"\"  srcset=\"https:\/\/elmetropolitano.com.gt\/es\/wp-content\/uploads\/2021\/11\/cintillo-arrin-cual-1.jpg 750w, https:\/\/elmetropolitano.com.gt\/es\/wp-content\/uploads\/2021\/11\/cintillo-arrin-cual-1-300x36.jpg 300w, https:\/\/elmetropolitano.com.gt\/es\/wp-content\/uploads\/2021\/11\/cintillo-arrin-cual-1-600x72.jpg 600w\" sizes=\"(max-width: 750px) 100vw, 750px\" width=\"750\" height=\"90\"   \/><\/a><\/div><\/div>\n\n\n\n<p>Los resultados revelan que las empresas mejor posicionadas destacan por ofrecer un entorno de trabajo que prioriza la estabilidad laboral, el aprendizaje y desarrollo continuo; y una alta calidad de vida para sus colaboradores.<\/p>\n\n\n\n<p>\u201cFormar parte de las mejores empresas para el talento joven en Guatemala es un claro testimonio de nuestro esfuerzo por crear un entorno laboral donde cada colaborador pueda aprender, crecer y desarrollarse. Este reconocimiento nos impulsa a seguir mejorando y a fomentar oportunidades de crecimiento profesional para nuestro equipo\u201d, expres\u00f3 Susana Le Sage, directora Servicios Compartidos de \u00cdNTEGRO.<\/p>\n\n\n\n<p>Este reconocimiento no solo posiciona a \u00cdNTEGRO como un referente en la gesti\u00f3n del talento joven, sino tambi\u00e9n como una marca empleadora competitiva en Guatemala y la regi\u00f3n .De esta manera, refuerza su estrategia de desarrollo con prop\u00f3sito, un pilar clave de la cultura organizacional de la empresa.<\/p>\n\n\n\n<p>Como parte de su visi\u00f3n a largo plazo, la compa\u00f1\u00eda ha implementado m\u00faltiples acciones para fomentar el crecimiento personal y profesional de sus colaboradores. Entre estas, destaca el Plan de Carrera, que permite a los colaboradores trazar metas profesionales claras y acceder a oportunidades de crecimiento dentro de la organizaci\u00f3n.<\/p>\n\n\n\n<p>Esta no es la primera vez que \u00cdNTEGRO obtiene posiciones destacadas en el ranking de EFY; en a\u00f1os anteriores, fue reconocida en la categor\u00eda de Talento Femenino a nivel centroamericano y alcanz\u00f3 un lugar destacado en el listado de profesionales menores de 35 a\u00f1os. Gracias a su s\u00f3lida cultura organizacional, hoy \u00cdNTEGRO se consolida como una de las 10 mejores empresas para j\u00f3venes profesionales en Guatemala, ocupando la sexta posici\u00f3n en el ranking 2024.<\/p>\n\n\n\n<p>\u201cNos enorgullece estar nuevamente en el ranking de EmployersForYouth, un reconocimiento que refleja nuestra dedicaci\u00f3n hacia el talento joven y su crecimiento dentro de la empresa. En \u00cdNTEGRO creemos que nuestro equipo es nuestro principal motor, y seguimos comprometidos con crear oportunidades que les permitan desarrollarse tanto personal como profesionalmente\u201d, coment\u00f3 Jorge Mario Figueroa, CEO de \u00cdNTEGRO.<\/p>\n\n\n\n<p>Su enfoque en la innovaci\u00f3n y la excelencia ha permitido que la empresa se consolide como un referente en el sector, destac\u00e1ndose por su cultura organizacional y su compromiso con el talento humano.<\/p>\n\n\n\n<p>Este reconocimiento impulsa a \u00cdNTEGRO a seguir trabajando en la construcci\u00f3n de un ambiente laboral que responda a las necesidades y expectativas de los j\u00f3venes profesionales en Guatemala, manteniendo su visi\u00f3n de desarrollo con prop\u00f3sito.<\/p>\n\n\n\n<p><a href=\"https:\/\/www.facebook.com\/hashtag\/integro?__eep__=6&amp;__cft__[0]=AZURnZFPUH4ANFsxKUKANrOVUt-jR0tYhkNUU-2DltSQ3CSVvg-4I0G9qLRppWkzTsoUD3Iw3Ix5TifLVIbIfAsS3_dfzT114Bv_IuZGFQMOsHSr84wso9_lh5QsfkfE_msi4Q0vikA4Bijf0dDSc0QhTutRI1JW5hgNDwsXzxH54vR9ag6dBuQ7Jri1QMVy724&amp;__tn__=*NK-R\">#integro<\/a><a href=\"https:\/\/www.facebook.com\/hashtag\/metroredes?__eep__=6&amp;__cft__[0]=AZURnZFPUH4ANFsxKUKANrOVUt-jR0tYhkNUU-2DltSQ3CSVvg-4I0G9qLRppWkzTsoUD3Iw3Ix5TifLVIbIfAsS3_dfzT114Bv_IuZGFQMOsHSr84wso9_lh5QsfkfE_msi4Q0vikA4Bijf0dDSc0QhTutRI1JW5hgNDwsXzxH54vR9ag6dBuQ7Jri1QMVy724&amp;__tn__=*NK-R\">#metroredes<\/a> <a href=\"http:\/\/www.elmetropolitano.com.gt\/?fbclid=IwZXh0bgNhZW0CMTAAAR14gWphQTmp2nELZ72TOHd3Uu8I36qyeaCu-aNuF3DOpLnPuy_nNC-ZHek_aem_NUYZQTEz0NJbh6o_Nl_xtw\" target=\"_blank\" rel=\"noreferrer noopener\">www.elmetropolitano.com.gt<\/a> <a href=\"http:\/\/www.metroredes.com\/?fbclid=IwZXh0bgNhZW0CMTAAAR0jIomCdsyXMvqiDP95cKx2jguUhHBWiByMUu-1esyIgJal7TQkuiwfebY_aem_3KdfBVxizea7KZG9-duocg\" target=\"_blank\" rel=\"noreferrer noopener\">www.metroredes.com<\/a> <a href=\"https:\/\/l.facebook.com\/l.php?u=http%3A%2F%2Fwww.elescuintleco.com%2F%3Ffbclid%3DIwZXh0bgNhZW0CMTAAAR14gWphQTmp2nELZ72TOHd3Uu8I36qyeaCu-aNuF3DOpLnPuy_nNC-ZHek_aem_NUYZQTEz0NJbh6o_Nl_xtw&amp;h=AT3FGQRY0hTrHysvoGyWTrm4QlnRakcUlaNoNfX9LOALYgjedwYlz0YJwduKAUS0BLS11pSyxZNHVCMcxjMuUg4KUMA6KOaQvOUcYPF7MYfGj4AATH9cNbxwGnwBric6HBDm&amp;__tn__=-UK-R&amp;c[0]=AT317FCe5ecNuAiuwFUpUTiFvAusbEJ8l5uPc9fV2KAkgd3g75ZKROMcUv8OLB0b70dBOH4ze_NsRtRdjol5wSdG3aNUFOv3QXETgJLl1EvdYV0ZDmnWy3JW91ILxiN3t-CoC_aYpq2iVPhXFXzSUNZbGPd94qrGV2qgqO69o-evp4bye76mTwz1f_mpvo4dAyMZbkPBqGhuh8z4oKAdaci7xc0\" target=\"_blank\" rel=\"noreferrer noopener\">www.elescuintleco.com<\/a><\/p>\n\n\n\n<figure class=\"wp-block-gallery has-nested-images columns-default is-cropped wp-block-gallery-1 is-layout-flex wp-block-gallery-is-layout-flex\">\n<figure class=\"wp-block-image size-large\"><img loading=\"lazy\" decoding=\"async\" width=\"1024\" height=\"683\" data-id=\"91836\" src=\"https:\/\/elmetropolitano.com.gt\/es\/wp-content\/uploads\/2024\/11\/466046166_1070906901702059_7616460642643646939_n-1024x683.jpg\" alt=\"\" class=\"wp-image-91836\" srcset=\"https:\/\/elmetropolitano.com.gt\/es\/wp-content\/uploads\/2024\/11\/466046166_1070906901702059_7616460642643646939_n-1024x683.jpg 1024w, https:\/\/elmetropolitano.com.gt\/es\/wp-content\/uploads\/2024\/11\/466046166_1070906901702059_7616460642643646939_n-300x200.jpg 300w, https:\/\/elmetropolitano.com.gt\/es\/wp-content\/uploads\/2024\/11\/466046166_1070906901702059_7616460642643646939_n-768x512.jpg 768w, https:\/\/elmetropolitano.com.gt\/es\/wp-content\/uploads\/2024\/11\/466046166_1070906901702059_7616460642643646939_n-1536x1025.jpg 1536w, https:\/\/elmetropolitano.com.gt\/es\/wp-content\/uploads\/2024\/11\/466046166_1070906901702059_7616460642643646939_n.jpg 2048w\" sizes=\"auto, (max-width: 1024px) 100vw, 1024px\" \/><\/figure>\n\n\n\n<figure class=\"wp-block-image size-large\"><img loading=\"lazy\" decoding=\"async\" width=\"1024\" height=\"683\" data-id=\"91835\" src=\"https:\/\/elmetropolitano.com.gt\/es\/wp-content\/uploads\/2024\/11\/466165878_1070906751702074_3947682999304107451_n-1024x683.jpg\" alt=\"\" class=\"wp-image-91835\" srcset=\"https:\/\/elmetropolitano.com.gt\/es\/wp-content\/uploads\/2024\/11\/466165878_1070906751702074_3947682999304107451_n-1024x683.jpg 1024w, https:\/\/elmetropolitano.com.gt\/es\/wp-content\/uploads\/2024\/11\/466165878_1070906751702074_3947682999304107451_n-300x200.jpg 300w, https:\/\/elmetropolitano.com.gt\/es\/wp-content\/uploads\/2024\/11\/466165878_1070906751702074_3947682999304107451_n-768x512.jpg 768w, https:\/\/elmetropolitano.com.gt\/es\/wp-content\/uploads\/2024\/11\/466165878_1070906751702074_3947682999304107451_n-1536x1024.jpg 1536w, https:\/\/elmetropolitano.com.gt\/es\/wp-content\/uploads\/2024\/11\/466165878_1070906751702074_3947682999304107451_n.jpg 2048w\" sizes=\"auto, (max-width: 1024px) 100vw, 1024px\" \/><\/figure>\n<\/figure>\n","protected":false},"excerpt":{"rendered":"<p>\u00cdNTEGRO ha sido reconocido en el prestigioso ranking EmployersforYouth (EFY) 2024, ocupando el 6\u00ba. lugar entre las mejores empresas para profesionales menores de 35 a\u00f1os en Guatemala. Este logro destaca el compromiso de la empresa con la creaci\u00f3n de un ambiente laboral inclusivo y motivador para el talento joven. El estudio EFY, elaborado por FirstJob, <a class=\"read-more\" href=\"https:\/\/elmetropolitano.com.gt\/es\/integro-se-posiciona-en-el-top10-de-las-mejores-empresas-para-jovenes-en-guatemala-en-el-ranking-employersforyouth\/\">Leer m\u00e1s<\/a><\/p>\n","protected":false},"author":1,"featured_media":91833,"comment_status":"open","ping_status":"closed","sticky":false,"template":"","format":"standard","meta":{"footnotes":""},"categories":[31],"tags":[32],"class_list":["post-91832","post","type-post","status-publish","format-standard","has-post-thumbnail","hentry","category-metroimpulso","tag-metroimpulso"],"_links":{"self":[{"href":"https:\/\/elmetropolitano.com.gt\/es\/wp-json\/wp\/v2\/posts\/91832","targetHints":{"allow":["GET"]}}],"collection":[{"href":"https:\/\/elmetropolitano.com.gt\/es\/wp-json\/wp\/v2\/posts"}],"about":[{"href":"https:\/\/elmetropolitano.com.gt\/es\/wp-json\/wp\/v2\/types\/post"}],"author":[{"embeddable":true,"href":"https:\/\/elmetropolitano.com.gt\/es\/wp-json\/wp\/v2\/users\/1"}],"replies":[{"embeddable":true,"href":"https:\/\/elmetropolitano.com.gt\/es\/wp-json\/wp\/v2\/comments?post=91832"}],"version-history":[{"count":1,"href":"https:\/\/elmetropolitano.com.gt\/es\/wp-json\/wp\/v2\/posts\/91832\/revisions"}],"predecessor-version":[{"id":91837,"href":"https:\/\/elmetropolitano.com.gt\/es\/wp-json\/wp\/v2\/posts\/91832\/revisions\/91837"}],"wp:featuredmedia":[{"embeddable":true,"href":"https:\/\/elmetropolitano.com.gt\/es\/wp-json\/wp\/v2\/media\/91833"}],"wp:attachment":[{"href":"https:\/\/elmetropolitano.com.gt\/es\/wp-json\/wp\/v2\/media?parent=91832"}],"wp:term":[{"taxonomy":"category","embeddable":true,"href":"https:\/\/elmetropolitano.com.gt\/es\/wp-json\/wp\/v2\/categories?post=91832"},{"taxonomy":"post_tag","embeddable":true,"href":"https:\/\/elmetropolitano.com.gt\/es\/wp-json\/wp\/v2\/tags?post=91832"}],"curies":[{"name":"wp","href":"https:\/\/api.w.org\/{rel}","templated":true}]}}