{"id":91872,"date":"2024-11-09T09:46:04","date_gmt":"2024-11-09T15:46:04","guid":{"rendered":"https:\/\/elmetropolitano.com.gt\/es\/?p=91872"},"modified":"2024-11-09T09:46:05","modified_gmt":"2024-11-09T15:46:05","slug":"una-noche-en-el-museo-la-historia-y-el-arte-se-fusionan-bajo-las-estrellas","status":"publish","type":"post","link":"https:\/\/elmetropolitano.com.gt\/es\/una-noche-en-el-museo-la-historia-y-el-arte-se-fusionan-bajo-las-estrellas\/","title":{"rendered":"Una Noche en el Museo: la historia y el arte se fusionan bajo las estrellas"},"content":{"rendered":"\n<p>Miles de guatemaltecos vivieron una experiencia \u00fanica en la Noche de los Museos, recorriendo 32 museos que revelaron la historia y cultura de Guatemala bajo el cielo estrellado.<\/p>\n\n\n\n<p>La Noche de los Museos congreg\u00f3 a miles de personas que llenaron de vida y emoci\u00f3n los 32 museos participantes en toda la ciudad.<\/p><div class=\"elmet-contenido\" id=\"elmet-621506234\"><div class=\"elmet-adlabel\">Anuncios<\/div><div style=\"margin-top: 20px;margin-right: 20px;margin-bottom: 20px;margin-left: 20px;\" id=\"elmet-2596219168\"><a href=\"https:\/\/www.facebook.com\/arrincuanantigua\/\" aria-label=\"cintillo-arrin-cual\"><img loading=\"lazy\" decoding=\"async\" src=\"https:\/\/elmetropolitano.com.gt\/es\/wp-content\/uploads\/2021\/11\/cintillo-arrin-cual-1.jpg\" alt=\"\"  srcset=\"https:\/\/elmetropolitano.com.gt\/es\/wp-content\/uploads\/2021\/11\/cintillo-arrin-cual-1.jpg 750w, https:\/\/elmetropolitano.com.gt\/es\/wp-content\/uploads\/2021\/11\/cintillo-arrin-cual-1-300x36.jpg 300w, https:\/\/elmetropolitano.com.gt\/es\/wp-content\/uploads\/2021\/11\/cintillo-arrin-cual-1-600x72.jpg 600w\" sizes=\"(max-width: 750px) 100vw, 750px\" width=\"750\" height=\"90\"   \/><\/a><\/div><\/div>\n\n\n\n<p>Desde familias hasta estudiantes y curiosos, los visitantes aprovecharon la ocasi\u00f3n para disfrutar de la cultura guatemalteca en un horario especial, explorando cada rinc\u00f3n que albergaba un fragmento de la historia de su pa\u00eds. La asistencia masiva fue un reflejo del inter\u00e9s creciente por redescubrir el Patrimonio Nacional.<\/p>\n\n\n\n<p>Durante los recorridos, los asistentes se sumergieron en las diferentes \u00e9pocas de Guatemala, desde las antiguas civilizaciones mayas hasta momentos cruciales de la historia moderna.<\/p>\n\n\n\n<p>Los museos ofrecieron exposiciones que destacaron los valores, tradiciones y retos del pa\u00eds, mientras expertos y gu\u00edas compart\u00edan an\u00e9cdotas y detalles hist\u00f3ricos que cautivaron a j\u00f3venes y adultos. Para muchos, esta noche fue una oportunidad para apreciar la diversidad cultural y reafirmar el orgullo de ser guatemaltecos.<\/p>\n\n\n\n<p>La magia de la noche, combinada con la iluminaci\u00f3n especial de los museos y las actividades interactivas, convirti\u00f3 esta velada en una experiencia inolvidable. La Noche de los Museos no solo acerc\u00f3 a los guatemaltecos a su pasado, sino que tambi\u00e9n inspir\u00f3 un sentido de pertenencia y uni\u00f3n cultural, logrando que cada visitante se sintiera parte de una herencia compartida que sigue viva en cada rinc\u00f3n del pa\u00eds.<\/p>\n\n\n\n<p>Texto: Josue David Acevedo Rivas<\/p>\n\n\n\n<p><a href=\"https:\/\/www.facebook.com\/hashtag\/nochedelosmuseos?__eep__=6&amp;__cft__[0]=AZUuqjcxWNmqtARkEgwNmK5xAnGLPHRLCm9KJul5OmWu3JBRqcOxATPaBKWo1d_2uDqrHNf7GvjGvZ4A7YawpoeKq1Gxh2NVeihGea1OqV-Eek-wb4wJfe9JQD46tX6sAMTxopTcwU7e3vfFKe5qVzw3erhFjNpIlH5H35PNBhxiuwI6rEELiZp_i-rN9cdtQs0&amp;__tn__=*NK-R\">#NocheDeLosMuseos<\/a><a href=\"https:\/\/www.facebook.com\/hashtag\/metroredes?__eep__=6&amp;__cft__[0]=AZUuqjcxWNmqtARkEgwNmK5xAnGLPHRLCm9KJul5OmWu3JBRqcOxATPaBKWo1d_2uDqrHNf7GvjGvZ4A7YawpoeKq1Gxh2NVeihGea1OqV-Eek-wb4wJfe9JQD46tX6sAMTxopTcwU7e3vfFKe5qVzw3erhFjNpIlH5H35PNBhxiuwI6rEELiZp_i-rN9cdtQs0&amp;__tn__=*NK-R\">#metroredes<\/a><\/p>\n\n\n\n<figure class=\"wp-block-gallery has-nested-images columns-default is-cropped wp-block-gallery-1 is-layout-flex wp-block-gallery-is-layout-flex\">\n<figure class=\"wp-block-image size-large\"><img loading=\"lazy\" decoding=\"async\" width=\"748\" height=\"446\" data-id=\"91877\" src=\"https:\/\/elmetropolitano.com.gt\/es\/wp-content\/uploads\/2024\/11\/465005427_1071112581681491_1737545418625217415_n.jpg\" alt=\"\" class=\"wp-image-91877\" srcset=\"https:\/\/elmetropolitano.com.gt\/es\/wp-content\/uploads\/2024\/11\/465005427_1071112581681491_1737545418625217415_n.jpg 748w, https:\/\/elmetropolitano.com.gt\/es\/wp-content\/uploads\/2024\/11\/465005427_1071112581681491_1737545418625217415_n-300x179.jpg 300w\" sizes=\"auto, (max-width: 748px) 100vw, 748px\" \/><\/figure>\n\n\n\n<figure class=\"wp-block-image size-large\"><img loading=\"lazy\" decoding=\"async\" width=\"742\" height=\"401\" data-id=\"91875\" src=\"https:\/\/elmetropolitano.com.gt\/es\/wp-content\/uploads\/2024\/11\/465029373_1071112895014793_4463581782453371682_n.jpg\" alt=\"\" class=\"wp-image-91875\" srcset=\"https:\/\/elmetropolitano.com.gt\/es\/wp-content\/uploads\/2024\/11\/465029373_1071112895014793_4463581782453371682_n.jpg 742w, https:\/\/elmetropolitano.com.gt\/es\/wp-content\/uploads\/2024\/11\/465029373_1071112895014793_4463581782453371682_n-300x162.jpg 300w\" sizes=\"auto, (max-width: 742px) 100vw, 742px\" \/><\/figure>\n\n\n\n<figure class=\"wp-block-image size-large\"><img loading=\"lazy\" decoding=\"async\" width=\"739\" height=\"408\" data-id=\"91874\" src=\"https:\/\/elmetropolitano.com.gt\/es\/wp-content\/uploads\/2024\/11\/465061690_1071112491681500_3966440400928521957_n-1.jpg\" alt=\"\" class=\"wp-image-91874\" srcset=\"https:\/\/elmetropolitano.com.gt\/es\/wp-content\/uploads\/2024\/11\/465061690_1071112491681500_3966440400928521957_n-1.jpg 739w, https:\/\/elmetropolitano.com.gt\/es\/wp-content\/uploads\/2024\/11\/465061690_1071112491681500_3966440400928521957_n-1-300x166.jpg 300w\" sizes=\"auto, (max-width: 739px) 100vw, 739px\" \/><\/figure>\n\n\n\n<figure class=\"wp-block-image size-large\"><img loading=\"lazy\" decoding=\"async\" width=\"736\" height=\"440\" data-id=\"91876\" src=\"https:\/\/elmetropolitano.com.gt\/es\/wp-content\/uploads\/2024\/11\/465378386_1071112855014797_2911001762091961082_n.jpg\" alt=\"\" class=\"wp-image-91876\" srcset=\"https:\/\/elmetropolitano.com.gt\/es\/wp-content\/uploads\/2024\/11\/465378386_1071112855014797_2911001762091961082_n.jpg 736w, https:\/\/elmetropolitano.com.gt\/es\/wp-content\/uploads\/2024\/11\/465378386_1071112855014797_2911001762091961082_n-300x179.jpg 300w\" sizes=\"auto, (max-width: 736px) 100vw, 736px\" \/><\/figure>\n\n\n\n<figure class=\"wp-block-image size-large\"><img loading=\"lazy\" decoding=\"async\" width=\"737\" height=\"392\" data-id=\"91878\" src=\"https:\/\/elmetropolitano.com.gt\/es\/wp-content\/uploads\/2024\/11\/465571103_1071112635014819_3431080438667660128_n.jpg\" alt=\"\" class=\"wp-image-91878\" srcset=\"https:\/\/elmetropolitano.com.gt\/es\/wp-content\/uploads\/2024\/11\/465571103_1071112635014819_3431080438667660128_n.jpg 737w, https:\/\/elmetropolitano.com.gt\/es\/wp-content\/uploads\/2024\/11\/465571103_1071112635014819_3431080438667660128_n-300x160.jpg 300w\" sizes=\"auto, (max-width: 737px) 100vw, 737px\" \/><\/figure>\n\n\n\n<figure class=\"wp-block-image size-large\"><img loading=\"lazy\" decoding=\"async\" width=\"726\" height=\"417\" data-id=\"91879\" src=\"https:\/\/elmetropolitano.com.gt\/es\/wp-content\/uploads\/2024\/11\/465732186_1071112761681473_5541356724352696877_n.jpg\" alt=\"\" class=\"wp-image-91879\" srcset=\"https:\/\/elmetropolitano.com.gt\/es\/wp-content\/uploads\/2024\/11\/465732186_1071112761681473_5541356724352696877_n.jpg 726w, https:\/\/elmetropolitano.com.gt\/es\/wp-content\/uploads\/2024\/11\/465732186_1071112761681473_5541356724352696877_n-300x172.jpg 300w\" sizes=\"auto, (max-width: 726px) 100vw, 726px\" \/><\/figure>\n<\/figure>\n","protected":false},"excerpt":{"rendered":"<p>Miles de guatemaltecos vivieron una experiencia \u00fanica en la Noche de los Museos, recorriendo 32 museos que revelaron la historia y cultura de Guatemala bajo el cielo estrellado. La Noche de los Museos congreg\u00f3 a miles de personas que llenaron de vida y emoci\u00f3n los 32 museos participantes en toda la ciudad. Desde familias hasta <a class=\"read-more\" href=\"https:\/\/elmetropolitano.com.gt\/es\/una-noche-en-el-museo-la-historia-y-el-arte-se-fusionan-bajo-las-estrellas\/\">Leer m\u00e1s<\/a><\/p>\n","protected":false},"author":1,"featured_media":91873,"comment_status":"open","ping_status":"closed","sticky":false,"template":"","format":"standard","meta":{"footnotes":""},"categories":[29],"tags":[30],"class_list":["post-91872","post","type-post","status-publish","format-standard","has-post-thumbnail","hentry","category-culturales","tag-culturales"],"_links":{"self":[{"href":"https:\/\/elmetropolitano.com.gt\/es\/wp-json\/wp\/v2\/posts\/91872","targetHints":{"allow":["GET"]}}],"collection":[{"href":"https:\/\/elmetropolitano.com.gt\/es\/wp-json\/wp\/v2\/posts"}],"about":[{"href":"https:\/\/elmetropolitano.com.gt\/es\/wp-json\/wp\/v2\/types\/post"}],"author":[{"embeddable":true,"href":"https:\/\/elmetropolitano.com.gt\/es\/wp-json\/wp\/v2\/users\/1"}],"replies":[{"embeddable":true,"href":"https:\/\/elmetropolitano.com.gt\/es\/wp-json\/wp\/v2\/comments?post=91872"}],"version-history":[{"count":1,"href":"https:\/\/elmetropolitano.com.gt\/es\/wp-json\/wp\/v2\/posts\/91872\/revisions"}],"predecessor-version":[{"id":91880,"href":"https:\/\/elmetropolitano.com.gt\/es\/wp-json\/wp\/v2\/posts\/91872\/revisions\/91880"}],"wp:featuredmedia":[{"embeddable":true,"href":"https:\/\/elmetropolitano.com.gt\/es\/wp-json\/wp\/v2\/media\/91873"}],"wp:attachment":[{"href":"https:\/\/elmetropolitano.com.gt\/es\/wp-json\/wp\/v2\/media?parent=91872"}],"wp:term":[{"taxonomy":"category","embeddable":true,"href":"https:\/\/elmetropolitano.com.gt\/es\/wp-json\/wp\/v2\/categories?post=91872"},{"taxonomy":"post_tag","embeddable":true,"href":"https:\/\/elmetropolitano.com.gt\/es\/wp-json\/wp\/v2\/tags?post=91872"}],"curies":[{"name":"wp","href":"https:\/\/api.w.org\/{rel}","templated":true}]}}