{"id":91916,"date":"2024-11-10T17:00:37","date_gmt":"2024-11-10T23:00:37","guid":{"rendered":"https:\/\/elmetropolitano.com.gt\/es\/?p=91916"},"modified":"2024-11-10T17:00:37","modified_gmt":"2024-11-10T23:00:37","slug":"vicepresidenta-herrera-inaugura-feria-que-fomenta-la-migracion-regular","status":"publish","type":"post","link":"https:\/\/elmetropolitano.com.gt\/es\/vicepresidenta-herrera-inaugura-feria-que-fomenta-la-migracion-regular\/","title":{"rendered":"Vicepresidenta Herrera inaugura feria que fomenta la migraci\u00f3n regular"},"content":{"rendered":"\n<p>Se llev\u00f3 a cabo la inauguraci\u00f3n de la Expo-Cap en la sexta avenida de la zona 1 capitalina, una feria desarrollada por el Consejo de Atenci\u00f3n y Proteci\u00f3n (Cap) para el fomento de la migraci\u00f3n regular.<\/p>\n\n\n\n<p>En un acto oficial, la vicepresidenta de la Rep\u00fablica, Karin Herrera, junto al director del Instituto Guatemalteco de Migraci\u00f3n (IGM), Alfredo Danilo Rivera, dio inicio a esta feria informativa en la que participan 16 instituciones las cuales buscan asesorar a la poblaci\u00f3n en temas migratorios.<\/p><div class=\"elmet-contenido\" id=\"elmet-1369943205\"><div class=\"elmet-adlabel\">Anuncios<\/div><div style=\"margin-top: 20px;margin-right: 20px;margin-bottom: 20px;margin-left: 20px;\" id=\"elmet-3359602671\"><a href=\"https:\/\/www.facebook.com\/arrincuanantigua\/\" aria-label=\"cintillo-arrin-cual\"><img loading=\"lazy\" decoding=\"async\" src=\"https:\/\/elmetropolitano.com.gt\/es\/wp-content\/uploads\/2021\/11\/cintillo-arrin-cual-1.jpg\" alt=\"\"  srcset=\"https:\/\/elmetropolitano.com.gt\/es\/wp-content\/uploads\/2021\/11\/cintillo-arrin-cual-1.jpg 750w, https:\/\/elmetropolitano.com.gt\/es\/wp-content\/uploads\/2021\/11\/cintillo-arrin-cual-1-300x36.jpg 300w, https:\/\/elmetropolitano.com.gt\/es\/wp-content\/uploads\/2021\/11\/cintillo-arrin-cual-1-600x72.jpg 600w\" sizes=\"(max-width: 750px) 100vw, 750px\" width=\"750\" height=\"90\"   \/><\/a><\/div><\/div>\n\n\n\n<p>La Expo Cap se lleva a cabo como complemento de la campa\u00f1a Que el Sue\u00f1o de&nbsp; Migrar no se Convierta en Pesadilla, la cual promueve la migraci\u00f3n regular, ordenada y segura.<\/p>\n\n\n\n<p>Es por ello, que distintas entidades se reunieron frente al Palacio de Gobernaci\u00f3n para concientizar a la poblaci\u00f3n guatemalteca sobre los riesgos e la migraci\u00f3n irregular, adem\u00e1s, para contar las distintas alternativas para viajar al exterior de manera legal y sin afectar su integridad.<\/p>\n\n\n\n<p>Durante el d\u00eda, personal de las instituciones participantes brindar\u00e1n detalles a los ciudadanos que transitan sobre la sexta avenida. Adem\u00e1s, se brindar\u00e1n servicios como informaci\u00f3n sobre el tr\u00e1mite de pasaportes, certificaciones de arraigos en l\u00ednea, recepci\u00f3n de reportes sobre migrantes desaparecidos, entre otros.<\/p>\n\n\n\n<p>El director del IGM aprovech\u00f3 el espacio para hacer el llamado a la poblaci\u00f3n a acercarse y conocer las distintas opciones que se ofrecen para que puedan viajar de forma regular.<\/p>\n\n\n\n<p>Un Gobierno conciente<\/p>\n\n\n\n<p>La vicepresidenta Herrera dijo en su discurso que su administraci\u00f3n es consiente de los desaf\u00edos existentes y que se preocupa por los guatemaltecos que viajan de manera irregular por lo que el mayor anhelo es poner en marcha acciones que detengan este fen\u00f3meno.<\/p>\n\n\n\n<p>De esa cuenta, mencion\u00f3 que el compromiso se centra en proteger la dignidad de cada migrante guatemalteco y es por ello que suman esfuerzos para dar paso a la primera pol\u00edtica que sea implementada con efectividad.<\/p>\n\n\n\n<p>En el mensaje se\u00f1alo que si bien se busca velar por los migrantes guatemaltecos, la principal apuesta es evitar que lo sean, es decir, crear oportunidades en Guatemala para que las personas no vean la necesidad de buscarlas en otro pa\u00eds, alejados de sus familias y su tierra.<\/p>\n\n\n\n<p>La Vicepresidenta se\u00f1ala que actualmente existen diversas opciones y herramientas para que la poblaci\u00f3n pueda transitar de manera regular, por lo que oportunidades como la Expo-Cap son importantes para socializar estas medidas.<\/p>\n\n\n\n<p>Est\u00e9n seguros que para nosotros es prioridad que cuenten con la informaci\u00f3n necesaria sobre el trabajo,&nbsp; por y para ustedes, para brindarles la atenci\u00f3n que merecen.<\/p>\n\n\n\n<p>Texto Yuliza Mu\u00f1oz<\/p>\n\n\n\n<p>#migraciongt #metroredes<\/p>\n\n\n\n<figure class=\"wp-block-gallery has-nested-images columns-default is-cropped wp-block-gallery-1 is-layout-flex wp-block-gallery-is-layout-flex\">\n<figure class=\"wp-block-image size-large\"><img loading=\"lazy\" decoding=\"async\" width=\"350\" height=\"350\" data-id=\"91918\" src=\"https:\/\/elmetropolitano.com.gt\/es\/wp-content\/uploads\/2024\/11\/466079707_1072321171560632_4366775860935519968_n.jpg\" alt=\"\" class=\"wp-image-91918\" srcset=\"https:\/\/elmetropolitano.com.gt\/es\/wp-content\/uploads\/2024\/11\/466079707_1072321171560632_4366775860935519968_n.jpg 350w, https:\/\/elmetropolitano.com.gt\/es\/wp-content\/uploads\/2024\/11\/466079707_1072321171560632_4366775860935519968_n-300x300.jpg 300w, https:\/\/elmetropolitano.com.gt\/es\/wp-content\/uploads\/2024\/11\/466079707_1072321171560632_4366775860935519968_n-150x150.jpg 150w\" sizes=\"auto, (max-width: 350px) 100vw, 350px\" \/><\/figure>\n\n\n\n<figure class=\"wp-block-image size-large\"><img loading=\"lazy\" decoding=\"async\" width=\"350\" height=\"350\" data-id=\"91919\" src=\"https:\/\/elmetropolitano.com.gt\/es\/wp-content\/uploads\/2024\/11\/466165850_1072321241560625_4789118660264965718_n.jpg\" alt=\"\" class=\"wp-image-91919\" srcset=\"https:\/\/elmetropolitano.com.gt\/es\/wp-content\/uploads\/2024\/11\/466165850_1072321241560625_4789118660264965718_n.jpg 350w, https:\/\/elmetropolitano.com.gt\/es\/wp-content\/uploads\/2024\/11\/466165850_1072321241560625_4789118660264965718_n-300x300.jpg 300w, https:\/\/elmetropolitano.com.gt\/es\/wp-content\/uploads\/2024\/11\/466165850_1072321241560625_4789118660264965718_n-150x150.jpg 150w\" sizes=\"auto, (max-width: 350px) 100vw, 350px\" \/><\/figure>\n\n\n\n<figure class=\"wp-block-image size-large\"><img loading=\"lazy\" decoding=\"async\" width=\"1024\" height=\"683\" data-id=\"91920\" src=\"https:\/\/elmetropolitano.com.gt\/es\/wp-content\/uploads\/2024\/11\/466351214_1072321634893919_3811903859593156647_n-1024x683.jpg\" alt=\"\" class=\"wp-image-91920\" srcset=\"https:\/\/elmetropolitano.com.gt\/es\/wp-content\/uploads\/2024\/11\/466351214_1072321634893919_3811903859593156647_n-1024x683.jpg 1024w, https:\/\/elmetropolitano.com.gt\/es\/wp-content\/uploads\/2024\/11\/466351214_1072321634893919_3811903859593156647_n-300x200.jpg 300w, https:\/\/elmetropolitano.com.gt\/es\/wp-content\/uploads\/2024\/11\/466351214_1072321634893919_3811903859593156647_n-768x512.jpg 768w, https:\/\/elmetropolitano.com.gt\/es\/wp-content\/uploads\/2024\/11\/466351214_1072321634893919_3811903859593156647_n-1536x1025.jpg 1536w, https:\/\/elmetropolitano.com.gt\/es\/wp-content\/uploads\/2024\/11\/466351214_1072321634893919_3811903859593156647_n.jpg 2048w\" sizes=\"auto, (max-width: 1024px) 100vw, 1024px\" \/><\/figure>\n\n\n\n<figure class=\"wp-block-image size-large\"><img loading=\"lazy\" decoding=\"async\" width=\"1024\" height=\"683\" data-id=\"91922\" src=\"https:\/\/elmetropolitano.com.gt\/es\/wp-content\/uploads\/2024\/11\/466382992_1072321614893921_4063802886623224668_n-1024x683.jpg\" alt=\"\" class=\"wp-image-91922\" srcset=\"https:\/\/elmetropolitano.com.gt\/es\/wp-content\/uploads\/2024\/11\/466382992_1072321614893921_4063802886623224668_n-1024x683.jpg 1024w, https:\/\/elmetropolitano.com.gt\/es\/wp-content\/uploads\/2024\/11\/466382992_1072321614893921_4063802886623224668_n-300x200.jpg 300w, https:\/\/elmetropolitano.com.gt\/es\/wp-content\/uploads\/2024\/11\/466382992_1072321614893921_4063802886623224668_n-768x512.jpg 768w, https:\/\/elmetropolitano.com.gt\/es\/wp-content\/uploads\/2024\/11\/466382992_1072321614893921_4063802886623224668_n-1536x1025.jpg 1536w, https:\/\/elmetropolitano.com.gt\/es\/wp-content\/uploads\/2024\/11\/466382992_1072321614893921_4063802886623224668_n.jpg 2048w\" sizes=\"auto, (max-width: 1024px) 100vw, 1024px\" \/><\/figure>\n\n\n\n<figure class=\"wp-block-image size-large\"><img loading=\"lazy\" decoding=\"async\" width=\"1024\" height=\"683\" data-id=\"91921\" src=\"https:\/\/elmetropolitano.com.gt\/es\/wp-content\/uploads\/2024\/11\/466399062_1072321758227240_2116644942091520265_n-1024x683.jpg\" alt=\"\" class=\"wp-image-91921\" srcset=\"https:\/\/elmetropolitano.com.gt\/es\/wp-content\/uploads\/2024\/11\/466399062_1072321758227240_2116644942091520265_n-1024x683.jpg 1024w, https:\/\/elmetropolitano.com.gt\/es\/wp-content\/uploads\/2024\/11\/466399062_1072321758227240_2116644942091520265_n-300x200.jpg 300w, https:\/\/elmetropolitano.com.gt\/es\/wp-content\/uploads\/2024\/11\/466399062_1072321758227240_2116644942091520265_n-768x512.jpg 768w, https:\/\/elmetropolitano.com.gt\/es\/wp-content\/uploads\/2024\/11\/466399062_1072321758227240_2116644942091520265_n-1536x1025.jpg 1536w, https:\/\/elmetropolitano.com.gt\/es\/wp-content\/uploads\/2024\/11\/466399062_1072321758227240_2116644942091520265_n.jpg 2048w\" sizes=\"auto, (max-width: 1024px) 100vw, 1024px\" \/><\/figure>\n<\/figure>\n","protected":false},"excerpt":{"rendered":"<p>Se llev\u00f3 a cabo la inauguraci\u00f3n de la Expo-Cap en la sexta avenida de la zona 1 capitalina, una feria desarrollada por el Consejo de Atenci\u00f3n y Proteci\u00f3n (Cap) para el fomento de la migraci\u00f3n regular. En un acto oficial, la vicepresidenta de la Rep\u00fablica, Karin Herrera, junto al director del Instituto Guatemalteco de Migraci\u00f3n <a class=\"read-more\" href=\"https:\/\/elmetropolitano.com.gt\/es\/vicepresidenta-herrera-inaugura-feria-que-fomenta-la-migracion-regular\/\">Leer m\u00e1s<\/a><\/p>\n","protected":false},"author":1,"featured_media":91917,"comment_status":"open","ping_status":"closed","sticky":false,"template":"","format":"standard","meta":{"footnotes":""},"categories":[2],"tags":[12],"class_list":["post-91916","post","type-post","status-publish","format-standard","has-post-thumbnail","hentry","category-nacionales","tag-nacionales"],"_links":{"self":[{"href":"https:\/\/elmetropolitano.com.gt\/es\/wp-json\/wp\/v2\/posts\/91916","targetHints":{"allow":["GET"]}}],"collection":[{"href":"https:\/\/elmetropolitano.com.gt\/es\/wp-json\/wp\/v2\/posts"}],"about":[{"href":"https:\/\/elmetropolitano.com.gt\/es\/wp-json\/wp\/v2\/types\/post"}],"author":[{"embeddable":true,"href":"https:\/\/elmetropolitano.com.gt\/es\/wp-json\/wp\/v2\/users\/1"}],"replies":[{"embeddable":true,"href":"https:\/\/elmetropolitano.com.gt\/es\/wp-json\/wp\/v2\/comments?post=91916"}],"version-history":[{"count":1,"href":"https:\/\/elmetropolitano.com.gt\/es\/wp-json\/wp\/v2\/posts\/91916\/revisions"}],"predecessor-version":[{"id":91924,"href":"https:\/\/elmetropolitano.com.gt\/es\/wp-json\/wp\/v2\/posts\/91916\/revisions\/91924"}],"wp:featuredmedia":[{"embeddable":true,"href":"https:\/\/elmetropolitano.com.gt\/es\/wp-json\/wp\/v2\/media\/91917"}],"wp:attachment":[{"href":"https:\/\/elmetropolitano.com.gt\/es\/wp-json\/wp\/v2\/media?parent=91916"}],"wp:term":[{"taxonomy":"category","embeddable":true,"href":"https:\/\/elmetropolitano.com.gt\/es\/wp-json\/wp\/v2\/categories?post=91916"},{"taxonomy":"post_tag","embeddable":true,"href":"https:\/\/elmetropolitano.com.gt\/es\/wp-json\/wp\/v2\/tags?post=91916"}],"curies":[{"name":"wp","href":"https:\/\/api.w.org\/{rel}","templated":true}]}}