{"id":91947,"date":"2024-11-11T09:03:26","date_gmt":"2024-11-11T15:03:26","guid":{"rendered":"https:\/\/elmetropolitano.com.gt\/es\/?p=91947"},"modified":"2024-11-11T09:03:27","modified_gmt":"2024-11-11T15:03:27","slug":"la-cc-le-da-ultimatun-a-la-csj-para-que-elijan-al-nuevo-presidente-de-la-corte","status":"publish","type":"post","link":"https:\/\/elmetropolitano.com.gt\/es\/la-cc-le-da-ultimatun-a-la-csj-para-que-elijan-al-nuevo-presidente-de-la-corte\/","title":{"rendered":"La CC le da ultimatun a la CSJ para que elijan al Nuevo Presidente de la Corte"},"content":{"rendered":"\n<p>La Corte de Constitucionalidad CC ordena la noche de este domingo a los magistrados que integran la Corte Suprema de Justicia CSJ que un plazo m\u00e1ximo de cinco d\u00edas elijan al nuevo presidente de la Corte y que se declaren en sesi\u00f3n permanente durante ese tiempo. De no lograr los votos en el tiempo establecido otros magistrados podr\u00e1n postularse para el cargo<\/p>\n\n\n\n<p>Para la debida ejecuci\u00f3n del auto de <a><\/a>amparo provisional la CC dispone las siguientes medidas:<\/p><div class=\"elmet-contenido\" id=\"elmet-1338138450\"><div class=\"elmet-adlabel\">Anuncios<\/div><div style=\"margin-top: 20px;margin-right: 20px;margin-bottom: 20px;margin-left: 20px;\" id=\"elmet-1289141131\"><a href=\"https:\/\/www.facebook.com\/arrincuanantigua\/\" aria-label=\"cintillo-arrin-cual\"><img loading=\"lazy\" decoding=\"async\" src=\"https:\/\/elmetropolitano.com.gt\/es\/wp-content\/uploads\/2021\/11\/cintillo-arrin-cual-1.jpg\" alt=\"\"  srcset=\"https:\/\/elmetropolitano.com.gt\/es\/wp-content\/uploads\/2021\/11\/cintillo-arrin-cual-1.jpg 750w, https:\/\/elmetropolitano.com.gt\/es\/wp-content\/uploads\/2021\/11\/cintillo-arrin-cual-1-300x36.jpg 300w, https:\/\/elmetropolitano.com.gt\/es\/wp-content\/uploads\/2021\/11\/cintillo-arrin-cual-1-600x72.jpg 600w\" sizes=\"(max-width: 750px) 100vw, 750px\" width=\"750\" height=\"90\"   \/><\/a><\/div><\/div>\n\n\n\n<p>a) Se ordena al Presidente en funciones de la Corte Suprema de Justicia y del Organismo Judicial que, en el plazo de veinticuatro horas de recibida la notificaci\u00f3n de la presente resoluci\u00f3n, convoque a los Magistrados de ese organismo a una sesi\u00f3n cuyo punto principal sea la elecci\u00f3n del cargo de Presidente del Organismo Judicial;<\/p>\n\n\n\n<p>b) En esa sesi\u00f3n, los Magistrados de la Corte Suprema de Justicia deber\u00e1n declararse en sesi\u00f3n permanente hasta completar la elecci\u00f3n ya referida.<\/p>\n\n\n\n<p>Para ello se hacen las siguientes prevenciones: i) la sesi\u00f3n permanente no podr\u00e1 prolongarse por m\u00e1s de cinco d\u00edas, debiendo en ese plazo m\u00e1ximo llegar a los consensos necesarios para realizar la elecci\u00f3n; y<\/p>\n\n\n\n<p>ii) la sesi\u00f3n permanente s\u00f3lo podr\u00e1 ser interrumpida para que los Magistrados atiendan las funciones propias del giro ordinario de la Corte Suprema de Justicia, debiendo reiniciar la sesi\u00f3n una vez estas concluyan;<\/p>\n\n\n\n<p>c) Durante esa sesi\u00f3n, la totalidad de Magistrados que integran el Pleno de la Corte Suprema de Justicia deber\u00e1n asistir y permanecer hasta cumplir con el deber de elegir al Presidente de la Corte Suprema de Justicia y del Organismo Judicial para el per\u00edodo en curso;<\/p>\n\n\n\n<p>d) En caso de no lograrse consenso para la elecci\u00f3n del Presidente de ese alto organismo, al continuar con las dos propuestas que se han presentado en las sesiones celebradas, de ser necesario, podr\u00e1n proponer los Magistrados que integran la Corte Suprema de Justicia que en las siguientes rondas de elecci\u00f3n, se tome en consideraci\u00f3n la medida de ultima ratio dispuesta en esta resoluci\u00f3n, por la que contin\u00faen la elecci\u00f3n para el referido cargo sin los dos<\/p>\n\n\n\n<p>Magistrados que a la fecha han sido las \u00fanicas propuestas sin lograr los consensos. De esta forma, se abrir\u00eda la posibilidad a nuevas propuestas de candidatos para ocupar el referido cargo, tomando en consideraci\u00f3n que conforme la Constituci\u00f3n los trece integrantes de la actual Corte Suprema de Justicia son elegibles sin distinci\u00f3n alguna; medida que atiende a los principios de idoneidad, necesidad y ponderaci\u00f3n en sentido estricto como qued\u00f3 considerado;<\/p>\n\n\n\n<p>e) Esta exclusi\u00f3n permitir\u00e1 enfocar los esfuerzos en otros candidatos que de postularse cuenten con mayor respaldo, facilitando el consenso necesario para alcanzar la mayor\u00eda requerida conforme al art\u00edculo 215 constitucional, y,<\/p>\n\n\n\n<p>f) Asimismo, se reiteran todas las modulaciones establecidas en el auto de veintinueve de octubre de dos mil veinticuatro respecto a los consensos que deben asumirse para arribar a esa decisi\u00f3n.<\/p>\n\n\n\n<p>Lo anterior, con el apercibimiento a cada uno de los conminados de que, en caso de desobediencia, se deducir\u00e1n las responsabilidades que correspondan, pudi\u00e9ndose ordenar su destituci\u00f3n, conforme lo disponen los art\u00edculos 53 y 78 de la Ley de Amparo, Exhibici\u00f3n Personal y de Constitucionalidad.<\/p>\n\n\n\n<p>.<a href=\"https:\/\/www.facebook.com\/hashtag\/ccguatemala?__eep__=6&amp;__cft__[0]=AZXPfXpXtxhm4dQo2VPBGM8obpMVifkKlnTX7Huzsf2IKQKw8UaawcBASm5DbWLNdomCTVzDkY48WvTjM6ckmzL_ARp_MQZkl1AaZuIAwnSHq7jMkE5CMEfnZUkBCrADaYP2oHrfbmhNQAN0qU5Tj1pPRTU-VzReoTOBcvmTpcyqIPc8G--s40_vDtlOK5C-0jo&amp;__tn__=*NK-R\">#CCGuatemala<\/a><a href=\"https:\/\/www.facebook.com\/hashtag\/metroredes?__eep__=6&amp;__cft__[0]=AZXPfXpXtxhm4dQo2VPBGM8obpMVifkKlnTX7Huzsf2IKQKw8UaawcBASm5DbWLNdomCTVzDkY48WvTjM6ckmzL_ARp_MQZkl1AaZuIAwnSHq7jMkE5CMEfnZUkBCrADaYP2oHrfbmhNQAN0qU5Tj1pPRTU-VzReoTOBcvmTpcyqIPc8G--s40_vDtlOK5C-0jo&amp;__tn__=*NK-R\">#metroredes<\/a><a href=\"https:\/\/www.facebook.com\/hashtag\/cortesuremadejusticia?__eep__=6&amp;__cft__[0]=AZXPfXpXtxhm4dQo2VPBGM8obpMVifkKlnTX7Huzsf2IKQKw8UaawcBASm5DbWLNdomCTVzDkY48WvTjM6ckmzL_ARp_MQZkl1AaZuIAwnSHq7jMkE5CMEfnZUkBCrADaYP2oHrfbmhNQAN0qU5Tj1pPRTU-VzReoTOBcvmTpcyqIPc8G--s40_vDtlOK5C-0jo&amp;__tn__=*NK-R\">#cortesuremadejusticia<\/a> <a href=\"http:\/\/www.elmetropolitano.com.gt\/?fbclid=IwZXh0bgNhZW0CMTAAAR2q9Yx5YdnnNThhtb5Uf-95A16qqB4e0LZEHft79y8PxgxErVqNRFJqXco_aem_M4QpbUB7QytUGftOvKQNtw\" target=\"_blank\" rel=\"noreferrer noopener\">Www.elmetropolitano.com.gt<\/a><\/p>\n\n\n\n<p><a href=\"https:\/\/l.facebook.com\/l.php?u=http%3A%2F%2FWww.metroredes.com%2F%3Ffbclid%3DIwZXh0bgNhZW0CMTAAAR3D_IeCFo8S7t-o8FM7O6Pnx6pUofysq4T1Gg3r12favomk9WMAveYczv8_aem_Kmuhr0FULBL1yA14R_axSw&amp;h=AT2pemtzNN7OQHrhadqFElhM0ykChWko3csjXfN-EunDwhfevupTiE63GQpwHaEvazs5zJVK_HPpEMmuEGuT2GKL3_qeqJUtYHOTnHp0DFzmr4qQsR9o0Z7DQo-xs_SKxaclcH_6QsBVjJzJ4oH6&amp;__tn__=-UK-R&amp;c[0]=AT1CgCcbm1frEmqpi9Sk4eOZ8Fa5vCrlGO2rfd9d5z14EeqC60PR3yCkK_Nh8PNirWLi4v2FsU0my06SJSr7RkiixBoFIesACIck1otWxfXji-FHnu_1f8HbeiGQ5McpK2qxdUFV5TfNa0u9Z7fWVL3fUjdtVfuPNTTO_lsOPFyyx75WMPgGpHLOMk-IiMcW7QVXyAzo0wZLeH4eYOBSlkbPBeM\" target=\"_blank\" rel=\"noreferrer noopener\">Www.metroredes.com<\/a> <a href=\"https:\/\/l.facebook.com\/l.php?u=http%3A%2F%2FWww.elescuintleco.com%2F%3Ffbclid%3DIwZXh0bgNhZW0CMTAAAR3AkUeYGPrmGkFJlSfoajM7OLPK47NNVcrIl2IiQtYVudNEkF878SNQkK0_aem_0dP3Pp4FXqRe9T5Rkwxz3g&amp;h=AT2-8CO8IAyWlJMGwABUILjIuOTCHqksCUKYtemK5vK7d0SfUv_4PaBg67y4loQq4nIkOTCPE81mVbE57o_gQO4uwmlWHOIkh7JhuD2XFx3l77UCwkNV9tjK-TMtvlrxK0Yzf1h6hf5BAYzKIyMS&amp;__tn__=-UK-R&amp;c[0]=AT1CgCcbm1frEmqpi9Sk4eOZ8Fa5vCrlGO2rfd9d5z14EeqC60PR3yCkK_Nh8PNirWLi4v2FsU0my06SJSr7RkiixBoFIesACIck1otWxfXji-FHnu_1f8HbeiGQ5McpK2qxdUFV5TfNa0u9Z7fWVL3fUjdtVfuPNTTO_lsOPFyyx75WMPgGpHLOMk-IiMcW7QVXyAzo0wZLeH4eYOBSlkbPBeM\" target=\"_blank\" rel=\"noreferrer noopener\">Www.elescuintleco.com<\/a><\/p>\n\n\n\n<figure class=\"wp-block-gallery has-nested-images columns-default is-cropped wp-block-gallery-1 is-layout-flex wp-block-gallery-is-layout-flex\">\n<figure class=\"wp-block-image size-large\"><img loading=\"lazy\" decoding=\"async\" width=\"790\" height=\"1024\" data-id=\"91950\" src=\"https:\/\/elmetropolitano.com.gt\/es\/wp-content\/uploads\/2024\/11\/466145954_1072683628191053_9122472900411922660_n-790x1024.jpg\" alt=\"\" class=\"wp-image-91950\" srcset=\"https:\/\/elmetropolitano.com.gt\/es\/wp-content\/uploads\/2024\/11\/466145954_1072683628191053_9122472900411922660_n-790x1024.jpg 790w, https:\/\/elmetropolitano.com.gt\/es\/wp-content\/uploads\/2024\/11\/466145954_1072683628191053_9122472900411922660_n-231x300.jpg 231w, https:\/\/elmetropolitano.com.gt\/es\/wp-content\/uploads\/2024\/11\/466145954_1072683628191053_9122472900411922660_n-768x996.jpg 768w, https:\/\/elmetropolitano.com.gt\/es\/wp-content\/uploads\/2024\/11\/466145954_1072683628191053_9122472900411922660_n.jpg 987w\" sizes=\"auto, (max-width: 790px) 100vw, 790px\" \/><\/figure>\n\n\n\n<figure class=\"wp-block-image size-large\"><img loading=\"lazy\" decoding=\"async\" width=\"794\" height=\"1024\" data-id=\"91949\" src=\"https:\/\/elmetropolitano.com.gt\/es\/wp-content\/uploads\/2024\/11\/466346243_1072683618191054_7389980450978323707_n-794x1024.jpg\" alt=\"\" class=\"wp-image-91949\" srcset=\"https:\/\/elmetropolitano.com.gt\/es\/wp-content\/uploads\/2024\/11\/466346243_1072683618191054_7389980450978323707_n-794x1024.jpg 794w, https:\/\/elmetropolitano.com.gt\/es\/wp-content\/uploads\/2024\/11\/466346243_1072683618191054_7389980450978323707_n-233x300.jpg 233w, https:\/\/elmetropolitano.com.gt\/es\/wp-content\/uploads\/2024\/11\/466346243_1072683618191054_7389980450978323707_n-768x991.jpg 768w, https:\/\/elmetropolitano.com.gt\/es\/wp-content\/uploads\/2024\/11\/466346243_1072683618191054_7389980450978323707_n.jpg 992w\" sizes=\"auto, (max-width: 794px) 100vw, 794px\" \/><\/figure>\n\n\n\n<figure class=\"wp-block-image size-large\"><img loading=\"lazy\" decoding=\"async\" width=\"789\" height=\"1024\" data-id=\"91951\" src=\"https:\/\/elmetropolitano.com.gt\/es\/wp-content\/uploads\/2024\/11\/466418147_1072683591524390_177314027433807703_n-789x1024.jpg\" alt=\"\" class=\"wp-image-91951\" srcset=\"https:\/\/elmetropolitano.com.gt\/es\/wp-content\/uploads\/2024\/11\/466418147_1072683591524390_177314027433807703_n-789x1024.jpg 789w, https:\/\/elmetropolitano.com.gt\/es\/wp-content\/uploads\/2024\/11\/466418147_1072683591524390_177314027433807703_n-231x300.jpg 231w, https:\/\/elmetropolitano.com.gt\/es\/wp-content\/uploads\/2024\/11\/466418147_1072683591524390_177314027433807703_n-768x997.jpg 768w, https:\/\/elmetropolitano.com.gt\/es\/wp-content\/uploads\/2024\/11\/466418147_1072683591524390_177314027433807703_n.jpg 986w\" sizes=\"auto, (max-width: 789px) 100vw, 789px\" \/><\/figure>\n<\/figure>\n","protected":false},"excerpt":{"rendered":"<p>La Corte de Constitucionalidad CC ordena la noche de este domingo a los magistrados que integran la Corte Suprema de Justicia CSJ que un plazo m\u00e1ximo de cinco d\u00edas elijan al nuevo presidente de la Corte y que se declaren en sesi\u00f3n permanente durante ese tiempo. De no lograr los votos en el tiempo establecido <a class=\"read-more\" href=\"https:\/\/elmetropolitano.com.gt\/es\/la-cc-le-da-ultimatun-a-la-csj-para-que-elijan-al-nuevo-presidente-de-la-corte\/\">Leer m\u00e1s<\/a><\/p>\n","protected":false},"author":1,"featured_media":91948,"comment_status":"open","ping_status":"closed","sticky":false,"template":"","format":"standard","meta":{"footnotes":""},"categories":[2],"tags":[12],"class_list":["post-91947","post","type-post","status-publish","format-standard","has-post-thumbnail","hentry","category-nacionales","tag-nacionales"],"_links":{"self":[{"href":"https:\/\/elmetropolitano.com.gt\/es\/wp-json\/wp\/v2\/posts\/91947","targetHints":{"allow":["GET"]}}],"collection":[{"href":"https:\/\/elmetropolitano.com.gt\/es\/wp-json\/wp\/v2\/posts"}],"about":[{"href":"https:\/\/elmetropolitano.com.gt\/es\/wp-json\/wp\/v2\/types\/post"}],"author":[{"embeddable":true,"href":"https:\/\/elmetropolitano.com.gt\/es\/wp-json\/wp\/v2\/users\/1"}],"replies":[{"embeddable":true,"href":"https:\/\/elmetropolitano.com.gt\/es\/wp-json\/wp\/v2\/comments?post=91947"}],"version-history":[{"count":1,"href":"https:\/\/elmetropolitano.com.gt\/es\/wp-json\/wp\/v2\/posts\/91947\/revisions"}],"predecessor-version":[{"id":91952,"href":"https:\/\/elmetropolitano.com.gt\/es\/wp-json\/wp\/v2\/posts\/91947\/revisions\/91952"}],"wp:featuredmedia":[{"embeddable":true,"href":"https:\/\/elmetropolitano.com.gt\/es\/wp-json\/wp\/v2\/media\/91948"}],"wp:attachment":[{"href":"https:\/\/elmetropolitano.com.gt\/es\/wp-json\/wp\/v2\/media?parent=91947"}],"wp:term":[{"taxonomy":"category","embeddable":true,"href":"https:\/\/elmetropolitano.com.gt\/es\/wp-json\/wp\/v2\/categories?post=91947"},{"taxonomy":"post_tag","embeddable":true,"href":"https:\/\/elmetropolitano.com.gt\/es\/wp-json\/wp\/v2\/tags?post=91947"}],"curies":[{"name":"wp","href":"https:\/\/api.w.org\/{rel}","templated":true}]}}