{"id":92220,"date":"2024-11-16T09:35:18","date_gmt":"2024-11-16T15:35:18","guid":{"rendered":"https:\/\/elmetropolitano.com.gt\/es\/?p=92220"},"modified":"2024-11-16T09:35:18","modified_gmt":"2024-11-16T15:35:18","slug":"vertiv-lleva-a-cabo-programa-de-certificacion-comercial-presencial-en-europa-para-expertos-de-america-latina","status":"publish","type":"post","link":"https:\/\/elmetropolitano.com.gt\/es\/vertiv-lleva-a-cabo-programa-de-certificacion-comercial-presencial-en-europa-para-expertos-de-america-latina\/","title":{"rendered":"Vertiv lleva a cabo Programa de Certificaci\u00f3n Comercial presencial en Europa para expertos de Am\u00e9rica Latina"},"content":{"rendered":"\n<p>Vertiv (NYSE: VRT), un proveedor mundial de soluciones de continuidad e infraestructura digital cr\u00edtica, llev\u00f3 a cabo su programa de Certificaci\u00f3n Comercial con una metodolog\u00eda presencial en tres ciudades europeas: Padua (Italia), Bolonia (Italia) y Nove Mesto (Eslovaquia).<\/p>\n\n\n\n<p>Esta capacitaci\u00f3n exclusiva e intensiva tuvo una duraci\u00f3n acumulada de m\u00e1s de 30 horas y les <a><\/a>permiti\u00f3 a los participantes certificarse en las \u00faltimas tecnolog\u00edas de gerenciamiento t\u00e9rmico y energ\u00eda de CA, as\u00ed como conocer las innovaciones m\u00e1s recientes de Vertiv.<\/p><div class=\"elmet-contenido\" id=\"elmet-3755393200\"><div class=\"elmet-adlabel\">Anuncios<\/div><div style=\"margin-top: 20px;margin-right: 20px;margin-bottom: 20px;margin-left: 20px;\" id=\"elmet-3890769819\"><a href=\"https:\/\/www.facebook.com\/arrincuanantigua\/\" aria-label=\"cintillo-arrin-cual\"><img loading=\"lazy\" decoding=\"async\" src=\"https:\/\/elmetropolitano.com.gt\/es\/wp-content\/uploads\/2021\/11\/cintillo-arrin-cual-1.jpg\" alt=\"\"  srcset=\"https:\/\/elmetropolitano.com.gt\/es\/wp-content\/uploads\/2021\/11\/cintillo-arrin-cual-1.jpg 750w, https:\/\/elmetropolitano.com.gt\/es\/wp-content\/uploads\/2021\/11\/cintillo-arrin-cual-1-300x36.jpg 300w, https:\/\/elmetropolitano.com.gt\/es\/wp-content\/uploads\/2021\/11\/cintillo-arrin-cual-1-600x72.jpg 600w\" sizes=\"(max-width: 750px) 100vw, 750px\" width=\"750\" height=\"90\"   \/><\/a><\/div><\/div>\n\n\n\n<p>El programa \u2014llevado a cabo en octubre de 2024\u2014 cont\u00f3 con la participaci\u00f3n del Programa de Socios de Canal de Vertiv en los niveles diamante, platino y oro (diamond, platinum y gold, respectivamente), provenientes de Brasil, M\u00e9xico, Venezuela, Colombia, Costa Rica, Ecuador, Honduras, Guatemala, Paraguay y Per\u00fa, entre otros. Este evento cre\u00f3 una red de contactos invaluable para los asistentes y fortaleci\u00f3 a\u00fan m\u00e1s la posici\u00f3n de Vertiv como un l\u00edder en la regi\u00f3n.<\/p>\n\n\n\n<p>\u201cEste programa se distingue por permitirles los profesionales de Am\u00e9rica Latina recibir capacitaci\u00f3n en su propio idioma, lo cual elimina las barreras de comprensi\u00f3n y facilita un aprendizaje m\u00e1s eficaz\u201d, coment\u00f3 Saida Ortiz, gerente de canales para Latinoam\u00e9rica en Vertiv.<\/p>\n\n\n\n<p>\u201cEsta iniciativa exigi\u00f3 una cantidad considerable de tiempo y dedicaci\u00f3n tanto para Vertiv como para nuestros socios de canal en LATAM. La experiencia resultante, profunda e inmersiva aument\u00f3 su experiencia y, al mismo tiempo, ampli\u00f3 su relaci\u00f3n con Vertiv\u201d, agreg\u00f3 Saida.<\/p>\n\n\n\n<p>Experiencia en plantas de producci\u00f3n y turismo en Europa<\/p>\n\n\n\n<p>Adem\u00e1s de las sesiones te\u00f3ricas, los participantes visitaron cuatro plantas de producci\u00f3n y asistieron a clases pr\u00e1cticas en estas instalaciones, lo cual les brind\u00f3 una comprensi\u00f3n profunda del proceso de desarrollo de los productos de Vertiv. Entre las actividades clave se incluyeron:<\/p>\n\n\n\n<p>\u2022 Planta de Bolonia, Italia: Visitaron el Centro de Experiencia del Cliente en Energ\u00eda de CA, el cual incluye una sala de exhibici\u00f3n, la Academia Vertiv y los laboratorios de pruebas.<\/p>\n\n\n\n<p>\u2022 Planta de Padua (Tognana), Italia: Recibieron capacitaci\u00f3n en productos y tecnolog\u00edas de gerenciamiento t\u00e9rmico y visitaron a detalle el Centro de Experiencia del Cliente en Gerenciamiento T\u00e9rmico de Vertiv, el cual incluye el laboratorio de innovaci\u00f3n de plantas de free-cooling, donde se prueban las plantas de enfriamiento Vertiv<img loading=\"lazy\" decoding=\"async\" height=\"16\" width=\"16\" alt=\"\u2122\ufe0f\" src=\"https:\/\/static.xx.fbcdn.net\/images\/emoji.php\/v9\/t68\/1\/16\/2122.png\"> Liebert<img loading=\"lazy\" decoding=\"async\" height=\"16\" width=\"16\" alt=\"\u00ae\ufe0f\" src=\"https:\/\/static.xx.fbcdn.net\/images\/emoji.php\/v9\/tcd\/1\/16\/ae.png\"> AFC y el laboratorio de innovaci\u00f3n de paquetes grandes para exteriores, donde se prueba el intercambiador de calor Vertiv<img loading=\"lazy\" decoding=\"async\" height=\"16\" width=\"16\" alt=\"\u2122\ufe0f\" src=\"https:\/\/static.xx.fbcdn.net\/images\/emoji.php\/v9\/t68\/1\/16\/2122.png\"> Liebert<img loading=\"lazy\" decoding=\"async\" height=\"16\" width=\"16\" alt=\"\u00ae\ufe0f\" src=\"https:\/\/static.xx.fbcdn.net\/images\/emoji.php\/v9\/tcd\/1\/16\/ae.png\"> EFC, as\u00ed como las l\u00edneas de fabricaci\u00f3n de plantas de enfriamiento y la sala de exposici\u00f3n de unidades t\u00e9rmicas para interiores.<\/p>\n\n\n\n<p>\u2022 Planta de Nove Mesto, Eslovaquia: Visitaron las l\u00edneas de fabricaci\u00f3n de sistemas t\u00e9rmicos Vertiv\u2122 Liebert\u00ae PDX y Vertiv\u2122 Liebert\u00ae PCW, as\u00ed como los laboratorios de pruebas de final de l\u00ednea.<\/p>\n\n\n\n<p>Adem\u00e1s, los participantes tuvieron la oportunidad de explorar el patrimonio cultural de ciudades como Padua, Bolonia, Venecia y Viena, y combinar as\u00ed el aprendizaje t\u00e9cnico con una experiencia tur\u00edstica. De acuerdo a Saida Ortiz, Vertiv planea expandir el programa de LATAM y llevarlo hasta otras regiones donde Vertiv fabrica y prueba soluciones de alimentaci\u00f3n y enfriamiento.<\/p>\n\n\n\n<p>Sobre Vertiv<\/p>\n\n\n\n<p>Vertiv (NYSE: VRT) ofrece hardware, software, an\u00e1lisis y servicios continuos para garantizar que las aplicaciones vitales de sus clientes tengan un funcionamiento ininterrumpido, un rendimiento \u00f3ptimo y un crecimiento conforme a las necesidades de su negocio. Vertiv resuelve los desaf\u00edos m\u00e1s importantes a los que se enfrentan los centros de datos actuales, las redes de comunicaciones y las instalaciones industriales y comerciales, a trav\u00e9s de un portafolio de soluciones y servicios de infraestructura de TI, potencia y enfriamiento, el cual abarca desde la nube hasta el borde de la red. Con su sede ubicada en Westerville, Ohio, EE. UU., Vertiv ejerce sus actividades en m\u00e1s de 130 pa\u00edses. Para m\u00e1s informaci\u00f3n y para conocer las \u00faltimas noticias y contenidos de Vertiv.<\/p>\n\n\n\n<p><a href=\"https:\/\/www.facebook.com\/hashtag\/vertiv?__eep__=6&amp;__cft__[0]=AZVC1PqPVmAgWv26_NcxJ10yKdtu42e4g0Ryw9F6PuE0WC9oXYl3p2M_rt0RAkZkeomHfesv5tXeOBukNjyQalSDd2rGc-xHk96UhhpFQ8dVQBc0iozLY74a0QcfMaSVGcfDirxw7b95RMwjpLopEmozF_SJq9TlQp5WROVhrgP7lpp2fOd1Aao2B-J9gcncvsU&amp;__tn__=*NK-R\">#Vertiv<\/a><a href=\"https:\/\/www.facebook.com\/hashtag\/metroredes?__eep__=6&amp;__cft__[0]=AZVC1PqPVmAgWv26_NcxJ10yKdtu42e4g0Ryw9F6PuE0WC9oXYl3p2M_rt0RAkZkeomHfesv5tXeOBukNjyQalSDd2rGc-xHk96UhhpFQ8dVQBc0iozLY74a0QcfMaSVGcfDirxw7b95RMwjpLopEmozF_SJq9TlQp5WROVhrgP7lpp2fOd1Aao2B-J9gcncvsU&amp;__tn__=*NK-R\">#metroredes<\/a><a href=\"https:\/\/www.facebook.com\/hashtag\/tegnologia?__eep__=6&amp;__cft__[0]=AZVC1PqPVmAgWv26_NcxJ10yKdtu42e4g0Ryw9F6PuE0WC9oXYl3p2M_rt0RAkZkeomHfesv5tXeOBukNjyQalSDd2rGc-xHk96UhhpFQ8dVQBc0iozLY74a0QcfMaSVGcfDirxw7b95RMwjpLopEmozF_SJq9TlQp5WROVhrgP7lpp2fOd1Aao2B-J9gcncvsU&amp;__tn__=*NK-R\">#tegnologia<\/a><\/p>\n\n\n\n<p><a href=\"https:\/\/l.facebook.com\/l.php?u=http%3A%2F%2FWww.elmetropolitano.com.gt%2F%3Ffbclid%3DIwZXh0bgNhZW0CMTAAAR1jXO2POm2twEI7mddTW6cGYWJlI7kO8dU7JLssojQvSWWRF_EnV1ud5d8_aem_OtBd_djRjHxZahQyfBDs2g&amp;h=AT2LGucDDcD2VKcYRnDfIriMz3qiLaj68DQ6LbQ4ZE16hhMyYR1qxnpA5O8Gb1iyn8weyvpFxBGO3sktbdb1SH0bJKlN8_lc3LyLP85I1pEWN-K7n6XATEuPdJYJj7lojEew&amp;__tn__=-UK-R&amp;c[0]=AT3nhL0-0tUgsQSSDBi3pCYKv5l1C6AE06EoH-QIfMcMrtKeFfJ5q6ks2mYPOPpmhkXae38Xf2YJBr-RGdzQRZ7EyWlNkId3tH1z49xu1e2CyHy64JIRXJxOp5uead6mOvXAJx13kuAYFYghmXo45kqamqCRqW1CdHKXUvEhN89Tf1PjpxCCmRRxKPozNYwil_Bn0JHpUz5IHraYE5jWIEiQ1tI\" rel=\"noreferrer noopener\" target=\"_blank\">Www.elmetropolitano.com.gt<\/a><\/p>\n","protected":false},"excerpt":{"rendered":"<p>Vertiv (NYSE: VRT), un proveedor mundial de soluciones de continuidad e infraestructura digital cr\u00edtica, llev\u00f3 a cabo su programa de Certificaci\u00f3n Comercial con una metodolog\u00eda presencial en tres ciudades europeas: Padua (Italia), Bolonia (Italia) y Nove Mesto (Eslovaquia). Esta capacitaci\u00f3n exclusiva e intensiva tuvo una duraci\u00f3n acumulada de m\u00e1s de 30 horas y les permiti\u00f3 <a class=\"read-more\" href=\"https:\/\/elmetropolitano.com.gt\/es\/vertiv-lleva-a-cabo-programa-de-certificacion-comercial-presencial-en-europa-para-expertos-de-america-latina\/\">Leer m\u00e1s<\/a><\/p>\n","protected":false},"author":1,"featured_media":92221,"comment_status":"open","ping_status":"closed","sticky":false,"template":"","format":"standard","meta":{"footnotes":""},"categories":[31],"tags":[32],"class_list":["post-92220","post","type-post","status-publish","format-standard","has-post-thumbnail","hentry","category-metroimpulso","tag-metroimpulso"],"_links":{"self":[{"href":"https:\/\/elmetropolitano.com.gt\/es\/wp-json\/wp\/v2\/posts\/92220","targetHints":{"allow":["GET"]}}],"collection":[{"href":"https:\/\/elmetropolitano.com.gt\/es\/wp-json\/wp\/v2\/posts"}],"about":[{"href":"https:\/\/elmetropolitano.com.gt\/es\/wp-json\/wp\/v2\/types\/post"}],"author":[{"embeddable":true,"href":"https:\/\/elmetropolitano.com.gt\/es\/wp-json\/wp\/v2\/users\/1"}],"replies":[{"embeddable":true,"href":"https:\/\/elmetropolitano.com.gt\/es\/wp-json\/wp\/v2\/comments?post=92220"}],"version-history":[{"count":1,"href":"https:\/\/elmetropolitano.com.gt\/es\/wp-json\/wp\/v2\/posts\/92220\/revisions"}],"predecessor-version":[{"id":92222,"href":"https:\/\/elmetropolitano.com.gt\/es\/wp-json\/wp\/v2\/posts\/92220\/revisions\/92222"}],"wp:featuredmedia":[{"embeddable":true,"href":"https:\/\/elmetropolitano.com.gt\/es\/wp-json\/wp\/v2\/media\/92221"}],"wp:attachment":[{"href":"https:\/\/elmetropolitano.com.gt\/es\/wp-json\/wp\/v2\/media?parent=92220"}],"wp:term":[{"taxonomy":"category","embeddable":true,"href":"https:\/\/elmetropolitano.com.gt\/es\/wp-json\/wp\/v2\/categories?post=92220"},{"taxonomy":"post_tag","embeddable":true,"href":"https:\/\/elmetropolitano.com.gt\/es\/wp-json\/wp\/v2\/tags?post=92220"}],"curies":[{"name":"wp","href":"https:\/\/api.w.org\/{rel}","templated":true}]}}