{"id":92261,"date":"2024-11-16T09:58:53","date_gmt":"2024-11-16T15:58:53","guid":{"rendered":"https:\/\/elmetropolitano.com.gt\/es\/?p=92261"},"modified":"2024-11-16T09:58:54","modified_gmt":"2024-11-16T15:58:54","slug":"villa-nueva-metrocentro-de-la-bienvenida-hoy-a-la-navidad-con-una-celebracion-magica-para-toda-la-familia","status":"publish","type":"post","link":"https:\/\/elmetropolitano.com.gt\/es\/villa-nueva-metrocentro-de-la-bienvenida-hoy-a-la-navidad-con-una-celebracion-magica-para-toda-la-familia\/","title":{"rendered":"Villa Nueva: Metrocentro de la bienvenida hoy a la Navidad con una celebraci\u00f3n m\u00e1gica para toda la familia"},"content":{"rendered":"\n<p>Metrocentro Villa Nueva dara esta tarde la bienvenida a la Navidad con un evento lleno de magia y sorpresas, dise\u00f1ado para que toda la familia disfrute de momentos inolvidables.<\/p>\n\n\n\n<p>Hoy <a><\/a>a partir de las 4:00 de la tarde, el centro comercial inaugura oficialmente la temporada navide\u00f1a con la emocionante llegada de Santa Claus, quien aterrizar\u00e1 en helic\u00f3ptero en el \u00e1rea verde, brindando un espect\u00e1culo \u00fanico.<\/p><div class=\"elmet-contenido\" id=\"elmet-4044020541\"><div class=\"elmet-adlabel\">Anuncios<\/div><div style=\"margin-top: 20px;margin-right: 20px;margin-bottom: 20px;margin-left: 20px;\" id=\"elmet-1573016179\"><a href=\"https:\/\/www.facebook.com\/arrincuanantigua\/\" aria-label=\"cintillo-arrin-cual\"><img loading=\"lazy\" decoding=\"async\" src=\"https:\/\/elmetropolitano.com.gt\/es\/wp-content\/uploads\/2021\/11\/cintillo-arrin-cual-1.jpg\" alt=\"\"  srcset=\"https:\/\/elmetropolitano.com.gt\/es\/wp-content\/uploads\/2021\/11\/cintillo-arrin-cual-1.jpg 750w, https:\/\/elmetropolitano.com.gt\/es\/wp-content\/uploads\/2021\/11\/cintillo-arrin-cual-1-300x36.jpg 300w, https:\/\/elmetropolitano.com.gt\/es\/wp-content\/uploads\/2021\/11\/cintillo-arrin-cual-1-600x72.jpg 600w\" sizes=\"(max-width: 750px) 100vw, 750px\" width=\"750\" height=\"90\"   \/><\/a><\/div><\/div>\n\n\n\n<p>En la plaza central, a partir de las 6:00 pm, se presentar\u00e1 un espect\u00e1culo navide\u00f1o que llenar\u00e1 el ambiente de alegr\u00eda y esp\u00edritu festivo. Los asistentes tambi\u00e9n podr\u00e1n capturar momentos especiales en el \u00abTren de los Deseos\u00bb, un set de fotograf\u00eda pensado para que familias y amigos se lleven un recuerdo inolvidable de esta \u00e9poca.<\/p>\n\n\n\n<p>La noche cerrar\u00e1 con el tradicional encendido de luces del gran \u00e1rbol navide\u00f1o las 7:00 de la noche en la plaza central, un momento especial que iluminar\u00e1 el centro comercial y dar\u00e1 inicio oficial a las festividades.<\/p>\n\n\n\n<p>\u201cEstamos emocionados de iniciar la temporada navide\u00f1a con este evento tan especial, que promete ser una experiencia m\u00e1gica para toda la familia. Queremos que nuestros visitantes vivan la ilusi\u00f3n y la alegr\u00eda de la Navidad, creando recuerdos inolvidables en un ambiente seguro y lleno de sorpresas\u201d. Karina Ayala, gerente de mercadeo de Metrocentro.<\/p>\n\n\n\n<p>Metrocentro invita a la comunidad a sumarse a esta m\u00e1gica celebraci\u00f3n y disfrutar de una noche llena de ilusi\u00f3n.<\/p>\n\n\n\n<p><a href=\"https:\/\/www.facebook.com\/hashtag\/metrocentrovillanueva?__eep__=6&amp;__cft__[0]=AZX_kDw_HMPtnJYoN0eTc9Un1KK_UrcfOLhu2r9Pp6LJ1vgFviyQ-3UYCpchJBzuirlKFPNDY9t2X0YMgUo1OF_qiIXN8ULDTtYx4lcu8N5KCXt8WFF25mvQ_zNPWTEw8Y21Xt3DYQzfD2BARmiSLzoM6ZB5aZEgAyb42c6QfU7D9Gtka2UIPyE2xoaCWhu04ls&amp;__tn__=*NK-R\">#MetrocentroVillaNueva<\/a><a href=\"https:\/\/www.facebook.com\/hashtag\/metroredes?__eep__=6&amp;__cft__[0]=AZX_kDw_HMPtnJYoN0eTc9Un1KK_UrcfOLhu2r9Pp6LJ1vgFviyQ-3UYCpchJBzuirlKFPNDY9t2X0YMgUo1OF_qiIXN8ULDTtYx4lcu8N5KCXt8WFF25mvQ_zNPWTEw8Y21Xt3DYQzfD2BARmiSLzoM6ZB5aZEgAyb42c6QfU7D9Gtka2UIPyE2xoaCWhu04ls&amp;__tn__=*NK-R\">#metroredes<\/a><a href=\"https:\/\/www.facebook.com\/hashtag\/navidad?__eep__=6&amp;__cft__[0]=AZX_kDw_HMPtnJYoN0eTc9Un1KK_UrcfOLhu2r9Pp6LJ1vgFviyQ-3UYCpchJBzuirlKFPNDY9t2X0YMgUo1OF_qiIXN8ULDTtYx4lcu8N5KCXt8WFF25mvQ_zNPWTEw8Y21Xt3DYQzfD2BARmiSLzoM6ZB5aZEgAyb42c6QfU7D9Gtka2UIPyE2xoaCWhu04ls&amp;__tn__=*NK-R\">#Navidad<\/a><a href=\"https:\/\/www.facebook.com\/hashtag\/metrocentro?__eep__=6&amp;__cft__[0]=AZX_kDw_HMPtnJYoN0eTc9Un1KK_UrcfOLhu2r9Pp6LJ1vgFviyQ-3UYCpchJBzuirlKFPNDY9t2X0YMgUo1OF_qiIXN8ULDTtYx4lcu8N5KCXt8WFF25mvQ_zNPWTEw8Y21Xt3DYQzfD2BARmiSLzoM6ZB5aZEgAyb42c6QfU7D9Gtka2UIPyE2xoaCWhu04ls&amp;__tn__=*NK-R\">#Metrocentro<\/a><a href=\"https:\/\/www.facebook.com\/hashtag\/villanueva?__eep__=6&amp;__cft__[0]=AZX_kDw_HMPtnJYoN0eTc9Un1KK_UrcfOLhu2r9Pp6LJ1vgFviyQ-3UYCpchJBzuirlKFPNDY9t2X0YMgUo1OF_qiIXN8ULDTtYx4lcu8N5KCXt8WFF25mvQ_zNPWTEw8Y21Xt3DYQzfD2BARmiSLzoM6ZB5aZEgAyb42c6QfU7D9Gtka2UIPyE2xoaCWhu04ls&amp;__tn__=*NK-R\">#villanueva<\/a><\/p>\n\n\n\n<figure class=\"wp-block-gallery has-nested-images columns-default is-cropped wp-block-gallery-1 is-layout-flex wp-block-gallery-is-layout-flex\">\n<figure class=\"wp-block-image size-large\"><img loading=\"lazy\" decoding=\"async\" width=\"576\" height=\"1024\" data-id=\"92263\" src=\"https:\/\/elmetropolitano.com.gt\/es\/wp-content\/uploads\/2024\/11\/467186346_1077027177756698_1276331531148771793_n-576x1024.jpg\" alt=\"\" class=\"wp-image-92263\" srcset=\"https:\/\/elmetropolitano.com.gt\/es\/wp-content\/uploads\/2024\/11\/467186346_1077027177756698_1276331531148771793_n-576x1024.jpg 576w, https:\/\/elmetropolitano.com.gt\/es\/wp-content\/uploads\/2024\/11\/467186346_1077027177756698_1276331531148771793_n-169x300.jpg 169w, https:\/\/elmetropolitano.com.gt\/es\/wp-content\/uploads\/2024\/11\/467186346_1077027177756698_1276331531148771793_n-768x1365.jpg 768w, https:\/\/elmetropolitano.com.gt\/es\/wp-content\/uploads\/2024\/11\/467186346_1077027177756698_1276331531148771793_n-864x1536.jpg 864w, https:\/\/elmetropolitano.com.gt\/es\/wp-content\/uploads\/2024\/11\/467186346_1077027177756698_1276331531148771793_n.jpg 900w\" sizes=\"auto, (max-width: 576px) 100vw, 576px\" \/><\/figure>\n\n\n\n<figure class=\"wp-block-image size-large\"><img loading=\"lazy\" decoding=\"async\" width=\"576\" height=\"1024\" data-id=\"92264\" src=\"https:\/\/elmetropolitano.com.gt\/es\/wp-content\/uploads\/2024\/11\/467311407_1077027171090032_7416616945305796845_n-1-576x1024.jpg\" alt=\"\" class=\"wp-image-92264\" srcset=\"https:\/\/elmetropolitano.com.gt\/es\/wp-content\/uploads\/2024\/11\/467311407_1077027171090032_7416616945305796845_n-1-576x1024.jpg 576w, https:\/\/elmetropolitano.com.gt\/es\/wp-content\/uploads\/2024\/11\/467311407_1077027171090032_7416616945305796845_n-1-169x300.jpg 169w, https:\/\/elmetropolitano.com.gt\/es\/wp-content\/uploads\/2024\/11\/467311407_1077027171090032_7416616945305796845_n-1-768x1365.jpg 768w, https:\/\/elmetropolitano.com.gt\/es\/wp-content\/uploads\/2024\/11\/467311407_1077027171090032_7416616945305796845_n-1-864x1536.jpg 864w, https:\/\/elmetropolitano.com.gt\/es\/wp-content\/uploads\/2024\/11\/467311407_1077027171090032_7416616945305796845_n-1.jpg 900w\" sizes=\"auto, (max-width: 576px) 100vw, 576px\" \/><\/figure>\n<\/figure>\n","protected":false},"excerpt":{"rendered":"<p>Metrocentro Villa Nueva dara esta tarde la bienvenida a la Navidad con un evento lleno de magia y sorpresas, dise\u00f1ado para que toda la familia disfrute de momentos inolvidables. Hoy a partir de las 4:00 de la tarde, el centro comercial inaugura oficialmente la temporada navide\u00f1a con la emocionante llegada de Santa Claus, quien aterrizar\u00e1 <a class=\"read-more\" href=\"https:\/\/elmetropolitano.com.gt\/es\/villa-nueva-metrocentro-de-la-bienvenida-hoy-a-la-navidad-con-una-celebracion-magica-para-toda-la-familia\/\">Leer m\u00e1s<\/a><\/p>\n","protected":false},"author":1,"featured_media":92262,"comment_status":"open","ping_status":"closed","sticky":false,"template":"","format":"standard","meta":{"footnotes":""},"categories":[31],"tags":[32],"class_list":["post-92261","post","type-post","status-publish","format-standard","has-post-thumbnail","hentry","category-metroimpulso","tag-metroimpulso"],"_links":{"self":[{"href":"https:\/\/elmetropolitano.com.gt\/es\/wp-json\/wp\/v2\/posts\/92261","targetHints":{"allow":["GET"]}}],"collection":[{"href":"https:\/\/elmetropolitano.com.gt\/es\/wp-json\/wp\/v2\/posts"}],"about":[{"href":"https:\/\/elmetropolitano.com.gt\/es\/wp-json\/wp\/v2\/types\/post"}],"author":[{"embeddable":true,"href":"https:\/\/elmetropolitano.com.gt\/es\/wp-json\/wp\/v2\/users\/1"}],"replies":[{"embeddable":true,"href":"https:\/\/elmetropolitano.com.gt\/es\/wp-json\/wp\/v2\/comments?post=92261"}],"version-history":[{"count":1,"href":"https:\/\/elmetropolitano.com.gt\/es\/wp-json\/wp\/v2\/posts\/92261\/revisions"}],"predecessor-version":[{"id":92265,"href":"https:\/\/elmetropolitano.com.gt\/es\/wp-json\/wp\/v2\/posts\/92261\/revisions\/92265"}],"wp:featuredmedia":[{"embeddable":true,"href":"https:\/\/elmetropolitano.com.gt\/es\/wp-json\/wp\/v2\/media\/92262"}],"wp:attachment":[{"href":"https:\/\/elmetropolitano.com.gt\/es\/wp-json\/wp\/v2\/media?parent=92261"}],"wp:term":[{"taxonomy":"category","embeddable":true,"href":"https:\/\/elmetropolitano.com.gt\/es\/wp-json\/wp\/v2\/categories?post=92261"},{"taxonomy":"post_tag","embeddable":true,"href":"https:\/\/elmetropolitano.com.gt\/es\/wp-json\/wp\/v2\/tags?post=92261"}],"curies":[{"name":"wp","href":"https:\/\/api.w.org\/{rel}","templated":true}]}}